{"id":3311,"date":"2018-08-29T09:26:40","date_gmt":"2018-08-29T09:26:40","guid":{"rendered":"http:\/\/www.pamina-business.com\/?p=3311"},"modified":"2018-08-20T09:37:42","modified_gmt":"2018-08-20T09:37:42","slug":"reden-sie-mit-eu-burgerdialog-zu-europaischen-fordergeldern-am-14-september-2018-in-karlsruhe","status":"publish","type":"post","link":"http:\/\/www.pamina-business.com\/de\/reden-sie-mit-eu-burgerdialog-zu-europaischen-fordergeldern-am-14-september-2018-in-karlsruhe\/","title":{"rendered":"Reden Sie mit! -EU B\u00fcrgerdialog zu Europ\u00e4ischen F\u00f6rdergeldern  am 14. September 2018 in Karlsruhe."},"content":{"rendered":"<div id=\"c5616\">\n<div class=\"ce-textpic ce-right ce-intext\">\n<div class=\"ce-gallery\" data-ce-columns=\"1\" data-ce-images=\"1\">\n<div class=\"ce-row\">\n<div class=\"ce-column\">\n<div class=\"ce-media\">\n<p><a class=\"lightbox\" href=\"https:\/\/technologieregion-karlsruhe.de\/fileadmin\/user_upload\/A6-Postkarte_Buergerdialog_Zukunft_Europa_web_300dpi.jpg\" rel=\"lightbox[1289]\"> <img loading=\"lazy\" decoding=\"async\" class=\"img-responsive col-xs-12 no-left-padding no-right-padding\" src=\"https:\/\/technologieregion-karlsruhe.de\/fileadmin\/_processed_\/0\/5\/csm_A6-Postkarte_Buergerdialog_Zukunft_Europa_web_300dpi_412f258706.jpg\" alt=\"\" width=\"350\" height=\"248\" \/><\/a><\/p>\n<div class=\"icon-container\"><\/div>\n<\/div>\n<\/div>\n<\/div>\n<\/div>\n<div class=\"ce-bodytext\">\n<p>Die Stadt Karlsruhe l\u00e4dt ein zum EU-B\u00fcrgerdialog<\/p>\n<p>Was bringen uns EU-Gelder? Welche Projekte werden hier vor Ort eigentlich von der EU gef\u00f6rdert? Wie sieht die Zukunft der EU-F\u00f6rdermittel aus? Beim EU-B\u00fcrgerdialog k\u00f6nnen Sie diese Fragen mit uns diskutieren und hinter die Kulissen von EU-Projekten schauen.<\/p>\n<p>Die EU unterst\u00fctzt in Karlsruhe und in der Region viele innovative EU-Projekte, unter anderem in den Bereichen:<\/p>\n<ul>\n<li>Klima und Energie, Innovation und Start-ups,<\/li>\n<li>Mobilit\u00e4t und regionale Vernetzung (Europ\u00e4ischer Fonds f\u00fcr Regionalentwicklung, EFRE)<\/li>\n<li>Arbeit und Soziales (Europ\u00e4ischer Sozialfonds, ESF)<\/li>\n<li>grenz\u00fcberschreitende Zusammenarbeit (INTERREG)<\/li>\n<\/ul>\n<p>Die TechnologieRegion Karlsruhe wird auch vertreten sein und zum Thema RegioWIN informieren.<\/p>\n<p>Es erwartet Sie eine abwechslungsreiche und interaktive Veranstaltung: Wir stellen Ihnen Modellprojekte vor und kommen mit Ihnen ins Gespr\u00e4ch. Tauschen Sie sich mit F\u00f6rderexpertinnen und -experten und Projekttr\u00e4gern aus, und bringen Sie Ihre W\u00fcnsche und Vorschl\u00e4ge f\u00fcr die Zukunft der EU-F\u00f6rderpolitik ein. Vernetzen Sie sich abschlie\u00dfend bei einem kleinen Imbiss.<\/p>\n<\/div>\n<\/div>\n<\/div>\n<p><em>Quelle<\/em> : Newsletter N\u00b0 8, August 2018, Technologieregion Karlsruhe<\/p>\n<p><a href=\"http:\/\/www.technologieregion-karlsruhe.de\">www.technologieregion-karlsruhe.de<\/a><\/p>\n<p><em>Kontakt : Die wichtigsten Infos und den aktuellen Stand finden Sie unter <a class=\"external-link-new-window\" href=\"https:\/\/beteiligung.karlsruhe.de\/content\/bbv\/details\/60\/phase\/106\/?tab=0\" target=\"_blank\">beteiligung.karlsruhe.de<\/a>\u00a0oder\u00a0<a class=\"external-link-new-window\" href=\"http:\/\/www.zukunft-europas.eu\" target=\"_blank\">www.zukunft-europas.eu<\/a><br \/>\n<\/em><\/p>\n","protected":false},"excerpt":{"rendered":"<p>Die Stadt Karlsruhe l\u00e4dt ein zum EU-B\u00fcrgerdialog Was bringen uns EU-Gelder? Welche Projekte werden hier vor Ort eigentlich von der EU gef\u00f6rdert? Wie sieht die Zukunft der EU-F\u00f6rdermittel aus? Beim EU-B\u00fcrgerdialog k\u00f6nnen Sie diese Fragen mit uns diskutieren und hinter die Kulissen von EU-Projekten schauen. Die EU unterst\u00fctzt in Karlsruhe und in der Region viele [&hellip;]<\/p>\n","protected":false},"author":3,"featured_media":0,"comment_status":"open","ping_status":"open","sticky":false,"template":"","format":"standard","meta":{"_exactmetrics_skip_tracking":false,"_exactmetrics_sitenote_active":false,"_exactmetrics_sitenote_note":"","_exactmetrics_sitenote_category":0,"footnotes":""},"categories":[59],"tags":[],"class_list":["post-3311","post","type-post","status-publish","format-standard","hentry","category-ereignisse-de"],"yoast_head":"<!-- This site is optimized with the Yoast SEO plugin v23.5 - https:\/\/yoast.com\/wordpress\/plugins\/seo\/ -->\n<title>Reden Sie mit! -EU B\u00fcrgerdialog zu Europ\u00e4ischen F\u00f6rdergeldern am 14. September 2018 in Karlsruhe. - PAMINA Business Club<\/title>\n<meta name=\"robots\" content=\"index, follow, max-snippet:-1, max-image-preview:large, max-video-preview:-1\" \/>\n<link rel=\"canonical\" href=\"http:\/\/www.pamina-business.com\/de\/reden-sie-mit-eu-burgerdialog-zu-europaischen-fordergeldern-am-14-september-2018-in-karlsruhe\/\" \/>\n<meta property=\"og:locale\" content=\"de_DE\" \/>\n<meta property=\"og:type\" content=\"article\" \/>\n<meta property=\"og:title\" content=\"Reden Sie mit! -EU B\u00fcrgerdialog zu Europ\u00e4ischen F\u00f6rdergeldern am 14. September 2018 in Karlsruhe. - PAMINA Business Club\" \/>\n<meta property=\"og:description\" content=\"Die Stadt Karlsruhe l\u00e4dt ein zum EU-B\u00fcrgerdialog Was bringen uns EU-Gelder? Welche Projekte werden hier vor Ort eigentlich von der EU gef\u00f6rdert? Wie sieht die Zukunft der EU-F\u00f6rdermittel aus? Beim EU-B\u00fcrgerdialog k\u00f6nnen Sie diese Fragen mit uns diskutieren und hinter die Kulissen von EU-Projekten schauen. Die EU unterst\u00fctzt in Karlsruhe und in der Region viele [&hellip;]\" \/>\n<meta property=\"og:url\" content=\"http:\/\/www.pamina-business.com\/de\/reden-sie-mit-eu-burgerdialog-zu-europaischen-fordergeldern-am-14-september-2018-in-karlsruhe\/\" \/>\n<meta property=\"og:site_name\" content=\"PAMINA Business Club\" \/>\n<meta property=\"article:published_time\" content=\"2018-08-29T09:26:40+00:00\" \/>\n<meta property=\"article:modified_time\" content=\"2018-08-20T09:37:42+00:00\" \/>\n<meta property=\"og:image\" content=\"https:\/\/technologieregion-karlsruhe.de\/fileadmin\/_processed_\/0\/5\/csm_A6-Postkarte_Buergerdialog_Zukunft_Europa_web_300dpi_412f258706.jpg\" \/>\n<meta name=\"author\" content=\"Monique STUTZMANN\" \/>\n<meta name=\"twitter:card\" content=\"summary_large_image\" \/>\n<meta name=\"twitter:label1\" content=\"Verfasst von\" \/>\n\t<meta name=\"twitter:data1\" content=\"Monique STUTZMANN\" \/>\n\t<meta name=\"twitter:label2\" content=\"Gesch\u00e4tzte Lesezeit\" \/>\n\t<meta name=\"twitter:data2\" content=\"1\u00a0Minute\" \/>\n<script type=\"application\/ld+json\" class=\"yoast-schema-graph\">{\"@context\":\"https:\/\/schema.org\",\"@graph\":[{\"@type\":\"WebPage\",\"@id\":\"http:\/\/www.pamina-business.com\/de\/reden-sie-mit-eu-burgerdialog-zu-europaischen-fordergeldern-am-14-september-2018-in-karlsruhe\/\",\"url\":\"http:\/\/www.pamina-business.com\/de\/reden-sie-mit-eu-burgerdialog-zu-europaischen-fordergeldern-am-14-september-2018-in-karlsruhe\/\",\"name\":\"Reden Sie mit! -EU B\u00fcrgerdialog zu Europ\u00e4ischen F\u00f6rdergeldern am 14. September 2018 in Karlsruhe. - PAMINA Business Club\",\"isPartOf\":{\"@id\":\"http:\/\/www.pamina-business.com\/de\/#website\"},\"primaryImageOfPage\":{\"@id\":\"http:\/\/www.pamina-business.com\/de\/reden-sie-mit-eu-burgerdialog-zu-europaischen-fordergeldern-am-14-september-2018-in-karlsruhe\/#primaryimage\"},\"image\":{\"@id\":\"http:\/\/www.pamina-business.com\/de\/reden-sie-mit-eu-burgerdialog-zu-europaischen-fordergeldern-am-14-september-2018-in-karlsruhe\/#primaryimage\"},\"thumbnailUrl\":\"https:\/\/technologieregion-karlsruhe.de\/fileadmin\/_processed_\/0\/5\/csm_A6-Postkarte_Buergerdialog_Zukunft_Europa_web_300dpi_412f258706.jpg\",\"datePublished\":\"2018-08-29T09:26:40+00:00\",\"dateModified\":\"2018-08-20T09:37:42+00:00\",\"author\":{\"@id\":\"http:\/\/www.pamina-business.com\/de\/#\/schema\/person\/9ab02536dbdbc5e3ef40bbc3452c8c69\"},\"breadcrumb\":{\"@id\":\"http:\/\/www.pamina-business.com\/de\/reden-sie-mit-eu-burgerdialog-zu-europaischen-fordergeldern-am-14-september-2018-in-karlsruhe\/#breadcrumb\"},\"inLanguage\":\"de\",\"potentialAction\":[{\"@type\":\"ReadAction\",\"target\":[\"http:\/\/www.pamina-business.com\/de\/reden-sie-mit-eu-burgerdialog-zu-europaischen-fordergeldern-am-14-september-2018-in-karlsruhe\/\"]}]},{\"@type\":\"ImageObject\",\"inLanguage\":\"de\",\"@id\":\"http:\/\/www.pamina-business.com\/de\/reden-sie-mit-eu-burgerdialog-zu-europaischen-fordergeldern-am-14-september-2018-in-karlsruhe\/#primaryimage\",\"url\":\"https:\/\/technologieregion-karlsruhe.de\/fileadmin\/_processed_\/0\/5\/csm_A6-Postkarte_Buergerdialog_Zukunft_Europa_web_300dpi_412f258706.jpg\",\"contentUrl\":\"https:\/\/technologieregion-karlsruhe.de\/fileadmin\/_processed_\/0\/5\/csm_A6-Postkarte_Buergerdialog_Zukunft_Europa_web_300dpi_412f258706.jpg\"},{\"@type\":\"BreadcrumbList\",\"@id\":\"http:\/\/www.pamina-business.com\/de\/reden-sie-mit-eu-burgerdialog-zu-europaischen-fordergeldern-am-14-september-2018-in-karlsruhe\/#breadcrumb\",\"itemListElement\":[{\"@type\":\"ListItem\",\"position\":1,\"name\":\"Accueil\",\"item\":\"http:\/\/www.pamina-business.com\/de\/\"},{\"@type\":\"ListItem\",\"position\":2,\"name\":\"Reden Sie mit! -EU B\u00fcrgerdialog zu Europ\u00e4ischen F\u00f6rdergeldern am 14. September 2018 in Karlsruhe.\"}]},{\"@type\":\"WebSite\",\"@id\":\"http:\/\/www.pamina-business.com\/de\/#website\",\"url\":\"http:\/\/www.pamina-business.com\/de\/\",\"name\":\"PAMINA Business Club\",\"description\":\"Un site utilisant WordPress\",\"potentialAction\":[{\"@type\":\"SearchAction\",\"target\":{\"@type\":\"EntryPoint\",\"urlTemplate\":\"http:\/\/www.pamina-business.com\/de\/?s={search_term_string}\"},\"query-input\":{\"@type\":\"PropertyValueSpecification\",\"valueRequired\":true,\"valueName\":\"search_term_string\"}}],\"inLanguage\":\"de\"},{\"@type\":\"Person\",\"@id\":\"http:\/\/www.pamina-business.com\/de\/#\/schema\/person\/9ab02536dbdbc5e3ef40bbc3452c8c69\",\"name\":\"Monique STUTZMANN\",\"image\":{\"@type\":\"ImageObject\",\"inLanguage\":\"de\",\"@id\":\"http:\/\/www.pamina-business.com\/de\/#\/schema\/person\/image\/\",\"url\":\"https:\/\/secure.gravatar.com\/avatar\/cc1c3adf9a9f6e969d3da7b6b34ec66f5f4a6844dfc9145380a75e42cd91882e?s=96&d=mm&r=g\",\"contentUrl\":\"https:\/\/secure.gravatar.com\/avatar\/cc1c3adf9a9f6e969d3da7b6b34ec66f5f4a6844dfc9145380a75e42cd91882e?s=96&d=mm&r=g\",\"caption\":\"Monique STUTZMANN\"},\"url\":\"http:\/\/www.pamina-business.com\/de\/author\/monique\/\"}]}<\/script>\n<!-- \/ Yoast SEO plugin. -->","yoast_head_json":{"title":"Reden Sie mit! -EU B\u00fcrgerdialog zu Europ\u00e4ischen F\u00f6rdergeldern am 14. September 2018 in Karlsruhe. - PAMINA Business Club","robots":{"index":"index","follow":"follow","max-snippet":"max-snippet:-1","max-image-preview":"max-image-preview:large","max-video-preview":"max-video-preview:-1"},"canonical":"http:\/\/www.pamina-business.com\/de\/reden-sie-mit-eu-burgerdialog-zu-europaischen-fordergeldern-am-14-september-2018-in-karlsruhe\/","og_locale":"de_DE","og_type":"article","og_title":"Reden Sie mit! -EU B\u00fcrgerdialog zu Europ\u00e4ischen F\u00f6rdergeldern am 14. September 2018 in Karlsruhe. - PAMINA Business Club","og_description":"Die Stadt Karlsruhe l\u00e4dt ein zum EU-B\u00fcrgerdialog Was bringen uns EU-Gelder? Welche Projekte werden hier vor Ort eigentlich von der EU gef\u00f6rdert? Wie sieht die Zukunft der EU-F\u00f6rdermittel aus? Beim EU-B\u00fcrgerdialog k\u00f6nnen Sie diese Fragen mit uns diskutieren und hinter die Kulissen von EU-Projekten schauen. Die EU unterst\u00fctzt in Karlsruhe und in der Region viele [&hellip;]","og_url":"http:\/\/www.pamina-business.com\/de\/reden-sie-mit-eu-burgerdialog-zu-europaischen-fordergeldern-am-14-september-2018-in-karlsruhe\/","og_site_name":"PAMINA Business Club","article_published_time":"2018-08-29T09:26:40+00:00","article_modified_time":"2018-08-20T09:37:42+00:00","og_image":[{"url":"https:\/\/technologieregion-karlsruhe.de\/fileadmin\/_processed_\/0\/5\/csm_A6-Postkarte_Buergerdialog_Zukunft_Europa_web_300dpi_412f258706.jpg"}],"author":"Monique STUTZMANN","twitter_card":"summary_large_image","twitter_misc":{"Verfasst von":"Monique STUTZMANN","Gesch\u00e4tzte Lesezeit":"1\u00a0Minute"},"schema":{"@context":"https:\/\/schema.org","@graph":[{"@type":"WebPage","@id":"http:\/\/www.pamina-business.com\/de\/reden-sie-mit-eu-burgerdialog-zu-europaischen-fordergeldern-am-14-september-2018-in-karlsruhe\/","url":"http:\/\/www.pamina-business.com\/de\/reden-sie-mit-eu-burgerdialog-zu-europaischen-fordergeldern-am-14-september-2018-in-karlsruhe\/","name":"Reden Sie mit! -EU B\u00fcrgerdialog zu Europ\u00e4ischen F\u00f6rdergeldern am 14. September 2018 in Karlsruhe. - PAMINA Business Club","isPartOf":{"@id":"http:\/\/www.pamina-business.com\/de\/#website"},"primaryImageOfPage":{"@id":"http:\/\/www.pamina-business.com\/de\/reden-sie-mit-eu-burgerdialog-zu-europaischen-fordergeldern-am-14-september-2018-in-karlsruhe\/#primaryimage"},"image":{"@id":"http:\/\/www.pamina-business.com\/de\/reden-sie-mit-eu-burgerdialog-zu-europaischen-fordergeldern-am-14-september-2018-in-karlsruhe\/#primaryimage"},"thumbnailUrl":"https:\/\/technologieregion-karlsruhe.de\/fileadmin\/_processed_\/0\/5\/csm_A6-Postkarte_Buergerdialog_Zukunft_Europa_web_300dpi_412f258706.jpg","datePublished":"2018-08-29T09:26:40+00:00","dateModified":"2018-08-20T09:37:42+00:00","author":{"@id":"http:\/\/www.pamina-business.com\/de\/#\/schema\/person\/9ab02536dbdbc5e3ef40bbc3452c8c69"},"breadcrumb":{"@id":"http:\/\/www.pamina-business.com\/de\/reden-sie-mit-eu-burgerdialog-zu-europaischen-fordergeldern-am-14-september-2018-in-karlsruhe\/#breadcrumb"},"inLanguage":"de","potentialAction":[{"@type":"ReadAction","target":["http:\/\/www.pamina-business.com\/de\/reden-sie-mit-eu-burgerdialog-zu-europaischen-fordergeldern-am-14-september-2018-in-karlsruhe\/"]}]},{"@type":"ImageObject","inLanguage":"de","@id":"http:\/\/www.pamina-business.com\/de\/reden-sie-mit-eu-burgerdialog-zu-europaischen-fordergeldern-am-14-september-2018-in-karlsruhe\/#primaryimage","url":"https:\/\/technologieregion-karlsruhe.de\/fileadmin\/_processed_\/0\/5\/csm_A6-Postkarte_Buergerdialog_Zukunft_Europa_web_300dpi_412f258706.jpg","contentUrl":"https:\/\/technologieregion-karlsruhe.de\/fileadmin\/_processed_\/0\/5\/csm_A6-Postkarte_Buergerdialog_Zukunft_Europa_web_300dpi_412f258706.jpg"},{"@type":"BreadcrumbList","@id":"http:\/\/www.pamina-business.com\/de\/reden-sie-mit-eu-burgerdialog-zu-europaischen-fordergeldern-am-14-september-2018-in-karlsruhe\/#breadcrumb","itemListElement":[{"@type":"ListItem","position":1,"name":"Accueil","item":"http:\/\/www.pamina-business.com\/de\/"},{"@type":"ListItem","position":2,"name":"Reden Sie mit! -EU B\u00fcrgerdialog zu Europ\u00e4ischen F\u00f6rdergeldern am 14. September 2018 in Karlsruhe."}]},{"@type":"WebSite","@id":"http:\/\/www.pamina-business.com\/de\/#website","url":"http:\/\/www.pamina-business.com\/de\/","name":"PAMINA Business Club","description":"Un site utilisant WordPress","potentialAction":[{"@type":"SearchAction","target":{"@type":"EntryPoint","urlTemplate":"http:\/\/www.pamina-business.com\/de\/?s={search_term_string}"},"query-input":{"@type":"PropertyValueSpecification","valueRequired":true,"valueName":"search_term_string"}}],"inLanguage":"de"},{"@type":"Person","@id":"http:\/\/www.pamina-business.com\/de\/#\/schema\/person\/9ab02536dbdbc5e3ef40bbc3452c8c69","name":"Monique STUTZMANN","image":{"@type":"ImageObject","inLanguage":"de","@id":"http:\/\/www.pamina-business.com\/de\/#\/schema\/person\/image\/","url":"https:\/\/secure.gravatar.com\/avatar\/cc1c3adf9a9f6e969d3da7b6b34ec66f5f4a6844dfc9145380a75e42cd91882e?s=96&d=mm&r=g","contentUrl":"https:\/\/secure.gravatar.com\/avatar\/cc1c3adf9a9f6e969d3da7b6b34ec66f5f4a6844dfc9145380a75e42cd91882e?s=96&d=mm&r=g","caption":"Monique STUTZMANN"},"url":"http:\/\/www.pamina-business.com\/de\/author\/monique\/"}]}},"_links":{"self":[{"href":"http:\/\/www.pamina-business.com\/de\/wp-json\/wp\/v2\/posts\/3311","targetHints":{"allow":["GET"]}}],"collection":[{"href":"http:\/\/www.pamina-business.com\/de\/wp-json\/wp\/v2\/posts"}],"about":[{"href":"http:\/\/www.pamina-business.com\/de\/wp-json\/wp\/v2\/types\/post"}],"author":[{"embeddable":true,"href":"http:\/\/www.pamina-business.com\/de\/wp-json\/wp\/v2\/users\/3"}],"replies":[{"embeddable":true,"href":"http:\/\/www.pamina-business.com\/de\/wp-json\/wp\/v2\/comments?post=3311"}],"version-history":[{"count":3,"href":"http:\/\/www.pamina-business.com\/de\/wp-json\/wp\/v2\/posts\/3311\/revisions"}],"predecessor-version":[{"id":3314,"href":"http:\/\/www.pamina-business.com\/de\/wp-json\/wp\/v2\/posts\/3311\/revisions\/3314"}],"wp:attachment":[{"href":"http:\/\/www.pamina-business.com\/de\/wp-json\/wp\/v2\/media?parent=3311"}],"wp:term":[{"taxonomy":"category","embeddable":true,"href":"http:\/\/www.pamina-business.com\/de\/wp-json\/wp\/v2\/categories?post=3311"},{"taxonomy":"post_tag","embeddable":true,"href":"http:\/\/www.pamina-business.com\/de\/wp-json\/wp\/v2\/tags?post=3311"}],"curies":[{"name":"wp","href":"https:\/\/api.w.org\/{rel}","templated":true}]}}