{"id":3265,"date":"2018-08-08T07:56:33","date_gmt":"2018-08-08T07:56:33","guid":{"rendered":"http:\/\/www.pamina-business.com\/?p=3265"},"modified":"2018-07-24T07:58:44","modified_gmt":"2018-07-24T07:58:44","slug":"musikfestival-in-wissembourg","status":"publish","type":"post","link":"http:\/\/www.pamina-business.com\/de\/musikfestival-in-wissembourg\/","title":{"rendered":"Musikfestival in Wissembourg."},"content":{"rendered":"<section id=\"mainSection\">\n<div class=\"fmodele tpl_fiche\">\n<div class=\"agendas-fiche\">\n<article class=\"media\">\n<div class=\"media-object\"><img decoding=\"async\" src=\"https:\/\/www.eurodistrict-pamina.eu\/globalflexit\/images\/img_base\/agendas\/835_556_1_festival-international-misique.jpg\" alt=\"14. Internationales Musikfestival Wissembourg\" \/><\/div>\n<div class=\"media-body\">\n<h1 class=\"media-heading\">14. Internationales Musikfestival Wissembourg<\/h1>\n<div class=\"date\">Vom 12 August 2018 bis 02 September 2018<\/div>\n<div class=\"contenu\">Seit 2005 organisiert das Musikfestival Wissembourg Kammermusikkonzerte von h\u00f6chster Qualit\u00e4t, die Musikliebhaber aus ganz Europa in die Grenzregion ziehen.<\/p>\n<p>Das 14. Internationale Musikfestival Wissembourg findet vom 12. August bis 2. September 2018 statt. In diesen drei Wochen finden 24 Konzerte von deutschen, franz\u00f6sischen und internationalen K\u00fcnstlern statt. Hierbei wird ein Schwerpunkt auf junge Musiker gelegt, die in diesem Rahmen die Gelegenheit haben, andere K\u00fcnstler zu treffen und unter professionellen Bedingungen zu arbeiten.<\/p>\n<p>Einer der H\u00f6hepunkte 2018 wird die Pr\u00e4senz des vielfach ausgezeichneten katalanischen Schriftstellers Jaume Cabr\u00e9 sein. Das Festival hat beim russischen Pianisten und Komponisten Nikita Mndoyants ein Streichquartett zu seinen Ehren beauftragt, das in Anwesenheit des Schriftstellers aufgef\u00fchrt wird.<\/p>\n<p>Alle Konzerte finden im Kulturzentrum \u201eLa Nef\u201c in Wissembourg statt. F\u00fcr Kinder sowie Jugendliche unter 18 Jahren ist der Eintritt zu den Konzerten des Festivals kostenlos.<\/p>\n<p>Praktische Informationen und das komplette Programm des Festivals finden Sie auf dessen Homepage: <a class=\"fDefault\" href=\"http:\/\/www.wissembourg-festival.com\/2009\/de\/de-programme.html\" target=\"_blank\">www.wissembourg-festival.com<\/a><\/p>\n<p>Das Projekt wird vom Eurodistrikt PAMINA unterst\u00fctzt.<\/p><\/div>\n<div class=\"contenu\"><em>Quelle<\/em> : <a href=\"http:\/\/www.eurodistrict-pamina.eu\">www.eurodistrict-pamina.eu <\/a><\/div>\n<div class=\"contenu\"><\/div>\n<\/div>\n<\/article>\n<\/div>\n<\/div>\n<\/section>\n","protected":false},"excerpt":{"rendered":"<p>14. Internationales Musikfestival Wissembourg Vom 12 August 2018 bis 02 September 2018 Seit 2005 organisiert das Musikfestival Wissembourg Kammermusikkonzerte von h\u00f6chster Qualit\u00e4t, die Musikliebhaber aus ganz Europa in die Grenzregion ziehen. Das 14. Internationale Musikfestival Wissembourg findet vom 12. August bis 2. September 2018 statt. In diesen drei Wochen finden 24 Konzerte von deutschen, franz\u00f6sischen [&hellip;]<\/p>\n","protected":false},"author":3,"featured_media":0,"comment_status":"open","ping_status":"open","sticky":false,"template":"","format":"standard","meta":{"_exactmetrics_skip_tracking":false,"_exactmetrics_sitenote_active":false,"_exactmetrics_sitenote_note":"","_exactmetrics_sitenote_category":0,"footnotes":""},"categories":[63],"tags":[],"class_list":["post-3265","post","type-post","status-publish","format-standard","hentry","category-tourismus-de"],"yoast_head":"<!-- This site is optimized with the Yoast SEO plugin v23.5 - https:\/\/yoast.com\/wordpress\/plugins\/seo\/ -->\n<title>Musikfestival in Wissembourg. - PAMINA Business Club<\/title>\n<meta name=\"robots\" content=\"index, follow, max-snippet:-1, max-image-preview:large, max-video-preview:-1\" \/>\n<link rel=\"canonical\" href=\"http:\/\/www.pamina-business.com\/de\/musikfestival-in-wissembourg\/\" \/>\n<meta property=\"og:locale\" content=\"de_DE\" \/>\n<meta property=\"og:type\" content=\"article\" \/>\n<meta property=\"og:title\" content=\"Musikfestival in Wissembourg. - PAMINA Business Club\" \/>\n<meta property=\"og:description\" content=\"14. Internationales Musikfestival Wissembourg Vom 12 August 2018 bis 02 September 2018 Seit 2005 organisiert das Musikfestival Wissembourg Kammermusikkonzerte von h\u00f6chster Qualit\u00e4t, die Musikliebhaber aus ganz Europa in die Grenzregion ziehen. Das 14. Internationale Musikfestival Wissembourg findet vom 12. August bis 2. September 2018 statt. In diesen drei Wochen finden 24 Konzerte von deutschen, franz\u00f6sischen [&hellip;]\" \/>\n<meta property=\"og:url\" content=\"http:\/\/www.pamina-business.com\/de\/musikfestival-in-wissembourg\/\" \/>\n<meta property=\"og:site_name\" content=\"PAMINA Business Club\" \/>\n<meta property=\"article:published_time\" content=\"2018-08-08T07:56:33+00:00\" \/>\n<meta property=\"article:modified_time\" content=\"2018-07-24T07:58:44+00:00\" \/>\n<meta property=\"og:image\" content=\"https:\/\/www.eurodistrict-pamina.eu\/globalflexit\/images\/img_base\/agendas\/835_556_1_festival-international-misique.jpg\" \/>\n<meta name=\"author\" content=\"Monique STUTZMANN\" \/>\n<meta name=\"twitter:card\" content=\"summary_large_image\" \/>\n<meta name=\"twitter:label1\" content=\"Verfasst von\" \/>\n\t<meta name=\"twitter:data1\" content=\"Monique STUTZMANN\" \/>\n\t<meta name=\"twitter:label2\" content=\"Gesch\u00e4tzte Lesezeit\" \/>\n\t<meta name=\"twitter:data2\" content=\"1\u00a0Minute\" \/>\n<script type=\"application\/ld+json\" class=\"yoast-schema-graph\">{\"@context\":\"https:\/\/schema.org\",\"@graph\":[{\"@type\":\"WebPage\",\"@id\":\"http:\/\/www.pamina-business.com\/de\/musikfestival-in-wissembourg\/\",\"url\":\"http:\/\/www.pamina-business.com\/de\/musikfestival-in-wissembourg\/\",\"name\":\"Musikfestival in Wissembourg. - PAMINA Business Club\",\"isPartOf\":{\"@id\":\"https:\/\/www.pamina-business.com\/de\/#website\"},\"primaryImageOfPage\":{\"@id\":\"http:\/\/www.pamina-business.com\/de\/musikfestival-in-wissembourg\/#primaryimage\"},\"image\":{\"@id\":\"http:\/\/www.pamina-business.com\/de\/musikfestival-in-wissembourg\/#primaryimage\"},\"thumbnailUrl\":\"https:\/\/www.eurodistrict-pamina.eu\/globalflexit\/images\/img_base\/agendas\/835_556_1_festival-international-misique.jpg\",\"datePublished\":\"2018-08-08T07:56:33+00:00\",\"dateModified\":\"2018-07-24T07:58:44+00:00\",\"author\":{\"@id\":\"https:\/\/www.pamina-business.com\/de\/#\/schema\/person\/9ab02536dbdbc5e3ef40bbc3452c8c69\"},\"breadcrumb\":{\"@id\":\"http:\/\/www.pamina-business.com\/de\/musikfestival-in-wissembourg\/#breadcrumb\"},\"inLanguage\":\"de\",\"potentialAction\":[{\"@type\":\"ReadAction\",\"target\":[\"http:\/\/www.pamina-business.com\/de\/musikfestival-in-wissembourg\/\"]}]},{\"@type\":\"ImageObject\",\"inLanguage\":\"de\",\"@id\":\"http:\/\/www.pamina-business.com\/de\/musikfestival-in-wissembourg\/#primaryimage\",\"url\":\"https:\/\/www.eurodistrict-pamina.eu\/globalflexit\/images\/img_base\/agendas\/835_556_1_festival-international-misique.jpg\",\"contentUrl\":\"https:\/\/www.eurodistrict-pamina.eu\/globalflexit\/images\/img_base\/agendas\/835_556_1_festival-international-misique.jpg\"},{\"@type\":\"BreadcrumbList\",\"@id\":\"http:\/\/www.pamina-business.com\/de\/musikfestival-in-wissembourg\/#breadcrumb\",\"itemListElement\":[{\"@type\":\"ListItem\",\"position\":1,\"name\":\"Accueil\",\"item\":\"https:\/\/www.pamina-business.com\/de\/\"},{\"@type\":\"ListItem\",\"position\":2,\"name\":\"Musikfestival in Wissembourg.\"}]},{\"@type\":\"WebSite\",\"@id\":\"https:\/\/www.pamina-business.com\/de\/#website\",\"url\":\"https:\/\/www.pamina-business.com\/de\/\",\"name\":\"PAMINA Business Club\",\"description\":\"Un site utilisant WordPress\",\"potentialAction\":[{\"@type\":\"SearchAction\",\"target\":{\"@type\":\"EntryPoint\",\"urlTemplate\":\"https:\/\/www.pamina-business.com\/de\/?s={search_term_string}\"},\"query-input\":{\"@type\":\"PropertyValueSpecification\",\"valueRequired\":true,\"valueName\":\"search_term_string\"}}],\"inLanguage\":\"de\"},{\"@type\":\"Person\",\"@id\":\"https:\/\/www.pamina-business.com\/de\/#\/schema\/person\/9ab02536dbdbc5e3ef40bbc3452c8c69\",\"name\":\"Monique STUTZMANN\",\"image\":{\"@type\":\"ImageObject\",\"inLanguage\":\"de\",\"@id\":\"https:\/\/www.pamina-business.com\/de\/#\/schema\/person\/image\/\",\"url\":\"https:\/\/secure.gravatar.com\/avatar\/cc1c3adf9a9f6e969d3da7b6b34ec66f5f4a6844dfc9145380a75e42cd91882e?s=96&d=mm&r=g\",\"contentUrl\":\"https:\/\/secure.gravatar.com\/avatar\/cc1c3adf9a9f6e969d3da7b6b34ec66f5f4a6844dfc9145380a75e42cd91882e?s=96&d=mm&r=g\",\"caption\":\"Monique STUTZMANN\"},\"url\":\"http:\/\/www.pamina-business.com\/de\/author\/monique\/\"}]}<\/script>\n<!-- \/ Yoast SEO plugin. -->","yoast_head_json":{"title":"Musikfestival in Wissembourg. - PAMINA Business Club","robots":{"index":"index","follow":"follow","max-snippet":"max-snippet:-1","max-image-preview":"max-image-preview:large","max-video-preview":"max-video-preview:-1"},"canonical":"http:\/\/www.pamina-business.com\/de\/musikfestival-in-wissembourg\/","og_locale":"de_DE","og_type":"article","og_title":"Musikfestival in Wissembourg. - PAMINA Business Club","og_description":"14. Internationales Musikfestival Wissembourg Vom 12 August 2018 bis 02 September 2018 Seit 2005 organisiert das Musikfestival Wissembourg Kammermusikkonzerte von h\u00f6chster Qualit\u00e4t, die Musikliebhaber aus ganz Europa in die Grenzregion ziehen. Das 14. Internationale Musikfestival Wissembourg findet vom 12. August bis 2. September 2018 statt. In diesen drei Wochen finden 24 Konzerte von deutschen, franz\u00f6sischen [&hellip;]","og_url":"http:\/\/www.pamina-business.com\/de\/musikfestival-in-wissembourg\/","og_site_name":"PAMINA Business Club","article_published_time":"2018-08-08T07:56:33+00:00","article_modified_time":"2018-07-24T07:58:44+00:00","og_image":[{"url":"https:\/\/www.eurodistrict-pamina.eu\/globalflexit\/images\/img_base\/agendas\/835_556_1_festival-international-misique.jpg"}],"author":"Monique STUTZMANN","twitter_card":"summary_large_image","twitter_misc":{"Verfasst von":"Monique STUTZMANN","Gesch\u00e4tzte Lesezeit":"1\u00a0Minute"},"schema":{"@context":"https:\/\/schema.org","@graph":[{"@type":"WebPage","@id":"http:\/\/www.pamina-business.com\/de\/musikfestival-in-wissembourg\/","url":"http:\/\/www.pamina-business.com\/de\/musikfestival-in-wissembourg\/","name":"Musikfestival in Wissembourg. - PAMINA Business Club","isPartOf":{"@id":"https:\/\/www.pamina-business.com\/de\/#website"},"primaryImageOfPage":{"@id":"http:\/\/www.pamina-business.com\/de\/musikfestival-in-wissembourg\/#primaryimage"},"image":{"@id":"http:\/\/www.pamina-business.com\/de\/musikfestival-in-wissembourg\/#primaryimage"},"thumbnailUrl":"https:\/\/www.eurodistrict-pamina.eu\/globalflexit\/images\/img_base\/agendas\/835_556_1_festival-international-misique.jpg","datePublished":"2018-08-08T07:56:33+00:00","dateModified":"2018-07-24T07:58:44+00:00","author":{"@id":"https:\/\/www.pamina-business.com\/de\/#\/schema\/person\/9ab02536dbdbc5e3ef40bbc3452c8c69"},"breadcrumb":{"@id":"http:\/\/www.pamina-business.com\/de\/musikfestival-in-wissembourg\/#breadcrumb"},"inLanguage":"de","potentialAction":[{"@type":"ReadAction","target":["http:\/\/www.pamina-business.com\/de\/musikfestival-in-wissembourg\/"]}]},{"@type":"ImageObject","inLanguage":"de","@id":"http:\/\/www.pamina-business.com\/de\/musikfestival-in-wissembourg\/#primaryimage","url":"https:\/\/www.eurodistrict-pamina.eu\/globalflexit\/images\/img_base\/agendas\/835_556_1_festival-international-misique.jpg","contentUrl":"https:\/\/www.eurodistrict-pamina.eu\/globalflexit\/images\/img_base\/agendas\/835_556_1_festival-international-misique.jpg"},{"@type":"BreadcrumbList","@id":"http:\/\/www.pamina-business.com\/de\/musikfestival-in-wissembourg\/#breadcrumb","itemListElement":[{"@type":"ListItem","position":1,"name":"Accueil","item":"https:\/\/www.pamina-business.com\/de\/"},{"@type":"ListItem","position":2,"name":"Musikfestival in Wissembourg."}]},{"@type":"WebSite","@id":"https:\/\/www.pamina-business.com\/de\/#website","url":"https:\/\/www.pamina-business.com\/de\/","name":"PAMINA Business Club","description":"Un site utilisant WordPress","potentialAction":[{"@type":"SearchAction","target":{"@type":"EntryPoint","urlTemplate":"https:\/\/www.pamina-business.com\/de\/?s={search_term_string}"},"query-input":{"@type":"PropertyValueSpecification","valueRequired":true,"valueName":"search_term_string"}}],"inLanguage":"de"},{"@type":"Person","@id":"https:\/\/www.pamina-business.com\/de\/#\/schema\/person\/9ab02536dbdbc5e3ef40bbc3452c8c69","name":"Monique STUTZMANN","image":{"@type":"ImageObject","inLanguage":"de","@id":"https:\/\/www.pamina-business.com\/de\/#\/schema\/person\/image\/","url":"https:\/\/secure.gravatar.com\/avatar\/cc1c3adf9a9f6e969d3da7b6b34ec66f5f4a6844dfc9145380a75e42cd91882e?s=96&d=mm&r=g","contentUrl":"https:\/\/secure.gravatar.com\/avatar\/cc1c3adf9a9f6e969d3da7b6b34ec66f5f4a6844dfc9145380a75e42cd91882e?s=96&d=mm&r=g","caption":"Monique STUTZMANN"},"url":"http:\/\/www.pamina-business.com\/de\/author\/monique\/"}]}},"_links":{"self":[{"href":"http:\/\/www.pamina-business.com\/de\/wp-json\/wp\/v2\/posts\/3265","targetHints":{"allow":["GET"]}}],"collection":[{"href":"http:\/\/www.pamina-business.com\/de\/wp-json\/wp\/v2\/posts"}],"about":[{"href":"http:\/\/www.pamina-business.com\/de\/wp-json\/wp\/v2\/types\/post"}],"author":[{"embeddable":true,"href":"http:\/\/www.pamina-business.com\/de\/wp-json\/wp\/v2\/users\/3"}],"replies":[{"embeddable":true,"href":"http:\/\/www.pamina-business.com\/de\/wp-json\/wp\/v2\/comments?post=3265"}],"version-history":[{"count":1,"href":"http:\/\/www.pamina-business.com\/de\/wp-json\/wp\/v2\/posts\/3265\/revisions"}],"predecessor-version":[{"id":3266,"href":"http:\/\/www.pamina-business.com\/de\/wp-json\/wp\/v2\/posts\/3265\/revisions\/3266"}],"wp:attachment":[{"href":"http:\/\/www.pamina-business.com\/de\/wp-json\/wp\/v2\/media?parent=3265"}],"wp:term":[{"taxonomy":"category","embeddable":true,"href":"http:\/\/www.pamina-business.com\/de\/wp-json\/wp\/v2\/categories?post=3265"},{"taxonomy":"post_tag","embeddable":true,"href":"http:\/\/www.pamina-business.com\/de\/wp-json\/wp\/v2\/tags?post=3265"}],"curies":[{"name":"wp","href":"https:\/\/api.w.org\/{rel}","templated":true}]}}