{"id":3259,"date":"2018-08-01T07:46:29","date_gmt":"2018-08-01T07:46:29","guid":{"rendered":"http:\/\/www.pamina-business.com\/?p=3259"},"modified":"2018-07-24T07:50:06","modified_gmt":"2018-07-24T07:50:06","slug":"abschlussveranstaltung-theorie-und-praxis-im-tandem-grenzuberschreitende-schuler-projekte-im-pamina-raum","status":"publish","type":"post","link":"http:\/\/www.pamina-business.com\/de\/abschlussveranstaltung-theorie-und-praxis-im-tandem-grenzuberschreitende-schuler-projekte-im-pamina-raum\/","title":{"rendered":"Abschlussveranstaltung: Theorie und Praxis im Tandem \u2013 grenz\u00fcberschreitende Sch\u00fcler-Projekte im PAMINA-Raum."},"content":{"rendered":"<section id=\"mainSection\">\n<div class=\"fmodele tpl_fiche\">\n<div class=\"agendas-fiche\">\n<article class=\"media\">\n<div class=\"media-object\"><img decoding=\"async\" src=\"https:\/\/www.eurodistrict-pamina.eu\/globalflexit\/images\/img_base\/agendas\/835_556_1_teprata-2018-mg-7827.jpg\" alt=\"Abschlussveranstaltung: Theorie und Praxis im Tandem \u2013  grenz\u00fcberschreitende Sch\u00fcler-Projekte im PAMINA-Raum\" \/><\/div>\n<div class=\"media-body\">\n<h1 class=\"media-heading\"><\/h1>\n<div class=\"date\"><\/div>\n<div class=\"contenu\"><span style=\"font-size: medium;\"><span style=\"color: #000000;\"><span class=\"legende\">Photos: Frauhofer ICT Pfinztal<\/span><\/span><\/span><\/p>\n<p>Am Donnerstag, 21. Juni 2018, fand am Fraunhofer Institut f\u00fcr Chemische Technologie ICT in Pfinztal die Abschlussveranstaltung TePraTa statt. Die Projektgruppen pr\u00e4sentierten ihre Ergebnisse vor ihren Auftraggebern und dem Publikum. Partner von TePraTa sind neben dem TheoPrax-Zentrum am Fraunhofer ICT der Eurodistrikt PAMINA, das Rectorat de l&#8217;Acad\u00e9mie de Strasbourg, CCI Alsace Eurom\u00e9tropole, Club \u00c9cole Entreprise, das Regierungspr\u00e4sidium Karlsruhe und die Aufsichts- und Dienstleistungsdirektion (ADD) Neustadt.<\/p>\n<p>Zum ersten Mal bearbeiteten Sch\u00fcler*innen aus drei franz\u00f6sischen und drei deutschen Schulen in deutsch-franz\u00f6sischen Tandems gemeinsam Projekte nach der TheoPrax-Methodik im Angebots-Auftragsverh\u00e4ltnis mit Partnern aus der Wirtschaft. Auf deutscher Seite waren mit dabei\u00a0 das Markgrafen-Gymnasium Karlsruhe, die Berufsbildende Schule S\u00fcdliche Weinstra\u00dfe in Bad Bergzabern und das PAMINA Schulzentrum Herxheim mit seiner Realschule Plus. Partnerschulen auf els\u00e4ssischer Seite waren das Lyc\u00e9e Marc Bloch in Bischheim, das Lyc\u00e9e Stanislas in Wei\u00dfenburg und das Coll\u00e8ge Suzanne Lalique Haviland in Wingen sur Moder. W\u00e4hrend sich die Sch\u00fcler aus Karlsruhe und Bischheim in ihrem Projekt im Auftrag der Firma TRUMPF Machines SARL in Haguenau mit der hydraulischen Einspannung gro\u00dfer Metall-Maschinenk\u00f6rper besch\u00e4ftigten, sollten die Sch\u00fcler aus Bad Bergzabern und Wei\u00dfenburg\u00a0 einen speziellen Handy-Halter f\u00fcr die Firma Tenneco GmbH in Edenkoben entwickeln und bauen. Das dritte Tandem, die Sch\u00fcler aus Herxheim und Wingen sur Moder, hatten sich das Thema \u201eWasser und Wasserversorgung heute und morgen\u201c\u00a0 vorgenommen, das sie im Auftrag der TheoPrax Stiftung und der Verbandsgemeinde Herxheim bearbeiteten.<\/p>\n<p><img decoding=\"async\" src=\"https:\/\/www.eurodistrict-pamina.eu\/globalflexit\/images\/UserFiles\/Image\/formation\/2500_1666_1_teprata-2018-mg-7730.jpg\" \/><\/p>\n<p>Das Mikro-Projekt Theorie und Praxis im Tandem, kurz TePraTa, wird von der europ\u00e4ischen Union und ihrem Europ\u00e4ischen Fonds f\u00fcr regionale Entwicklung gef\u00f6rdert. Es hat zum Ziel, dass junge Menschen den PAMINA-Raum als ihren gemeinsamen Lebensraum erkennen und nutzen, kulturelle und sprachliche Barrieren abbauen und bei ihrer sp\u00e4teren Berufs- und Arbeitsplatzwahl offen sind f\u00fcr Angebote der gesamten Region. Diese Form der grenz\u00fcberschreitenden Zusammenarbeit von Sch\u00fcler*innen miteinander und gleichzeitig mit Unternehmen\/Betrieben aus der Grenzregion hat Alleinstellungscharakter.<\/p>\n<p><img decoding=\"async\" src=\"https:\/\/www.eurodistrict-pamina.eu\/globalflexit\/images\/UserFiles\/Image\/formation\/2500_1666_1_teprata-2018-mg-7853.jpg\" \/><\/p>\n<p><span style=\"color: #000000;\"><span style=\"font-size: medium;\">F\u00fcr die Sch\u00fcler*innen und ihre betreuenden Lehrkr\u00e4fte gab es besondere Herausforderungen: Einmal zu lernen, wie Projekte gemanaget werden, wie ein Angebot richtig formuliert wird mit Zeit- und Kostenplan und das in Deutsch und Franz\u00f6sisch. Zum anderen aber, wie kommunizieren wir miteinander, wie und mit welchen Medien k\u00f6nnen (und d\u00fcrfen) wir uns absprechen, wie verteilen wir die Arbeitspakete, wie \u00fcberwinden wir die Sprachbarriere?<\/span><\/span><\/div>\n<div class=\"contenu\"><\/div>\n<div class=\"contenu\"><em>Quelle :<\/em><a href=\"http:\/\/www.eurodistrict-pamina.eu\"> www.eurodistrict-pamina.eu <\/a><\/div>\n<div class=\"contenu\">\n<p><img decoding=\"async\" src=\"https:\/\/www.eurodistrict-pamina.eu\/globalflexit\/images\/UserFiles\/Image\/formation\/2500_1666_1_teprata-2018-mg-7730.jpg\" \/><\/div>\n<\/div>\n<\/article>\n<\/div>\n<\/div>\n<\/section>\n<div id=\"innerType\">\n<div class=\"container\">\n<div class=\"row\">\n<div class=\"col-xs-12 col-sm-9\">\n<div class=\"col-right\">\n<section id=\"mainSection\">\n<div class=\"btn-ico-wrapper\"><a class=\"btn-ico btn-ico-downloadpdf\" title=\"Seite im PDF-Format herunterladen\" href=\"https:\/\/www.eurodistrict-pamina.eu\/de\/aus-und-weiterbildung\/abschlussveranstaltung-theorie-und-praxis-im-tandem-grenzuberschreitende-schuler-projekte-im-pamina-raum_-d.html?downloadpdf=1\" target=\"_blank\" rel=\"nofollow\">PDF<\/a> <a class=\"btn-ico btn-ico-print\" title=\"Seite drucken\">Print<\/a><\/div>\n<\/section>\n<\/div>\n<\/div>\n<\/div>\n<\/div>\n<\/div>\n<footer id=\"mainFooter\">\n<div class=\"container\">\n<div class=\"row\">\n<div class=\"col-xs-12 col-sm-8\"><a class=\"contacts \" title=\"Kontakt\" href=\"https:\/\/www.eurodistrict-pamina.eu\/de\/kontakt.html\" data-equalize=\"col-footer\"><span class=\"line-1\">Sie m\u00f6chten uns<\/span><span class=\"line-2\">kontaktieren<\/span><span class=\"line-3\">hier klicken<\/span><\/a><\/div>\n<div class=\"col-xs-12 col-sm-4\"><a class=\"videos\" title=\"Videos\" href=\"https:\/\/www.eurodistrict-pamina.eu\/de\/videos.html\" data-equalize=\"col-footer\"><span class=\"line-1\">Videos<\/span><span class=\"line-2\">Entdecken Sie alle unsere<\/span><\/a><\/div>\n<\/div>\n<\/div>\n<\/footer>\n","protected":false},"excerpt":{"rendered":"<p>Photos: Frauhofer ICT Pfinztal Am Donnerstag, 21. Juni 2018, fand am Fraunhofer Institut f\u00fcr Chemische Technologie ICT in Pfinztal die Abschlussveranstaltung TePraTa statt. Die Projektgruppen pr\u00e4sentierten ihre Ergebnisse vor ihren Auftraggebern und dem Publikum. Partner von TePraTa sind neben dem TheoPrax-Zentrum am Fraunhofer ICT der Eurodistrikt PAMINA, das Rectorat de l&#8217;Acad\u00e9mie de Strasbourg, CCI Alsace [&hellip;]<\/p>\n","protected":false},"author":3,"featured_media":0,"comment_status":"open","ping_status":"open","sticky":false,"template":"","format":"standard","meta":{"_exactmetrics_skip_tracking":false,"_exactmetrics_sitenote_active":false,"_exactmetrics_sitenote_note":"","_exactmetrics_sitenote_category":0,"footnotes":""},"categories":[57],"tags":[],"class_list":["post-3259","post","type-post","status-publish","format-standard","hentry","category-berufsbildung-de"],"yoast_head":"<!-- This site is optimized with the Yoast SEO plugin v23.5 - https:\/\/yoast.com\/wordpress\/plugins\/seo\/ -->\n<title>Abschlussveranstaltung: Theorie und Praxis im Tandem \u2013 grenz\u00fcberschreitende Sch\u00fcler-Projekte im PAMINA-Raum. - PAMINA Business Club<\/title>\n<meta name=\"robots\" content=\"index, follow, max-snippet:-1, max-image-preview:large, max-video-preview:-1\" \/>\n<link rel=\"canonical\" href=\"http:\/\/www.pamina-business.com\/de\/abschlussveranstaltung-theorie-und-praxis-im-tandem-grenzuberschreitende-schuler-projekte-im-pamina-raum\/\" \/>\n<meta property=\"og:locale\" content=\"de_DE\" \/>\n<meta property=\"og:type\" content=\"article\" \/>\n<meta property=\"og:title\" content=\"Abschlussveranstaltung: Theorie und Praxis im Tandem \u2013 grenz\u00fcberschreitende Sch\u00fcler-Projekte im PAMINA-Raum. - PAMINA Business Club\" \/>\n<meta property=\"og:description\" content=\"Photos: Frauhofer ICT Pfinztal Am Donnerstag, 21. Juni 2018, fand am Fraunhofer Institut f\u00fcr Chemische Technologie ICT in Pfinztal die Abschlussveranstaltung TePraTa statt. Die Projektgruppen pr\u00e4sentierten ihre Ergebnisse vor ihren Auftraggebern und dem Publikum. Partner von TePraTa sind neben dem TheoPrax-Zentrum am Fraunhofer ICT der Eurodistrikt PAMINA, das Rectorat de l&#8217;Acad\u00e9mie de Strasbourg, CCI Alsace [&hellip;]\" \/>\n<meta property=\"og:url\" content=\"http:\/\/www.pamina-business.com\/de\/abschlussveranstaltung-theorie-und-praxis-im-tandem-grenzuberschreitende-schuler-projekte-im-pamina-raum\/\" \/>\n<meta property=\"og:site_name\" content=\"PAMINA Business Club\" \/>\n<meta property=\"article:published_time\" content=\"2018-08-01T07:46:29+00:00\" \/>\n<meta property=\"article:modified_time\" content=\"2018-07-24T07:50:06+00:00\" \/>\n<meta property=\"og:image\" content=\"https:\/\/www.eurodistrict-pamina.eu\/globalflexit\/images\/img_base\/agendas\/835_556_1_teprata-2018-mg-7827.jpg\" \/>\n<meta name=\"author\" content=\"Monique STUTZMANN\" \/>\n<meta name=\"twitter:card\" content=\"summary_large_image\" \/>\n<meta name=\"twitter:label1\" content=\"Verfasst von\" \/>\n\t<meta name=\"twitter:data1\" content=\"Monique STUTZMANN\" \/>\n\t<meta name=\"twitter:label2\" content=\"Gesch\u00e4tzte Lesezeit\" \/>\n\t<meta name=\"twitter:data2\" content=\"2\u00a0Minuten\" \/>\n<script type=\"application\/ld+json\" class=\"yoast-schema-graph\">{\"@context\":\"https:\/\/schema.org\",\"@graph\":[{\"@type\":\"WebPage\",\"@id\":\"http:\/\/www.pamina-business.com\/de\/abschlussveranstaltung-theorie-und-praxis-im-tandem-grenzuberschreitende-schuler-projekte-im-pamina-raum\/\",\"url\":\"http:\/\/www.pamina-business.com\/de\/abschlussveranstaltung-theorie-und-praxis-im-tandem-grenzuberschreitende-schuler-projekte-im-pamina-raum\/\",\"name\":\"Abschlussveranstaltung: Theorie und Praxis im Tandem \u2013 grenz\u00fcberschreitende Sch\u00fcler-Projekte im PAMINA-Raum. - PAMINA Business Club\",\"isPartOf\":{\"@id\":\"http:\/\/www.pamina-business.com\/de\/#website\"},\"primaryImageOfPage\":{\"@id\":\"http:\/\/www.pamina-business.com\/de\/abschlussveranstaltung-theorie-und-praxis-im-tandem-grenzuberschreitende-schuler-projekte-im-pamina-raum\/#primaryimage\"},\"image\":{\"@id\":\"http:\/\/www.pamina-business.com\/de\/abschlussveranstaltung-theorie-und-praxis-im-tandem-grenzuberschreitende-schuler-projekte-im-pamina-raum\/#primaryimage\"},\"thumbnailUrl\":\"https:\/\/www.eurodistrict-pamina.eu\/globalflexit\/images\/img_base\/agendas\/835_556_1_teprata-2018-mg-7827.jpg\",\"datePublished\":\"2018-08-01T07:46:29+00:00\",\"dateModified\":\"2018-07-24T07:50:06+00:00\",\"author\":{\"@id\":\"http:\/\/www.pamina-business.com\/de\/#\/schema\/person\/9ab02536dbdbc5e3ef40bbc3452c8c69\"},\"breadcrumb\":{\"@id\":\"http:\/\/www.pamina-business.com\/de\/abschlussveranstaltung-theorie-und-praxis-im-tandem-grenzuberschreitende-schuler-projekte-im-pamina-raum\/#breadcrumb\"},\"inLanguage\":\"de\",\"potentialAction\":[{\"@type\":\"ReadAction\",\"target\":[\"http:\/\/www.pamina-business.com\/de\/abschlussveranstaltung-theorie-und-praxis-im-tandem-grenzuberschreitende-schuler-projekte-im-pamina-raum\/\"]}]},{\"@type\":\"ImageObject\",\"inLanguage\":\"de\",\"@id\":\"http:\/\/www.pamina-business.com\/de\/abschlussveranstaltung-theorie-und-praxis-im-tandem-grenzuberschreitende-schuler-projekte-im-pamina-raum\/#primaryimage\",\"url\":\"https:\/\/www.eurodistrict-pamina.eu\/globalflexit\/images\/img_base\/agendas\/835_556_1_teprata-2018-mg-7827.jpg\",\"contentUrl\":\"https:\/\/www.eurodistrict-pamina.eu\/globalflexit\/images\/img_base\/agendas\/835_556_1_teprata-2018-mg-7827.jpg\"},{\"@type\":\"BreadcrumbList\",\"@id\":\"http:\/\/www.pamina-business.com\/de\/abschlussveranstaltung-theorie-und-praxis-im-tandem-grenzuberschreitende-schuler-projekte-im-pamina-raum\/#breadcrumb\",\"itemListElement\":[{\"@type\":\"ListItem\",\"position\":1,\"name\":\"Accueil\",\"item\":\"http:\/\/www.pamina-business.com\/de\/\"},{\"@type\":\"ListItem\",\"position\":2,\"name\":\"Abschlussveranstaltung: Theorie und Praxis im Tandem \u2013 grenz\u00fcberschreitende Sch\u00fcler-Projekte im PAMINA-Raum.\"}]},{\"@type\":\"WebSite\",\"@id\":\"http:\/\/www.pamina-business.com\/de\/#website\",\"url\":\"http:\/\/www.pamina-business.com\/de\/\",\"name\":\"PAMINA Business Club\",\"description\":\"Un site utilisant WordPress\",\"potentialAction\":[{\"@type\":\"SearchAction\",\"target\":{\"@type\":\"EntryPoint\",\"urlTemplate\":\"http:\/\/www.pamina-business.com\/de\/?s={search_term_string}\"},\"query-input\":{\"@type\":\"PropertyValueSpecification\",\"valueRequired\":true,\"valueName\":\"search_term_string\"}}],\"inLanguage\":\"de\"},{\"@type\":\"Person\",\"@id\":\"http:\/\/www.pamina-business.com\/de\/#\/schema\/person\/9ab02536dbdbc5e3ef40bbc3452c8c69\",\"name\":\"Monique STUTZMANN\",\"image\":{\"@type\":\"ImageObject\",\"inLanguage\":\"de\",\"@id\":\"http:\/\/www.pamina-business.com\/de\/#\/schema\/person\/image\/\",\"url\":\"https:\/\/secure.gravatar.com\/avatar\/cc1c3adf9a9f6e969d3da7b6b34ec66f5f4a6844dfc9145380a75e42cd91882e?s=96&d=mm&r=g\",\"contentUrl\":\"https:\/\/secure.gravatar.com\/avatar\/cc1c3adf9a9f6e969d3da7b6b34ec66f5f4a6844dfc9145380a75e42cd91882e?s=96&d=mm&r=g\",\"caption\":\"Monique STUTZMANN\"},\"url\":\"http:\/\/www.pamina-business.com\/de\/author\/monique\/\"}]}<\/script>\n<!-- \/ Yoast SEO plugin. -->","yoast_head_json":{"title":"Abschlussveranstaltung: Theorie und Praxis im Tandem \u2013 grenz\u00fcberschreitende Sch\u00fcler-Projekte im PAMINA-Raum. - PAMINA Business Club","robots":{"index":"index","follow":"follow","max-snippet":"max-snippet:-1","max-image-preview":"max-image-preview:large","max-video-preview":"max-video-preview:-1"},"canonical":"http:\/\/www.pamina-business.com\/de\/abschlussveranstaltung-theorie-und-praxis-im-tandem-grenzuberschreitende-schuler-projekte-im-pamina-raum\/","og_locale":"de_DE","og_type":"article","og_title":"Abschlussveranstaltung: Theorie und Praxis im Tandem \u2013 grenz\u00fcberschreitende Sch\u00fcler-Projekte im PAMINA-Raum. - PAMINA Business Club","og_description":"Photos: Frauhofer ICT Pfinztal Am Donnerstag, 21. Juni 2018, fand am Fraunhofer Institut f\u00fcr Chemische Technologie ICT in Pfinztal die Abschlussveranstaltung TePraTa statt. Die Projektgruppen pr\u00e4sentierten ihre Ergebnisse vor ihren Auftraggebern und dem Publikum. Partner von TePraTa sind neben dem TheoPrax-Zentrum am Fraunhofer ICT der Eurodistrikt PAMINA, das Rectorat de l&#8217;Acad\u00e9mie de Strasbourg, CCI Alsace [&hellip;]","og_url":"http:\/\/www.pamina-business.com\/de\/abschlussveranstaltung-theorie-und-praxis-im-tandem-grenzuberschreitende-schuler-projekte-im-pamina-raum\/","og_site_name":"PAMINA Business Club","article_published_time":"2018-08-01T07:46:29+00:00","article_modified_time":"2018-07-24T07:50:06+00:00","og_image":[{"url":"https:\/\/www.eurodistrict-pamina.eu\/globalflexit\/images\/img_base\/agendas\/835_556_1_teprata-2018-mg-7827.jpg"}],"author":"Monique STUTZMANN","twitter_card":"summary_large_image","twitter_misc":{"Verfasst von":"Monique STUTZMANN","Gesch\u00e4tzte Lesezeit":"2\u00a0Minuten"},"schema":{"@context":"https:\/\/schema.org","@graph":[{"@type":"WebPage","@id":"http:\/\/www.pamina-business.com\/de\/abschlussveranstaltung-theorie-und-praxis-im-tandem-grenzuberschreitende-schuler-projekte-im-pamina-raum\/","url":"http:\/\/www.pamina-business.com\/de\/abschlussveranstaltung-theorie-und-praxis-im-tandem-grenzuberschreitende-schuler-projekte-im-pamina-raum\/","name":"Abschlussveranstaltung: Theorie und Praxis im Tandem \u2013 grenz\u00fcberschreitende Sch\u00fcler-Projekte im PAMINA-Raum. - PAMINA Business Club","isPartOf":{"@id":"http:\/\/www.pamina-business.com\/de\/#website"},"primaryImageOfPage":{"@id":"http:\/\/www.pamina-business.com\/de\/abschlussveranstaltung-theorie-und-praxis-im-tandem-grenzuberschreitende-schuler-projekte-im-pamina-raum\/#primaryimage"},"image":{"@id":"http:\/\/www.pamina-business.com\/de\/abschlussveranstaltung-theorie-und-praxis-im-tandem-grenzuberschreitende-schuler-projekte-im-pamina-raum\/#primaryimage"},"thumbnailUrl":"https:\/\/www.eurodistrict-pamina.eu\/globalflexit\/images\/img_base\/agendas\/835_556_1_teprata-2018-mg-7827.jpg","datePublished":"2018-08-01T07:46:29+00:00","dateModified":"2018-07-24T07:50:06+00:00","author":{"@id":"http:\/\/www.pamina-business.com\/de\/#\/schema\/person\/9ab02536dbdbc5e3ef40bbc3452c8c69"},"breadcrumb":{"@id":"http:\/\/www.pamina-business.com\/de\/abschlussveranstaltung-theorie-und-praxis-im-tandem-grenzuberschreitende-schuler-projekte-im-pamina-raum\/#breadcrumb"},"inLanguage":"de","potentialAction":[{"@type":"ReadAction","target":["http:\/\/www.pamina-business.com\/de\/abschlussveranstaltung-theorie-und-praxis-im-tandem-grenzuberschreitende-schuler-projekte-im-pamina-raum\/"]}]},{"@type":"ImageObject","inLanguage":"de","@id":"http:\/\/www.pamina-business.com\/de\/abschlussveranstaltung-theorie-und-praxis-im-tandem-grenzuberschreitende-schuler-projekte-im-pamina-raum\/#primaryimage","url":"https:\/\/www.eurodistrict-pamina.eu\/globalflexit\/images\/img_base\/agendas\/835_556_1_teprata-2018-mg-7827.jpg","contentUrl":"https:\/\/www.eurodistrict-pamina.eu\/globalflexit\/images\/img_base\/agendas\/835_556_1_teprata-2018-mg-7827.jpg"},{"@type":"BreadcrumbList","@id":"http:\/\/www.pamina-business.com\/de\/abschlussveranstaltung-theorie-und-praxis-im-tandem-grenzuberschreitende-schuler-projekte-im-pamina-raum\/#breadcrumb","itemListElement":[{"@type":"ListItem","position":1,"name":"Accueil","item":"http:\/\/www.pamina-business.com\/de\/"},{"@type":"ListItem","position":2,"name":"Abschlussveranstaltung: Theorie und Praxis im Tandem \u2013 grenz\u00fcberschreitende Sch\u00fcler-Projekte im PAMINA-Raum."}]},{"@type":"WebSite","@id":"http:\/\/www.pamina-business.com\/de\/#website","url":"http:\/\/www.pamina-business.com\/de\/","name":"PAMINA Business Club","description":"Un site utilisant WordPress","potentialAction":[{"@type":"SearchAction","target":{"@type":"EntryPoint","urlTemplate":"http:\/\/www.pamina-business.com\/de\/?s={search_term_string}"},"query-input":{"@type":"PropertyValueSpecification","valueRequired":true,"valueName":"search_term_string"}}],"inLanguage":"de"},{"@type":"Person","@id":"http:\/\/www.pamina-business.com\/de\/#\/schema\/person\/9ab02536dbdbc5e3ef40bbc3452c8c69","name":"Monique STUTZMANN","image":{"@type":"ImageObject","inLanguage":"de","@id":"http:\/\/www.pamina-business.com\/de\/#\/schema\/person\/image\/","url":"https:\/\/secure.gravatar.com\/avatar\/cc1c3adf9a9f6e969d3da7b6b34ec66f5f4a6844dfc9145380a75e42cd91882e?s=96&d=mm&r=g","contentUrl":"https:\/\/secure.gravatar.com\/avatar\/cc1c3adf9a9f6e969d3da7b6b34ec66f5f4a6844dfc9145380a75e42cd91882e?s=96&d=mm&r=g","caption":"Monique STUTZMANN"},"url":"http:\/\/www.pamina-business.com\/de\/author\/monique\/"}]}},"_links":{"self":[{"href":"http:\/\/www.pamina-business.com\/de\/wp-json\/wp\/v2\/posts\/3259","targetHints":{"allow":["GET"]}}],"collection":[{"href":"http:\/\/www.pamina-business.com\/de\/wp-json\/wp\/v2\/posts"}],"about":[{"href":"http:\/\/www.pamina-business.com\/de\/wp-json\/wp\/v2\/types\/post"}],"author":[{"embeddable":true,"href":"http:\/\/www.pamina-business.com\/de\/wp-json\/wp\/v2\/users\/3"}],"replies":[{"embeddable":true,"href":"http:\/\/www.pamina-business.com\/de\/wp-json\/wp\/v2\/comments?post=3259"}],"version-history":[{"count":1,"href":"http:\/\/www.pamina-business.com\/de\/wp-json\/wp\/v2\/posts\/3259\/revisions"}],"predecessor-version":[{"id":3260,"href":"http:\/\/www.pamina-business.com\/de\/wp-json\/wp\/v2\/posts\/3259\/revisions\/3260"}],"wp:attachment":[{"href":"http:\/\/www.pamina-business.com\/de\/wp-json\/wp\/v2\/media?parent=3259"}],"wp:term":[{"taxonomy":"category","embeddable":true,"href":"http:\/\/www.pamina-business.com\/de\/wp-json\/wp\/v2\/categories?post=3259"},{"taxonomy":"post_tag","embeddable":true,"href":"http:\/\/www.pamina-business.com\/de\/wp-json\/wp\/v2\/tags?post=3259"}],"curies":[{"name":"wp","href":"https:\/\/api.w.org\/{rel}","templated":true}]}}