{"id":3179,"date":"2018-06-22T12:55:16","date_gmt":"2018-06-22T12:55:16","guid":{"rendered":"http:\/\/www.pamina-business.com\/?p=3179"},"modified":"2018-06-05T13:00:24","modified_gmt":"2018-06-05T13:00:24","slug":"workshop-am-25-april-2018-mit-der-europaischen-kommission","status":"publish","type":"post","link":"http:\/\/www.pamina-business.com\/de\/workshop-am-25-april-2018-mit-der-europaischen-kommission\/","title":{"rendered":"Workshop am 25. April 2018 mit der Europ\u00e4ischen Kommission"},"content":{"rendered":"<section id=\"mainSection\">\n<div class=\"fmodele tpl_fiche\">\n<div class=\"agendas-fiche\">\n<article class=\"media\">\n<div class=\"media-object\"><img decoding=\"async\" src=\"http:\/\/www.eurodistrict-pamina.eu\/globalflexit\/images\/img_base\/agendas\/835_556_1_737947-original-r-k-b-by-tim-reckmann-pixeliode.jpg\" alt=\"Workshop mit der Europ\u00e4ischen Kommission zu Informationsbed\u00fcrfnissen von B\u00fcrgern und Unternehmen in der deutsch-franz\u00f6sischen Grenzregion\" \/><\/div>\n<div class=\"media-body\">\n<h1 class=\"media-heading\">Informationsbed\u00fcrfnissen von B\u00fcrgern und Unternehmen in der deutsch-franz\u00f6sischen Grenzregion<\/h1>\n<div class=\"date\"><\/div>\n<div class=\"contenu\">Am 25. April 2018 organisierte der EVTZ Eurodistrikt PAMINA in Kooperation mit der Generaldirektion Binnenmarkt, Industrie, Unternehmertum und KMU der Europ\u00e4ischen Kommission\u00a0 im ZKM in Karlsruhe einen grenz\u00fcberschreitenden Workshop. Das Arbeitstreffen vereinigte \u00fcber 20 Expertinnen und Experten aus verschiedenen Bereichen der grenz\u00fcberschreitenden Zusammenarbeit, die dazu eingeladen waren, gemeinsam \u00fcber die Verbesserung der bestehenden Informationsangebote f\u00fcr B\u00fcrger und Unternehmen zu diskutieren.<\/p>\n<p>Zu Beginn der Veranstaltung wurden durch die Vertreter der Europ\u00e4ischen Kommission das Single Digital Gateway, eine EU-Initiative f\u00fcr ein zentrales digitales Zugangstor pr\u00e4sentiert. Ziel dieser Initiative ist es, Unionsb\u00fcrgern, die in einem anderen EU-Land leben, arbeiten oder Gesch\u00e4fte machen, einen einfacheren Informationszugang zu bieten. Die zumeist nationalen Verfahren sollen hierf\u00fcr verst\u00e4rkt digitalisiert und die grenz\u00fcberschreitende Kommunikation zwischen den zust\u00e4ndigen Beh\u00f6rden verbessert werden. <a class=\"fDefault\" href=\"http:\/\/www.consilium.europa.eu\/de\/press\/press-releases\/2017\/11\/30\/digital-single-gateway-council-agrees-to-make-access-to-information-and-services-easier\/\" target=\"_blank\">F\u00fcr weitere Informationen klicken Sie hier<\/a>.<\/p>\n<p>Beim regionalen Workshop in Karlsruhe tauschten sich die Teilnehmer in den vier Themengruppen\u00a0 Arbeit und Ruhestand in der Europ\u00e4ischen Union, Gesundheit, Verbraucher in einem grenz\u00fcberschreitenden Kontext und Personal zun\u00e4chst \u00fcber die h\u00e4ufigsten Anliegen von B\u00fcrgern und Betrieben an der deutsch-franz\u00f6sischen Grenze und im Gebiet des Eurodistrikt PAMINA aus. Anschlie\u00dfend diskutierten die Experten innerhalb der fachspezifischen Kleingruppen \u00fcber das Portal \u201eIhr Europa\u201c und diesbez\u00fcgliche Verbesserungsm\u00f6glichkeiten, insbesondere im Hinblick auf Nutzer aus der Grenzregion. Das Internet-Portal informiert online zu den vier Themenfeldern des Workshops sowie 12 weiteren Bereichen.<\/p>\n<p>Eine abschlie\u00dfende Runde bot die Gelegenheit, einen allgemeineren Blick auf digitale Informationsangebote zu werfen und verschiedene Aspekte wie bspw. den Datenschutz oder die Nutzung von animierten \u201eInformationsvideos\u201c zu besprechen.<\/p>\n<p>Ute Wein von der Generaldirektion Binnenmarkt zeigte sich vom grenz\u00fcberschreitenden Feedback der Experten beeindruckt: \u201eDas breite Spektrum an Expertinnen und Experten sowie deren fundierten Kenntnisse \u00fcber grenz\u00fcberschreitende Problemstellungen und Informationsangebote hat die Diskussionen unheimlich bereichert. Wir werden mit vielen<\/p>\n<p>neuen Ideen und Impulsen f\u00fcr unsere Arbeiten am zentralen digitalen Zugangstor nach Br\u00fcssel zur\u00fcckkehren.\u201c<\/p>\n<p>\u00c4hnlich positiv war die Resonanz auf Seiten der Teilnehmer. \u201eDer Workshop war eine tolle Gelegenheit, um sich mit anderen Fachleuten aus der grenz\u00fcberschreitenden Region auszutauschen und die Erfahrungen, die wir vor Ort machen, direkt an die EU-Ebene weiterzugeben\u201c, so Anne Dussap vom Kompetenzzentrum zur Optimierung der grenz\u00fcberschreitenden Zusammenarbeit im Gesundheitsbereich am Oberrhein.<\/p>\n<p>Wissenswert: Am Oberrhein und im Eurodistrikt PAMINA gibt es bereits spezifische Informations- und Beratungsangebote f\u00fcr Privatpersonen und Unternehmen; bekannt sind insbesondere des Europ\u00e4ische Verbraucherzentrum und die <a class=\"fDefault\" href=\"http:\/\/infobest.eu\/\" target=\"_blank\">INFOBEST-Stellen<\/a>, welche im Internet und vor Ort informieren und unterst\u00fctzen. Bei der <a class=\"fDefault\" title=\"Infobest - Praktische infos - EURODISTRICT PAMINA\" href=\"http:\/\/www.eurodistrict-pamina.eu\/de\/infobest.html\">INFOBEST PAMINA in Lauterbourg<\/a> helfen beispielsweise zwei Mitarbeiter in Vollzeit bei der Bew\u00e4ltigung unterschiedlicher grenz\u00fcberschreitender Fragestellungen (z.B. zur Rente oder dem Kindergeld f\u00fcr Grenzg\u00e4nger).<\/p>\n<p><span class=\"legende\">Bildequelle: Tim Reckmann \u00a0\/ pixelio.de<\/span><\/div>\n<div class=\"contenu\"><\/div>\n<div class=\"contenu\"><em>Quelle<\/em> : Eurodistrict Pamina<\/div>\n<div class=\"contenu\"><a href=\"http:\/\/www.eurodistrict-pamina.eu\">www.eurodistrict-pamina.eu <\/a><\/div>\n<div class=\"contenu\"><em>Kontak<\/em>t :<a href=\"mailto:info&#64;eurodistrict&#45;&#112;&#97;&#109;&#105;&#110;&#97;&#46;&#101;&#117;\"> &#x69;&#x6e;&#x66;&#x6f;&#x40;&#x65;&#x75;&#114;&#111;&#100;&#105;&#115;tric&#x74;&#x2d;&#x70;&#x61;&#x6d;&#x69;&#x6e;&#x61;&#46;&#101;&#117;<\/a><\/div>\n<div class=\"contenu\">\n<\/div>\n<\/div>\n<\/article>\n<\/div>\n<\/div>\n<\/section>\n","protected":false},"excerpt":{"rendered":"<p>Informationsbed\u00fcrfnissen von B\u00fcrgern und Unternehmen in der deutsch-franz\u00f6sischen Grenzregion Am 25. April 2018 organisierte der EVTZ Eurodistrikt PAMINA in Kooperation mit der Generaldirektion Binnenmarkt, Industrie, Unternehmertum und KMU der Europ\u00e4ischen Kommission\u00a0 im ZKM in Karlsruhe einen grenz\u00fcberschreitenden Workshop. Das Arbeitstreffen vereinigte \u00fcber 20 Expertinnen und Experten aus verschiedenen Bereichen der grenz\u00fcberschreitenden Zusammenarbeit, die dazu eingeladen [&hellip;]<\/p>\n","protected":false},"author":3,"featured_media":0,"comment_status":"open","ping_status":"open","sticky":false,"template":"","format":"standard","meta":{"_exactmetrics_skip_tracking":false,"_exactmetrics_sitenote_active":false,"_exactmetrics_sitenote_note":"","_exactmetrics_sitenote_category":0,"footnotes":""},"categories":[57],"tags":[],"class_list":["post-3179","post","type-post","status-publish","format-standard","hentry","category-berufsbildung-de"],"yoast_head":"<!-- This site is optimized with the Yoast SEO plugin v23.5 - https:\/\/yoast.com\/wordpress\/plugins\/seo\/ -->\n<title>Workshop am 25. April 2018 mit der Europ\u00e4ischen Kommission - PAMINA Business Club<\/title>\n<meta name=\"robots\" content=\"index, follow, max-snippet:-1, max-image-preview:large, max-video-preview:-1\" \/>\n<link rel=\"canonical\" href=\"http:\/\/www.pamina-business.com\/de\/workshop-am-25-april-2018-mit-der-europaischen-kommission\/\" \/>\n<meta property=\"og:locale\" content=\"de_DE\" \/>\n<meta property=\"og:type\" content=\"article\" \/>\n<meta property=\"og:title\" content=\"Workshop am 25. April 2018 mit der Europ\u00e4ischen Kommission - PAMINA Business Club\" \/>\n<meta property=\"og:description\" content=\"Informationsbed\u00fcrfnissen von B\u00fcrgern und Unternehmen in der deutsch-franz\u00f6sischen Grenzregion Am 25. April 2018 organisierte der EVTZ Eurodistrikt PAMINA in Kooperation mit der Generaldirektion Binnenmarkt, Industrie, Unternehmertum und KMU der Europ\u00e4ischen Kommission\u00a0 im ZKM in Karlsruhe einen grenz\u00fcberschreitenden Workshop. Das Arbeitstreffen vereinigte \u00fcber 20 Expertinnen und Experten aus verschiedenen Bereichen der grenz\u00fcberschreitenden Zusammenarbeit, die dazu eingeladen [&hellip;]\" \/>\n<meta property=\"og:url\" content=\"http:\/\/www.pamina-business.com\/de\/workshop-am-25-april-2018-mit-der-europaischen-kommission\/\" \/>\n<meta property=\"og:site_name\" content=\"PAMINA Business Club\" \/>\n<meta property=\"article:published_time\" content=\"2018-06-22T12:55:16+00:00\" \/>\n<meta property=\"article:modified_time\" content=\"2018-06-05T13:00:24+00:00\" \/>\n<meta property=\"og:image\" content=\"http:\/\/www.eurodistrict-pamina.eu\/globalflexit\/images\/img_base\/agendas\/835_556_1_737947-original-r-k-b-by-tim-reckmann-pixeliode.jpg\" \/>\n<meta name=\"author\" content=\"Monique STUTZMANN\" \/>\n<meta name=\"twitter:card\" content=\"summary_large_image\" \/>\n<meta name=\"twitter:label1\" content=\"Verfasst von\" \/>\n\t<meta name=\"twitter:data1\" content=\"Monique STUTZMANN\" \/>\n\t<meta name=\"twitter:label2\" content=\"Gesch\u00e4tzte Lesezeit\" \/>\n\t<meta name=\"twitter:data2\" content=\"2\u00a0Minuten\" \/>\n<script type=\"application\/ld+json\" class=\"yoast-schema-graph\">{\"@context\":\"https:\/\/schema.org\",\"@graph\":[{\"@type\":\"WebPage\",\"@id\":\"http:\/\/www.pamina-business.com\/de\/workshop-am-25-april-2018-mit-der-europaischen-kommission\/\",\"url\":\"http:\/\/www.pamina-business.com\/de\/workshop-am-25-april-2018-mit-der-europaischen-kommission\/\",\"name\":\"Workshop am 25. April 2018 mit der Europ\u00e4ischen Kommission - PAMINA Business Club\",\"isPartOf\":{\"@id\":\"http:\/\/www.pamina-business.com\/de\/#website\"},\"primaryImageOfPage\":{\"@id\":\"http:\/\/www.pamina-business.com\/de\/workshop-am-25-april-2018-mit-der-europaischen-kommission\/#primaryimage\"},\"image\":{\"@id\":\"http:\/\/www.pamina-business.com\/de\/workshop-am-25-april-2018-mit-der-europaischen-kommission\/#primaryimage\"},\"thumbnailUrl\":\"http:\/\/www.eurodistrict-pamina.eu\/globalflexit\/images\/img_base\/agendas\/835_556_1_737947-original-r-k-b-by-tim-reckmann-pixeliode.jpg\",\"datePublished\":\"2018-06-22T12:55:16+00:00\",\"dateModified\":\"2018-06-05T13:00:24+00:00\",\"author\":{\"@id\":\"http:\/\/www.pamina-business.com\/de\/#\/schema\/person\/9ab02536dbdbc5e3ef40bbc3452c8c69\"},\"breadcrumb\":{\"@id\":\"http:\/\/www.pamina-business.com\/de\/workshop-am-25-april-2018-mit-der-europaischen-kommission\/#breadcrumb\"},\"inLanguage\":\"de\",\"potentialAction\":[{\"@type\":\"ReadAction\",\"target\":[\"http:\/\/www.pamina-business.com\/de\/workshop-am-25-april-2018-mit-der-europaischen-kommission\/\"]}]},{\"@type\":\"ImageObject\",\"inLanguage\":\"de\",\"@id\":\"http:\/\/www.pamina-business.com\/de\/workshop-am-25-april-2018-mit-der-europaischen-kommission\/#primaryimage\",\"url\":\"http:\/\/www.eurodistrict-pamina.eu\/globalflexit\/images\/img_base\/agendas\/835_556_1_737947-original-r-k-b-by-tim-reckmann-pixeliode.jpg\",\"contentUrl\":\"http:\/\/www.eurodistrict-pamina.eu\/globalflexit\/images\/img_base\/agendas\/835_556_1_737947-original-r-k-b-by-tim-reckmann-pixeliode.jpg\"},{\"@type\":\"BreadcrumbList\",\"@id\":\"http:\/\/www.pamina-business.com\/de\/workshop-am-25-april-2018-mit-der-europaischen-kommission\/#breadcrumb\",\"itemListElement\":[{\"@type\":\"ListItem\",\"position\":1,\"name\":\"Accueil\",\"item\":\"http:\/\/www.pamina-business.com\/de\/\"},{\"@type\":\"ListItem\",\"position\":2,\"name\":\"Workshop am 25. April 2018 mit der Europ\u00e4ischen Kommission\"}]},{\"@type\":\"WebSite\",\"@id\":\"http:\/\/www.pamina-business.com\/de\/#website\",\"url\":\"http:\/\/www.pamina-business.com\/de\/\",\"name\":\"PAMINA Business Club\",\"description\":\"Un site utilisant WordPress\",\"potentialAction\":[{\"@type\":\"SearchAction\",\"target\":{\"@type\":\"EntryPoint\",\"urlTemplate\":\"http:\/\/www.pamina-business.com\/de\/?s={search_term_string}\"},\"query-input\":{\"@type\":\"PropertyValueSpecification\",\"valueRequired\":true,\"valueName\":\"search_term_string\"}}],\"inLanguage\":\"de\"},{\"@type\":\"Person\",\"@id\":\"http:\/\/www.pamina-business.com\/de\/#\/schema\/person\/9ab02536dbdbc5e3ef40bbc3452c8c69\",\"name\":\"Monique STUTZMANN\",\"image\":{\"@type\":\"ImageObject\",\"inLanguage\":\"de\",\"@id\":\"http:\/\/www.pamina-business.com\/de\/#\/schema\/person\/image\/\",\"url\":\"https:\/\/secure.gravatar.com\/avatar\/cc1c3adf9a9f6e969d3da7b6b34ec66f5f4a6844dfc9145380a75e42cd91882e?s=96&d=mm&r=g\",\"contentUrl\":\"https:\/\/secure.gravatar.com\/avatar\/cc1c3adf9a9f6e969d3da7b6b34ec66f5f4a6844dfc9145380a75e42cd91882e?s=96&d=mm&r=g\",\"caption\":\"Monique STUTZMANN\"},\"url\":\"http:\/\/www.pamina-business.com\/de\/author\/monique\/\"}]}<\/script>\n<!-- \/ Yoast SEO plugin. -->","yoast_head_json":{"title":"Workshop am 25. April 2018 mit der Europ\u00e4ischen Kommission - PAMINA Business Club","robots":{"index":"index","follow":"follow","max-snippet":"max-snippet:-1","max-image-preview":"max-image-preview:large","max-video-preview":"max-video-preview:-1"},"canonical":"http:\/\/www.pamina-business.com\/de\/workshop-am-25-april-2018-mit-der-europaischen-kommission\/","og_locale":"de_DE","og_type":"article","og_title":"Workshop am 25. April 2018 mit der Europ\u00e4ischen Kommission - PAMINA Business Club","og_description":"Informationsbed\u00fcrfnissen von B\u00fcrgern und Unternehmen in der deutsch-franz\u00f6sischen Grenzregion Am 25. April 2018 organisierte der EVTZ Eurodistrikt PAMINA in Kooperation mit der Generaldirektion Binnenmarkt, Industrie, Unternehmertum und KMU der Europ\u00e4ischen Kommission\u00a0 im ZKM in Karlsruhe einen grenz\u00fcberschreitenden Workshop. Das Arbeitstreffen vereinigte \u00fcber 20 Expertinnen und Experten aus verschiedenen Bereichen der grenz\u00fcberschreitenden Zusammenarbeit, die dazu eingeladen [&hellip;]","og_url":"http:\/\/www.pamina-business.com\/de\/workshop-am-25-april-2018-mit-der-europaischen-kommission\/","og_site_name":"PAMINA Business Club","article_published_time":"2018-06-22T12:55:16+00:00","article_modified_time":"2018-06-05T13:00:24+00:00","og_image":[{"url":"http:\/\/www.eurodistrict-pamina.eu\/globalflexit\/images\/img_base\/agendas\/835_556_1_737947-original-r-k-b-by-tim-reckmann-pixeliode.jpg"}],"author":"Monique STUTZMANN","twitter_card":"summary_large_image","twitter_misc":{"Verfasst von":"Monique STUTZMANN","Gesch\u00e4tzte Lesezeit":"2\u00a0Minuten"},"schema":{"@context":"https:\/\/schema.org","@graph":[{"@type":"WebPage","@id":"http:\/\/www.pamina-business.com\/de\/workshop-am-25-april-2018-mit-der-europaischen-kommission\/","url":"http:\/\/www.pamina-business.com\/de\/workshop-am-25-april-2018-mit-der-europaischen-kommission\/","name":"Workshop am 25. April 2018 mit der Europ\u00e4ischen Kommission - PAMINA Business Club","isPartOf":{"@id":"http:\/\/www.pamina-business.com\/de\/#website"},"primaryImageOfPage":{"@id":"http:\/\/www.pamina-business.com\/de\/workshop-am-25-april-2018-mit-der-europaischen-kommission\/#primaryimage"},"image":{"@id":"http:\/\/www.pamina-business.com\/de\/workshop-am-25-april-2018-mit-der-europaischen-kommission\/#primaryimage"},"thumbnailUrl":"http:\/\/www.eurodistrict-pamina.eu\/globalflexit\/images\/img_base\/agendas\/835_556_1_737947-original-r-k-b-by-tim-reckmann-pixeliode.jpg","datePublished":"2018-06-22T12:55:16+00:00","dateModified":"2018-06-05T13:00:24+00:00","author":{"@id":"http:\/\/www.pamina-business.com\/de\/#\/schema\/person\/9ab02536dbdbc5e3ef40bbc3452c8c69"},"breadcrumb":{"@id":"http:\/\/www.pamina-business.com\/de\/workshop-am-25-april-2018-mit-der-europaischen-kommission\/#breadcrumb"},"inLanguage":"de","potentialAction":[{"@type":"ReadAction","target":["http:\/\/www.pamina-business.com\/de\/workshop-am-25-april-2018-mit-der-europaischen-kommission\/"]}]},{"@type":"ImageObject","inLanguage":"de","@id":"http:\/\/www.pamina-business.com\/de\/workshop-am-25-april-2018-mit-der-europaischen-kommission\/#primaryimage","url":"http:\/\/www.eurodistrict-pamina.eu\/globalflexit\/images\/img_base\/agendas\/835_556_1_737947-original-r-k-b-by-tim-reckmann-pixeliode.jpg","contentUrl":"http:\/\/www.eurodistrict-pamina.eu\/globalflexit\/images\/img_base\/agendas\/835_556_1_737947-original-r-k-b-by-tim-reckmann-pixeliode.jpg"},{"@type":"BreadcrumbList","@id":"http:\/\/www.pamina-business.com\/de\/workshop-am-25-april-2018-mit-der-europaischen-kommission\/#breadcrumb","itemListElement":[{"@type":"ListItem","position":1,"name":"Accueil","item":"http:\/\/www.pamina-business.com\/de\/"},{"@type":"ListItem","position":2,"name":"Workshop am 25. April 2018 mit der Europ\u00e4ischen Kommission"}]},{"@type":"WebSite","@id":"http:\/\/www.pamina-business.com\/de\/#website","url":"http:\/\/www.pamina-business.com\/de\/","name":"PAMINA Business Club","description":"Un site utilisant WordPress","potentialAction":[{"@type":"SearchAction","target":{"@type":"EntryPoint","urlTemplate":"http:\/\/www.pamina-business.com\/de\/?s={search_term_string}"},"query-input":{"@type":"PropertyValueSpecification","valueRequired":true,"valueName":"search_term_string"}}],"inLanguage":"de"},{"@type":"Person","@id":"http:\/\/www.pamina-business.com\/de\/#\/schema\/person\/9ab02536dbdbc5e3ef40bbc3452c8c69","name":"Monique STUTZMANN","image":{"@type":"ImageObject","inLanguage":"de","@id":"http:\/\/www.pamina-business.com\/de\/#\/schema\/person\/image\/","url":"https:\/\/secure.gravatar.com\/avatar\/cc1c3adf9a9f6e969d3da7b6b34ec66f5f4a6844dfc9145380a75e42cd91882e?s=96&d=mm&r=g","contentUrl":"https:\/\/secure.gravatar.com\/avatar\/cc1c3adf9a9f6e969d3da7b6b34ec66f5f4a6844dfc9145380a75e42cd91882e?s=96&d=mm&r=g","caption":"Monique STUTZMANN"},"url":"http:\/\/www.pamina-business.com\/de\/author\/monique\/"}]}},"_links":{"self":[{"href":"http:\/\/www.pamina-business.com\/de\/wp-json\/wp\/v2\/posts\/3179","targetHints":{"allow":["GET"]}}],"collection":[{"href":"http:\/\/www.pamina-business.com\/de\/wp-json\/wp\/v2\/posts"}],"about":[{"href":"http:\/\/www.pamina-business.com\/de\/wp-json\/wp\/v2\/types\/post"}],"author":[{"embeddable":true,"href":"http:\/\/www.pamina-business.com\/de\/wp-json\/wp\/v2\/users\/3"}],"replies":[{"embeddable":true,"href":"http:\/\/www.pamina-business.com\/de\/wp-json\/wp\/v2\/comments?post=3179"}],"version-history":[{"count":1,"href":"http:\/\/www.pamina-business.com\/de\/wp-json\/wp\/v2\/posts\/3179\/revisions"}],"predecessor-version":[{"id":3180,"href":"http:\/\/www.pamina-business.com\/de\/wp-json\/wp\/v2\/posts\/3179\/revisions\/3180"}],"wp:attachment":[{"href":"http:\/\/www.pamina-business.com\/de\/wp-json\/wp\/v2\/media?parent=3179"}],"wp:term":[{"taxonomy":"category","embeddable":true,"href":"http:\/\/www.pamina-business.com\/de\/wp-json\/wp\/v2\/categories?post=3179"},{"taxonomy":"post_tag","embeddable":true,"href":"http:\/\/www.pamina-business.com\/de\/wp-json\/wp\/v2\/tags?post=3179"}],"curies":[{"name":"wp","href":"https:\/\/api.w.org\/{rel}","templated":true}]}}