{"id":3154,"date":"2018-06-05T07:56:47","date_gmt":"2018-06-05T07:56:47","guid":{"rendered":"http:\/\/www.pamina-business.com\/?p=3154"},"modified":"2018-06-05T07:56:47","modified_gmt":"2018-06-05T07:56:47","slug":"assemblee-de-leurodistrict-pamina-le-8-juin-2018","status":"publish","type":"post","link":"http:\/\/www.pamina-business.com\/de\/assemblee-de-leurodistrict-pamina-le-8-juin-2018\/","title":{"rendered":"Assembl\u00e9e de l&#8217;Eurodistrict PAMINA le 8 juin 2018."},"content":{"rendered":"<nav id=\"breadcrumb\" class=\"detail\">\n<div class=\"row\">\n<div class=\"col-xs-12 col-lg-6 col-lg-pull-6\">\n<h2 class=\"nomPage\"><\/h2>\n<\/div>\n<\/div>\n<\/nav>\n<section id=\"mainSection\">\n<div class=\"fmodele tpl_fiche\">\n<div class=\"agendas-fiche\">\n<article class=\"media\">\n<div class=\"media-object\"><img decoding=\"async\" src=\"http:\/\/www.eurodistrict-pamina.eu\/globalflexit\/images\/img_base\/agendas\/835_556_1_photo-elus-escalier.jpg\" alt=\"Assembl\u00e9e de l'Eurodistrict PAMINA\" \/><\/div>\n<div class=\"media-body\">\n<h1 class=\"media-heading\"><\/h1>\n<div class=\"date\"><\/div>\n<div class=\"contenu\">La prochaine s\u00e9ance de l&#8217;Assembl\u00e9e de l&#8217;Eurodistrict PAMINA aura lieu :<\/p>\n<h5 class=\"fDefault\">\nVendredi, 8 juin 2018 \u00e0 16h00<br \/>\ndans les locaux du Landratsamt Karlsruhe.<\/h5>\n<p>La s\u00e9ance est publique.<\/p>\n<p>L&#8217;odre du jour peut \u00eatre consult\u00e9 sur simple demande aupr\u00e8s de Madame Caera Schulz au 03 68 33 88 20 ou <a class=\"fDefault\" href=\"&#109;&#x61;&#105;&#x6c;t&#x6f;:&#99;&#x61;&#101;&#x72;&#97;&#x2e;s&#x63;h&#117;&#x6c;&#122;&#x40;b&#x61;s&#x2d;&#x72;&#104;&#x69;&#110;&#x2e;f&#x72;\">&#99;&#x61;&#x65;r&#97;&#x2e;s&#99;&#x68;&#x75;l&#122;&#x40;e&#117;&#x72;&#x6f;d&#105;&#x73;t&#114;&#x69;&#x63;&#116;&#45;&#x70;a&#109;&#x69;&#x6e;&#97;&#x2e;&#x65;u<\/a>.<\/p>\n<p>Les inscriptions sont possibles jusqu&#8217;au 7 juin 2018 inclus.<\/p><\/div>\n<\/div>\n<\/article>\n<\/div>\n<\/div>\n<\/section>\n<div class=\"contenu\"><\/div>\n<div class=\"contenu\"><em>Source<\/em> : Eurodistrict Pamina<\/div>\n<div class=\"contenu\"><a href=\"http:\/\/www.eurodistrict-pamina.eu\">www.eurodistrict-pamina.eu <\/a><\/div>\n<div class=\"contenu\"><\/div>\n<div class=\"contenu\"><\/div>\n","protected":false},"excerpt":{"rendered":"<p>La prochaine s\u00e9ance de l&#8217;Assembl\u00e9e de l&#8217;Eurodistrict PAMINA aura lieu : Vendredi, 8 juin 2018 \u00e0 16h00 dans les locaux du Landratsamt Karlsruhe. La s\u00e9ance est publique. L&#8217;odre du jour peut \u00eatre consult\u00e9 sur simple demande aupr\u00e8s de Madame Caera Schulz au 03 68 33 88 20 ou c&#97;&#x65;&#x72;a&#46;&#115;&#x63;&#x68;u&#108;&#x7a;&#x40;e&#117;&#114;&#x6f;&#x64;i&#115;&#x74;&#x72;i&#99;&#116;&#x2d;&#x70;a&#109;&#x69;&#x6e;a&#46;&#101;&#x75;. Les inscriptions sont possibles jusqu&#8217;au 7 [&hellip;]<\/p>\n","protected":false},"author":3,"featured_media":0,"comment_status":"open","ping_status":"open","sticky":false,"template":"","format":"standard","meta":{"_exactmetrics_skip_tracking":false,"_exactmetrics_sitenote_active":false,"_exactmetrics_sitenote_note":"","_exactmetrics_sitenote_category":0,"footnotes":""},"categories":[7],"tags":[],"class_list":["post-3154","post","type-post","status-publish","format-standard","hentry","category-evenements-fr"],"yoast_head":"<!-- This site is optimized with the Yoast SEO plugin v23.5 - https:\/\/yoast.com\/wordpress\/plugins\/seo\/ -->\n<title>Assembl\u00e9e de l&#039;Eurodistrict PAMINA le 8 juin 2018. - PAMINA Business Club<\/title>\n<meta name=\"robots\" content=\"index, follow, max-snippet:-1, max-image-preview:large, max-video-preview:-1\" \/>\n<link rel=\"canonical\" href=\"http:\/\/www.pamina-business.com\/assemblee-de-leurodistrict-pamina-le-8-juin-2018\/\" \/>\n<meta property=\"og:locale\" content=\"de_DE\" \/>\n<meta property=\"og:type\" content=\"article\" \/>\n<meta property=\"og:title\" content=\"Assembl\u00e9e de l&#039;Eurodistrict PAMINA le 8 juin 2018. - PAMINA Business Club\" \/>\n<meta property=\"og:description\" content=\"La prochaine s\u00e9ance de l&#8217;Assembl\u00e9e de l&#8217;Eurodistrict PAMINA aura lieu : Vendredi, 8 juin 2018 \u00e0 16h00 dans les locaux du Landratsamt Karlsruhe. La s\u00e9ance est publique. L&#8217;odre du jour peut \u00eatre consult\u00e9 sur simple demande aupr\u00e8s de Madame Caera Schulz au 03 68 33 88 20 ou &#x63;&#x61;&#101;ra&#x2e;&#x73;&#099;&#104;u&#x6c;&#x7a;&#064;&#101;u&#x72;&#x6f;&#x64;&#105;st&#x72;&#x69;&#099;&#116;-&#x70;&#x61;&#109;&#105;n&#x61;&#x2e;&#101;&#117;. Les inscriptions sont possibles jusqu&#8217;au 7 [&hellip;]\" \/>\n<meta property=\"og:url\" content=\"http:\/\/www.pamina-business.com\/assemblee-de-leurodistrict-pamina-le-8-juin-2018\/\" \/>\n<meta property=\"og:site_name\" content=\"PAMINA Business Club\" \/>\n<meta property=\"article:published_time\" content=\"2018-06-05T07:56:47+00:00\" \/>\n<meta property=\"og:image\" content=\"http:\/\/www.eurodistrict-pamina.eu\/globalflexit\/images\/img_base\/agendas\/835_556_1_photo-elus-escalier.jpg\" \/>\n<meta name=\"author\" content=\"Monique STUTZMANN\" \/>\n<meta name=\"twitter:card\" content=\"summary_large_image\" \/>\n<meta name=\"twitter:label1\" content=\"Verfasst von\" \/>\n\t<meta name=\"twitter:data1\" content=\"Monique STUTZMANN\" \/>\n<script type=\"application\/ld+json\" class=\"yoast-schema-graph\">{\"@context\":\"https:\/\/schema.org\",\"@graph\":[{\"@type\":\"WebPage\",\"@id\":\"http:\/\/www.pamina-business.com\/assemblee-de-leurodistrict-pamina-le-8-juin-2018\/\",\"url\":\"http:\/\/www.pamina-business.com\/assemblee-de-leurodistrict-pamina-le-8-juin-2018\/\",\"name\":\"Assembl\u00e9e de l'Eurodistrict PAMINA le 8 juin 2018. - PAMINA Business Club\",\"isPartOf\":{\"@id\":\"https:\/\/www.pamina-business.com\/de\/#website\"},\"primaryImageOfPage\":{\"@id\":\"http:\/\/www.pamina-business.com\/assemblee-de-leurodistrict-pamina-le-8-juin-2018\/#primaryimage\"},\"image\":{\"@id\":\"http:\/\/www.pamina-business.com\/assemblee-de-leurodistrict-pamina-le-8-juin-2018\/#primaryimage\"},\"thumbnailUrl\":\"http:\/\/www.eurodistrict-pamina.eu\/globalflexit\/images\/img_base\/agendas\/835_556_1_photo-elus-escalier.jpg\",\"datePublished\":\"2018-06-05T07:56:47+00:00\",\"dateModified\":\"2018-06-05T07:56:47+00:00\",\"author\":{\"@id\":\"https:\/\/www.pamina-business.com\/de\/#\/schema\/person\/9ab02536dbdbc5e3ef40bbc3452c8c69\"},\"breadcrumb\":{\"@id\":\"http:\/\/www.pamina-business.com\/assemblee-de-leurodistrict-pamina-le-8-juin-2018\/#breadcrumb\"},\"inLanguage\":\"de\",\"potentialAction\":[{\"@type\":\"ReadAction\",\"target\":[\"http:\/\/www.pamina-business.com\/assemblee-de-leurodistrict-pamina-le-8-juin-2018\/\"]}]},{\"@type\":\"ImageObject\",\"inLanguage\":\"de\",\"@id\":\"http:\/\/www.pamina-business.com\/assemblee-de-leurodistrict-pamina-le-8-juin-2018\/#primaryimage\",\"url\":\"http:\/\/www.eurodistrict-pamina.eu\/globalflexit\/images\/img_base\/agendas\/835_556_1_photo-elus-escalier.jpg\",\"contentUrl\":\"http:\/\/www.eurodistrict-pamina.eu\/globalflexit\/images\/img_base\/agendas\/835_556_1_photo-elus-escalier.jpg\"},{\"@type\":\"BreadcrumbList\",\"@id\":\"http:\/\/www.pamina-business.com\/assemblee-de-leurodistrict-pamina-le-8-juin-2018\/#breadcrumb\",\"itemListElement\":[{\"@type\":\"ListItem\",\"position\":1,\"name\":\"Accueil\",\"item\":\"https:\/\/www.pamina-business.com\/de\/\"},{\"@type\":\"ListItem\",\"position\":2,\"name\":\"Assembl\u00e9e de l&rsquo;Eurodistrict PAMINA le 8 juin 2018.\"}]},{\"@type\":\"WebSite\",\"@id\":\"https:\/\/www.pamina-business.com\/de\/#website\",\"url\":\"https:\/\/www.pamina-business.com\/de\/\",\"name\":\"PAMINA Business Club\",\"description\":\"Un site utilisant WordPress\",\"potentialAction\":[{\"@type\":\"SearchAction\",\"target\":{\"@type\":\"EntryPoint\",\"urlTemplate\":\"https:\/\/www.pamina-business.com\/de\/?s={search_term_string}\"},\"query-input\":{\"@type\":\"PropertyValueSpecification\",\"valueRequired\":true,\"valueName\":\"search_term_string\"}}],\"inLanguage\":\"de\"},{\"@type\":\"Person\",\"@id\":\"https:\/\/www.pamina-business.com\/de\/#\/schema\/person\/9ab02536dbdbc5e3ef40bbc3452c8c69\",\"name\":\"Monique STUTZMANN\",\"image\":{\"@type\":\"ImageObject\",\"inLanguage\":\"de\",\"@id\":\"https:\/\/www.pamina-business.com\/de\/#\/schema\/person\/image\/\",\"url\":\"https:\/\/secure.gravatar.com\/avatar\/cc1c3adf9a9f6e969d3da7b6b34ec66f5f4a6844dfc9145380a75e42cd91882e?s=96&d=mm&r=g\",\"contentUrl\":\"https:\/\/secure.gravatar.com\/avatar\/cc1c3adf9a9f6e969d3da7b6b34ec66f5f4a6844dfc9145380a75e42cd91882e?s=96&d=mm&r=g\",\"caption\":\"Monique STUTZMANN\"},\"url\":\"http:\/\/www.pamina-business.com\/de\/author\/monique\/\"}]}<\/script>\n<!-- \/ Yoast SEO plugin. -->","yoast_head_json":{"title":"Assembl\u00e9e de l'Eurodistrict PAMINA le 8 juin 2018. - PAMINA Business Club","robots":{"index":"index","follow":"follow","max-snippet":"max-snippet:-1","max-image-preview":"max-image-preview:large","max-video-preview":"max-video-preview:-1"},"canonical":"http:\/\/www.pamina-business.com\/assemblee-de-leurodistrict-pamina-le-8-juin-2018\/","og_locale":"de_DE","og_type":"article","og_title":"Assembl\u00e9e de l'Eurodistrict PAMINA le 8 juin 2018. - PAMINA Business Club","og_description":"La prochaine s\u00e9ance de l&#8217;Assembl\u00e9e de l&#8217;Eurodistrict PAMINA aura lieu : Vendredi, 8 juin 2018 \u00e0 16h00 dans les locaux du Landratsamt Karlsruhe. La s\u00e9ance est publique. L&#8217;odre du jour peut \u00eatre consult\u00e9 sur simple demande aupr\u00e8s de Madame Caera Schulz au 03 68 33 88 20 ou &#x63;&#x61;&#101;ra&#x2e;&#x73;&#99;&#104;u&#x6c;&#x7a;&#64;&#101;u&#x72;&#x6f;&#x64;&#105;st&#x72;&#x69;&#99;&#116;-&#x70;&#x61;&#109;&#105;n&#x61;&#x2e;&#101;&#117;. Les inscriptions sont possibles jusqu&#8217;au 7 [&hellip;]","og_url":"http:\/\/www.pamina-business.com\/assemblee-de-leurodistrict-pamina-le-8-juin-2018\/","og_site_name":"PAMINA Business Club","article_published_time":"2018-06-05T07:56:47+00:00","og_image":[{"url":"http:\/\/www.eurodistrict-pamina.eu\/globalflexit\/images\/img_base\/agendas\/835_556_1_photo-elus-escalier.jpg"}],"author":"Monique STUTZMANN","twitter_card":"summary_large_image","twitter_misc":{"Verfasst von":"Monique STUTZMANN"},"schema":{"@context":"https:\/\/schema.org","@graph":[{"@type":"WebPage","@id":"http:\/\/www.pamina-business.com\/assemblee-de-leurodistrict-pamina-le-8-juin-2018\/","url":"http:\/\/www.pamina-business.com\/assemblee-de-leurodistrict-pamina-le-8-juin-2018\/","name":"Assembl\u00e9e de l'Eurodistrict PAMINA le 8 juin 2018. - PAMINA Business Club","isPartOf":{"@id":"https:\/\/www.pamina-business.com\/de\/#website"},"primaryImageOfPage":{"@id":"http:\/\/www.pamina-business.com\/assemblee-de-leurodistrict-pamina-le-8-juin-2018\/#primaryimage"},"image":{"@id":"http:\/\/www.pamina-business.com\/assemblee-de-leurodistrict-pamina-le-8-juin-2018\/#primaryimage"},"thumbnailUrl":"http:\/\/www.eurodistrict-pamina.eu\/globalflexit\/images\/img_base\/agendas\/835_556_1_photo-elus-escalier.jpg","datePublished":"2018-06-05T07:56:47+00:00","dateModified":"2018-06-05T07:56:47+00:00","author":{"@id":"https:\/\/www.pamina-business.com\/de\/#\/schema\/person\/9ab02536dbdbc5e3ef40bbc3452c8c69"},"breadcrumb":{"@id":"http:\/\/www.pamina-business.com\/assemblee-de-leurodistrict-pamina-le-8-juin-2018\/#breadcrumb"},"inLanguage":"de","potentialAction":[{"@type":"ReadAction","target":["http:\/\/www.pamina-business.com\/assemblee-de-leurodistrict-pamina-le-8-juin-2018\/"]}]},{"@type":"ImageObject","inLanguage":"de","@id":"http:\/\/www.pamina-business.com\/assemblee-de-leurodistrict-pamina-le-8-juin-2018\/#primaryimage","url":"http:\/\/www.eurodistrict-pamina.eu\/globalflexit\/images\/img_base\/agendas\/835_556_1_photo-elus-escalier.jpg","contentUrl":"http:\/\/www.eurodistrict-pamina.eu\/globalflexit\/images\/img_base\/agendas\/835_556_1_photo-elus-escalier.jpg"},{"@type":"BreadcrumbList","@id":"http:\/\/www.pamina-business.com\/assemblee-de-leurodistrict-pamina-le-8-juin-2018\/#breadcrumb","itemListElement":[{"@type":"ListItem","position":1,"name":"Accueil","item":"https:\/\/www.pamina-business.com\/de\/"},{"@type":"ListItem","position":2,"name":"Assembl\u00e9e de l&rsquo;Eurodistrict PAMINA le 8 juin 2018."}]},{"@type":"WebSite","@id":"https:\/\/www.pamina-business.com\/de\/#website","url":"https:\/\/www.pamina-business.com\/de\/","name":"PAMINA Business Club","description":"Un site utilisant WordPress","potentialAction":[{"@type":"SearchAction","target":{"@type":"EntryPoint","urlTemplate":"https:\/\/www.pamina-business.com\/de\/?s={search_term_string}"},"query-input":{"@type":"PropertyValueSpecification","valueRequired":true,"valueName":"search_term_string"}}],"inLanguage":"de"},{"@type":"Person","@id":"https:\/\/www.pamina-business.com\/de\/#\/schema\/person\/9ab02536dbdbc5e3ef40bbc3452c8c69","name":"Monique STUTZMANN","image":{"@type":"ImageObject","inLanguage":"de","@id":"https:\/\/www.pamina-business.com\/de\/#\/schema\/person\/image\/","url":"https:\/\/secure.gravatar.com\/avatar\/cc1c3adf9a9f6e969d3da7b6b34ec66f5f4a6844dfc9145380a75e42cd91882e?s=96&d=mm&r=g","contentUrl":"https:\/\/secure.gravatar.com\/avatar\/cc1c3adf9a9f6e969d3da7b6b34ec66f5f4a6844dfc9145380a75e42cd91882e?s=96&d=mm&r=g","caption":"Monique STUTZMANN"},"url":"http:\/\/www.pamina-business.com\/de\/author\/monique\/"}]}},"_links":{"self":[{"href":"http:\/\/www.pamina-business.com\/de\/wp-json\/wp\/v2\/posts\/3154","targetHints":{"allow":["GET"]}}],"collection":[{"href":"http:\/\/www.pamina-business.com\/de\/wp-json\/wp\/v2\/posts"}],"about":[{"href":"http:\/\/www.pamina-business.com\/de\/wp-json\/wp\/v2\/types\/post"}],"author":[{"embeddable":true,"href":"http:\/\/www.pamina-business.com\/de\/wp-json\/wp\/v2\/users\/3"}],"replies":[{"embeddable":true,"href":"http:\/\/www.pamina-business.com\/de\/wp-json\/wp\/v2\/comments?post=3154"}],"version-history":[{"count":1,"href":"http:\/\/www.pamina-business.com\/de\/wp-json\/wp\/v2\/posts\/3154\/revisions"}],"predecessor-version":[{"id":3155,"href":"http:\/\/www.pamina-business.com\/de\/wp-json\/wp\/v2\/posts\/3154\/revisions\/3155"}],"wp:attachment":[{"href":"http:\/\/www.pamina-business.com\/de\/wp-json\/wp\/v2\/media?parent=3154"}],"wp:term":[{"taxonomy":"category","embeddable":true,"href":"http:\/\/www.pamina-business.com\/de\/wp-json\/wp\/v2\/categories?post=3154"},{"taxonomy":"post_tag","embeddable":true,"href":"http:\/\/www.pamina-business.com\/de\/wp-json\/wp\/v2\/tags?post=3154"}],"curies":[{"name":"wp","href":"https:\/\/api.w.org\/{rel}","templated":true}]}}