{"id":3052,"date":"2018-03-23T09:01:24","date_gmt":"2018-03-23T09:01:24","guid":{"rendered":"http:\/\/www.pamina-business.com\/?p=3052"},"modified":"2018-03-20T15:43:06","modified_gmt":"2018-03-20T15:43:06","slug":"lever-les-freins-a-la-participation-des-entreprises-le-1er-avril-2018-a-la-cci-alsace-eurometropole","status":"publish","type":"post","link":"http:\/\/www.pamina-business.com\/de\/lever-les-freins-a-la-participation-des-entreprises-le-1er-avril-2018-a-la-cci-alsace-eurometropole\/","title":{"rendered":"Lever les freins \u00e0 la participation des entreprises  : le 13 avril 2018 \u00e0 la CCI Alsace Eurom\u00e9tropole"},"content":{"rendered":"<p><strong>Lever les freins \u00e0 la participation des entreprises !<\/strong><\/p>\n<p>Le programme INTERREG Rhin Sup\u00e9rieur a le plaisir de vous convier \u00e0 son prochain \u00e9v\u00e9nement, destin\u00e9 \u00e0 \u00e9voquer les enjeux de la participation des entreprises dans des projets de coop\u00e9ration transfrontali\u00e8re franco-germano-suisse, pour lesquels une enveloppe issue du Fonds europ\u00e9en de d\u00e9veloppement r\u00e9gional (FEDER) a \u00e9t\u00e9 mise \u00e0 disposition jusqu\u2019en 2023.<\/p>\n<p>Cet \u00e9v\u00e9nement, gratuit et bilingue, se tiendra le :<br \/>\n<strong>Vendredi 13 avril 2018<\/strong><br \/>\n<strong>de 10h45 \u00e0 14h45<\/strong><br \/>\n<strong>\u00e0 la Chambre de Commerce et d\u2019Industrie Alsace Eurom\u00e9tropole<\/strong><br \/>\n<strong>10 place Gutenberg \u00e0 Strasbourg<\/strong><br \/>\nUne traduction simultan\u00e9e fran\u00e7ais-allemand sera propos\u00e9e.<\/p>\n<p>Le programme ainsi que les modalit\u00e9s d\u2019inscription figurent ci-apr\u00e8s : <a href=\"http:\/\/www.pamina-business.com\/wp-content\/uploads\/2018\/03\/Invitation-et-programme-130418.pdf\">Invitation et programme 130418<\/a><\/p>\n<p>Nous vous remercions de bien vouloir vous inscrire d\u2019ici le <strong><u>5 avril 2018<\/u><\/strong> au plus tard. Une confirmation de participation vous parviendra la semaine suivante.<\/p>\n<p>Cet \u00e9v\u00e9nement s\u2019adresse tout particuli\u00e8rement \u00e0 vous qui \u00eates en contact r\u00e9gulier avec les acteurs du tissu \u00e9conomique du Rhin sup\u00e9rieur et pouvez apporter votre contribution concr\u00e8te \u00e0 un meilleur dialogue entre les gestionnaires du programme INTERREG et les entreprises encore trop peu mobilis\u00e9es dans ce contexte.<\/p>\n<p><em>Source<\/em> : <a href=\"http:\/\/www.karlsruhe.de\/wirtschaft\">www.karlsruhe.de\/wirtschaft<\/a><\/p>\n<p><em>Information<\/em> : Anne-Sophie MAYER<br \/>\n<a href=\"&#x6d;a&#x69;&#108;&#x74;&#111;&#x3a;&#x61;n&#x6e;&#101;&#x2d;&#115;&#x6f;&#112;h&#x69;&#101;&#x2e;&#109;&#x61;&#121;e&#x72;&#64;&#x67;&#114;&#x61;&#110;d&#x65;s&#x74;&#46;&#x66;&#114;\">&#97;&#x6e;&#x6e;e&#45;&#x73;&#x6f;p&#104;&#x69;e&#46;&#x6d;&#x61;y&#101;&#x72;&#64;&#103;&#x72;&#x61;n&#100;&#x65;&#x73;&#116;&#x2e;&#x66;r<\/a><br \/>\n+33 (0)3 88 15 38 10 (bilingue)<\/p>\n","protected":false},"excerpt":{"rendered":"<p>Lever les freins \u00e0 la participation des entreprises ! Le programme INTERREG Rhin Sup\u00e9rieur a le plaisir de vous convier \u00e0 son prochain \u00e9v\u00e9nement, destin\u00e9 \u00e0 \u00e9voquer les enjeux de la participation des entreprises dans des projets de coop\u00e9ration transfrontali\u00e8re franco-germano-suisse, pour lesquels une enveloppe issue du Fonds europ\u00e9en de d\u00e9veloppement r\u00e9gional (FEDER) a \u00e9t\u00e9 [&hellip;]<\/p>\n","protected":false},"author":3,"featured_media":0,"comment_status":"open","ping_status":"open","sticky":false,"template":"","format":"standard","meta":{"_exactmetrics_skip_tracking":false,"_exactmetrics_sitenote_active":false,"_exactmetrics_sitenote_note":"","_exactmetrics_sitenote_category":0,"footnotes":""},"categories":[],"tags":[],"class_list":["post-3052","post","type-post","status-publish","format-standard","hentry"],"yoast_head":"<!-- This site is optimized with the Yoast SEO plugin v23.5 - https:\/\/yoast.com\/wordpress\/plugins\/seo\/ -->\n<title>Lever les freins \u00e0 la participation des entreprises : le 13 avril 2018 \u00e0 la CCI Alsace Eurom\u00e9tropole - PAMINA Business Club<\/title>\n<meta name=\"robots\" content=\"index, follow, max-snippet:-1, max-image-preview:large, max-video-preview:-1\" \/>\n<link rel=\"canonical\" href=\"http:\/\/www.pamina-business.com\/lever-les-freins-a-la-participation-des-entreprises-le-1er-avril-2018-a-la-cci-alsace-eurometropole\/\" \/>\n<meta property=\"og:locale\" content=\"de_DE\" \/>\n<meta property=\"og:type\" content=\"article\" \/>\n<meta property=\"og:title\" content=\"Lever les freins \u00e0 la participation des entreprises : le 13 avril 2018 \u00e0 la CCI Alsace Eurom\u00e9tropole - PAMINA Business Club\" \/>\n<meta property=\"og:description\" content=\"Lever les freins \u00e0 la participation des entreprises ! Le programme INTERREG Rhin Sup\u00e9rieur a le plaisir de vous convier \u00e0 son prochain \u00e9v\u00e9nement, destin\u00e9 \u00e0 \u00e9voquer les enjeux de la participation des entreprises dans des projets de coop\u00e9ration transfrontali\u00e8re franco-germano-suisse, pour lesquels une enveloppe issue du Fonds europ\u00e9en de d\u00e9veloppement r\u00e9gional (FEDER) a \u00e9t\u00e9 [&hellip;]\" \/>\n<meta property=\"og:url\" content=\"http:\/\/www.pamina-business.com\/lever-les-freins-a-la-participation-des-entreprises-le-1er-avril-2018-a-la-cci-alsace-eurometropole\/\" \/>\n<meta property=\"og:site_name\" content=\"PAMINA Business Club\" \/>\n<meta property=\"article:published_time\" content=\"2018-03-23T09:01:24+00:00\" \/>\n<meta property=\"article:modified_time\" content=\"2018-03-20T15:43:06+00:00\" \/>\n<meta name=\"author\" content=\"Monique STUTZMANN\" \/>\n<meta name=\"twitter:card\" content=\"summary_large_image\" \/>\n<meta name=\"twitter:label1\" content=\"Verfasst von\" \/>\n\t<meta name=\"twitter:data1\" content=\"Monique STUTZMANN\" \/>\n\t<meta name=\"twitter:label2\" content=\"Gesch\u00e4tzte Lesezeit\" \/>\n\t<meta name=\"twitter:data2\" content=\"1\u00a0Minute\" \/>\n<script type=\"application\/ld+json\" class=\"yoast-schema-graph\">{\"@context\":\"https:\/\/schema.org\",\"@graph\":[{\"@type\":\"WebPage\",\"@id\":\"http:\/\/www.pamina-business.com\/lever-les-freins-a-la-participation-des-entreprises-le-1er-avril-2018-a-la-cci-alsace-eurometropole\/\",\"url\":\"http:\/\/www.pamina-business.com\/lever-les-freins-a-la-participation-des-entreprises-le-1er-avril-2018-a-la-cci-alsace-eurometropole\/\",\"name\":\"Lever les freins \u00e0 la participation des entreprises : le 13 avril 2018 \u00e0 la CCI Alsace Eurom\u00e9tropole - PAMINA Business Club\",\"isPartOf\":{\"@id\":\"http:\/\/www.pamina-business.com\/de\/#website\"},\"datePublished\":\"2018-03-23T09:01:24+00:00\",\"dateModified\":\"2018-03-20T15:43:06+00:00\",\"author\":{\"@id\":\"http:\/\/www.pamina-business.com\/de\/#\/schema\/person\/9ab02536dbdbc5e3ef40bbc3452c8c69\"},\"breadcrumb\":{\"@id\":\"http:\/\/www.pamina-business.com\/lever-les-freins-a-la-participation-des-entreprises-le-1er-avril-2018-a-la-cci-alsace-eurometropole\/#breadcrumb\"},\"inLanguage\":\"de\",\"potentialAction\":[{\"@type\":\"ReadAction\",\"target\":[\"http:\/\/www.pamina-business.com\/lever-les-freins-a-la-participation-des-entreprises-le-1er-avril-2018-a-la-cci-alsace-eurometropole\/\"]}]},{\"@type\":\"BreadcrumbList\",\"@id\":\"http:\/\/www.pamina-business.com\/lever-les-freins-a-la-participation-des-entreprises-le-1er-avril-2018-a-la-cci-alsace-eurometropole\/#breadcrumb\",\"itemListElement\":[{\"@type\":\"ListItem\",\"position\":1,\"name\":\"Accueil\",\"item\":\"http:\/\/www.pamina-business.com\/de\/\"},{\"@type\":\"ListItem\",\"position\":2,\"name\":\"Lever les freins \u00e0 la participation des entreprises : le 13 avril 2018 \u00e0 la CCI Alsace Eurom\u00e9tropole\"}]},{\"@type\":\"WebSite\",\"@id\":\"http:\/\/www.pamina-business.com\/de\/#website\",\"url\":\"http:\/\/www.pamina-business.com\/de\/\",\"name\":\"PAMINA Business Club\",\"description\":\"Un site utilisant WordPress\",\"potentialAction\":[{\"@type\":\"SearchAction\",\"target\":{\"@type\":\"EntryPoint\",\"urlTemplate\":\"http:\/\/www.pamina-business.com\/de\/?s={search_term_string}\"},\"query-input\":{\"@type\":\"PropertyValueSpecification\",\"valueRequired\":true,\"valueName\":\"search_term_string\"}}],\"inLanguage\":\"de\"},{\"@type\":\"Person\",\"@id\":\"http:\/\/www.pamina-business.com\/de\/#\/schema\/person\/9ab02536dbdbc5e3ef40bbc3452c8c69\",\"name\":\"Monique STUTZMANN\",\"image\":{\"@type\":\"ImageObject\",\"inLanguage\":\"de\",\"@id\":\"http:\/\/www.pamina-business.com\/de\/#\/schema\/person\/image\/\",\"url\":\"https:\/\/secure.gravatar.com\/avatar\/cc1c3adf9a9f6e969d3da7b6b34ec66f5f4a6844dfc9145380a75e42cd91882e?s=96&d=mm&r=g\",\"contentUrl\":\"https:\/\/secure.gravatar.com\/avatar\/cc1c3adf9a9f6e969d3da7b6b34ec66f5f4a6844dfc9145380a75e42cd91882e?s=96&d=mm&r=g\",\"caption\":\"Monique STUTZMANN\"},\"url\":\"http:\/\/www.pamina-business.com\/de\/author\/monique\/\"}]}<\/script>\n<!-- \/ Yoast SEO plugin. -->","yoast_head_json":{"title":"Lever les freins \u00e0 la participation des entreprises : le 13 avril 2018 \u00e0 la CCI Alsace Eurom\u00e9tropole - PAMINA Business Club","robots":{"index":"index","follow":"follow","max-snippet":"max-snippet:-1","max-image-preview":"max-image-preview:large","max-video-preview":"max-video-preview:-1"},"canonical":"http:\/\/www.pamina-business.com\/lever-les-freins-a-la-participation-des-entreprises-le-1er-avril-2018-a-la-cci-alsace-eurometropole\/","og_locale":"de_DE","og_type":"article","og_title":"Lever les freins \u00e0 la participation des entreprises : le 13 avril 2018 \u00e0 la CCI Alsace Eurom\u00e9tropole - PAMINA Business Club","og_description":"Lever les freins \u00e0 la participation des entreprises ! Le programme INTERREG Rhin Sup\u00e9rieur a le plaisir de vous convier \u00e0 son prochain \u00e9v\u00e9nement, destin\u00e9 \u00e0 \u00e9voquer les enjeux de la participation des entreprises dans des projets de coop\u00e9ration transfrontali\u00e8re franco-germano-suisse, pour lesquels une enveloppe issue du Fonds europ\u00e9en de d\u00e9veloppement r\u00e9gional (FEDER) a \u00e9t\u00e9 [&hellip;]","og_url":"http:\/\/www.pamina-business.com\/lever-les-freins-a-la-participation-des-entreprises-le-1er-avril-2018-a-la-cci-alsace-eurometropole\/","og_site_name":"PAMINA Business Club","article_published_time":"2018-03-23T09:01:24+00:00","article_modified_time":"2018-03-20T15:43:06+00:00","author":"Monique STUTZMANN","twitter_card":"summary_large_image","twitter_misc":{"Verfasst von":"Monique STUTZMANN","Gesch\u00e4tzte Lesezeit":"1\u00a0Minute"},"schema":{"@context":"https:\/\/schema.org","@graph":[{"@type":"WebPage","@id":"http:\/\/www.pamina-business.com\/lever-les-freins-a-la-participation-des-entreprises-le-1er-avril-2018-a-la-cci-alsace-eurometropole\/","url":"http:\/\/www.pamina-business.com\/lever-les-freins-a-la-participation-des-entreprises-le-1er-avril-2018-a-la-cci-alsace-eurometropole\/","name":"Lever les freins \u00e0 la participation des entreprises : le 13 avril 2018 \u00e0 la CCI Alsace Eurom\u00e9tropole - PAMINA Business Club","isPartOf":{"@id":"http:\/\/www.pamina-business.com\/de\/#website"},"datePublished":"2018-03-23T09:01:24+00:00","dateModified":"2018-03-20T15:43:06+00:00","author":{"@id":"http:\/\/www.pamina-business.com\/de\/#\/schema\/person\/9ab02536dbdbc5e3ef40bbc3452c8c69"},"breadcrumb":{"@id":"http:\/\/www.pamina-business.com\/lever-les-freins-a-la-participation-des-entreprises-le-1er-avril-2018-a-la-cci-alsace-eurometropole\/#breadcrumb"},"inLanguage":"de","potentialAction":[{"@type":"ReadAction","target":["http:\/\/www.pamina-business.com\/lever-les-freins-a-la-participation-des-entreprises-le-1er-avril-2018-a-la-cci-alsace-eurometropole\/"]}]},{"@type":"BreadcrumbList","@id":"http:\/\/www.pamina-business.com\/lever-les-freins-a-la-participation-des-entreprises-le-1er-avril-2018-a-la-cci-alsace-eurometropole\/#breadcrumb","itemListElement":[{"@type":"ListItem","position":1,"name":"Accueil","item":"http:\/\/www.pamina-business.com\/de\/"},{"@type":"ListItem","position":2,"name":"Lever les freins \u00e0 la participation des entreprises : le 13 avril 2018 \u00e0 la CCI Alsace Eurom\u00e9tropole"}]},{"@type":"WebSite","@id":"http:\/\/www.pamina-business.com\/de\/#website","url":"http:\/\/www.pamina-business.com\/de\/","name":"PAMINA Business Club","description":"Un site utilisant WordPress","potentialAction":[{"@type":"SearchAction","target":{"@type":"EntryPoint","urlTemplate":"http:\/\/www.pamina-business.com\/de\/?s={search_term_string}"},"query-input":{"@type":"PropertyValueSpecification","valueRequired":true,"valueName":"search_term_string"}}],"inLanguage":"de"},{"@type":"Person","@id":"http:\/\/www.pamina-business.com\/de\/#\/schema\/person\/9ab02536dbdbc5e3ef40bbc3452c8c69","name":"Monique STUTZMANN","image":{"@type":"ImageObject","inLanguage":"de","@id":"http:\/\/www.pamina-business.com\/de\/#\/schema\/person\/image\/","url":"https:\/\/secure.gravatar.com\/avatar\/cc1c3adf9a9f6e969d3da7b6b34ec66f5f4a6844dfc9145380a75e42cd91882e?s=96&d=mm&r=g","contentUrl":"https:\/\/secure.gravatar.com\/avatar\/cc1c3adf9a9f6e969d3da7b6b34ec66f5f4a6844dfc9145380a75e42cd91882e?s=96&d=mm&r=g","caption":"Monique STUTZMANN"},"url":"http:\/\/www.pamina-business.com\/de\/author\/monique\/"}]}},"_links":{"self":[{"href":"http:\/\/www.pamina-business.com\/de\/wp-json\/wp\/v2\/posts\/3052","targetHints":{"allow":["GET"]}}],"collection":[{"href":"http:\/\/www.pamina-business.com\/de\/wp-json\/wp\/v2\/posts"}],"about":[{"href":"http:\/\/www.pamina-business.com\/de\/wp-json\/wp\/v2\/types\/post"}],"author":[{"embeddable":true,"href":"http:\/\/www.pamina-business.com\/de\/wp-json\/wp\/v2\/users\/3"}],"replies":[{"embeddable":true,"href":"http:\/\/www.pamina-business.com\/de\/wp-json\/wp\/v2\/comments?post=3052"}],"version-history":[{"count":4,"href":"http:\/\/www.pamina-business.com\/de\/wp-json\/wp\/v2\/posts\/3052\/revisions"}],"predecessor-version":[{"id":3066,"href":"http:\/\/www.pamina-business.com\/de\/wp-json\/wp\/v2\/posts\/3052\/revisions\/3066"}],"wp:attachment":[{"href":"http:\/\/www.pamina-business.com\/de\/wp-json\/wp\/v2\/media?parent=3052"}],"wp:term":[{"taxonomy":"category","embeddable":true,"href":"http:\/\/www.pamina-business.com\/de\/wp-json\/wp\/v2\/categories?post=3052"},{"taxonomy":"post_tag","embeddable":true,"href":"http:\/\/www.pamina-business.com\/de\/wp-json\/wp\/v2\/tags?post=3052"}],"curies":[{"name":"wp","href":"https:\/\/api.w.org\/{rel}","templated":true}]}}