{"id":2988,"date":"2018-03-05T14:17:55","date_gmt":"2018-03-05T14:17:55","guid":{"rendered":"http:\/\/www.pamina-business.com\/?p=2988"},"modified":"2018-02-27T14:33:06","modified_gmt":"2018-02-27T14:33:06","slug":"vorstellung-des-weltenbummlers-von-den-beiden-freiwilligen-valentina-und-laetitia","status":"publish","type":"post","link":"http:\/\/www.pamina-business.com\/de\/vorstellung-des-weltenbummlers-von-den-beiden-freiwilligen-valentina-und-laetitia\/","title":{"rendered":"Vorstellung des Weltenbummlers von den beiden Freiwilligen Valentina und Laetitia"},"content":{"rendered":"<nav id=\"breadcrumb\" class=\"detail\">\n<div class=\"row\">\n<div class=\"col-xs-12 col-lg-6 col-lg-pull-6\">\n<h2 class=\"nomPage\">Bildung &amp; Zweisprachigkeit<\/h2>\n<\/div>\n<\/div>\n<\/nav>\n<section id=\"mainSection\">\n<div class=\"fmodele tpl_fiche\">\n<div class=\"agendas-fiche\">\n<article class=\"media\">\n<div class=\"media-object\"><img decoding=\"async\" src=\"http:\/\/www.eurodistrict-pamina.eu\/globalflexit\/images\/img_base\/agendas\/835_556_1_img-0387.jpg\" alt=\"Vorstellung des Weltenbummlers von den beiden Freiwilligen Valentina und Laetitia\" \/><\/div>\n<div class=\"media-body\">\n<h1 class=\"media-heading\"><\/h1>\n<div class=\"date\"><\/div>\n<div class=\"contenu\">Zwei Freiwilligendienstleistende unterst\u00fctzen derzeit die Arbeit des Eurodistrikt PAMINA: <strong>Laetitia Meyer<\/strong>, Deutsch-Franz\u00f6sin, absolviert zurzeit einen grenz\u00fcberschreitenden Freiwilligendienst im PAMINA-Jugendnetzwerkes; <strong>Valentina Locatelli,<\/strong> Italienerin und Europ\u00e4erin aus \u00dcberzeugung, leistet ihren europ\u00e4ischen Freiwilligendienst IVY (Interreg Volunteer Youth) im Rahmen des Interreg V Projektes \u201eWeltenbummler &#8211; Passe-Partout\u201c. Beide tragen zur Umsetzung des EU-finanzierten Weltenbummler Projekts bei:<\/p>\n<p>Seit Anfang Januar 2018 sind Valentina und Laetitia im Nordelsass unterwegs, wo sie im Rahmen der F\u00f6rderung des Onlinespiels Weltenbummler Aktivit\u00e4ten organisieren, um Kindergarten- und Grundschulkindern die grenz\u00fcberschreitende Zusammenarbeit im PAMINA-Raum zu vermitteln.<br \/>\n<strong>Fast jeden Tag sind sie in einem anderen Sch\u00fclerhort:<\/strong> Sie haben schon die Kinder aus Scheibenhard, Soufflenheim, Niederroedern, Seltz, Mothern, Durrenbach, Woerth, Auenheim und Seebach getroffen. Es ist auch eine Gelegenheit f\u00fcr Valentina, das Nordelsass zu entdecken, und f\u00fcr Laetitia, ihre Region mit neuen Augen zu sehen.<\/p>\n<p>In Seltz waren sogar Journalisten zur Pr\u00e4sentation eingeladen: der els\u00e4ssische TV- Sender France3 Alsace drehte eine Videoreportage \u00fcber zwei europ\u00e4ische Freiwilligendienstleistende.<\/p>\n<div class=\"embeddedContent oembed-provider- oembed-provider-youtube\" data-align=\"center\" data-maxheight=\"315\" data-maxwidth=\"560\" data-oembed=\"https:\/\/www.youtube.com\/watch?v=KZiI10cMyeY&amp;feature=youtu.be\" data-oembed_provider=\"youtube\" data-resizetype=\"responsive\"><iframe loading=\"lazy\" src=\"http:\/\/www.youtube.com\/embed\/KZiI10cMyeY?wmode=transparent&amp;jqoemcache=LwaNB\" width=\"425\" height=\"349\" frameborder=\"0\" scrolling=\"no\" allowfullscreen=\"allowfullscreen\" data-mce-fragment=\"1\"><\/iframe><\/div>\n<p>\u201eManchmal haben wir gro\u00dfe Gruppen von 30 oder mehr Kindern, manchmal sind die Gruppen aber auch sehr klein \u2013 einmal waren es nur vier Kinder. Das Alter der Kinder ist auch sehr unterschiedlich. Wir arbeiten mit Kindern von 3 bis 11 Jahren, sodass jede Aktivit\u00e4t sehr unterschiedlich ist. Aber jedes Mal macht es sowohl uns als auch den <strong>Kindern viel Spa\u00df macht und sie lernen gleichzeitig etwas dabei<\/strong>\u201c, berichtet Valentina Locatelli von dieser Erfahrung.<\/p>\n<p>Nicht nur Sch\u00fclerhorte: die beiden jungen Frauen haben das Projekt auch im Rahmen des Tages der offenen T\u00fcr PAMINA vorgestellt und gehen auch in die Schulen des PAMINA-Raums, um dieses grenz\u00fcberschreitenden Projekt vorzustellen.<\/p>\n<p>\u201eDas Onlinespiel ist der Ausgangspunkt f\u00fcr einen sch\u00f6nen Austausch: Kinder teilen mit uns die Geschichte, wie sie mit dem PAMINA-Raum verbunden sind: vom Besuch der Burg Fleckenstein zu der Wanderung in Schwarzwald. Sie erz\u00e4hlen \u00fcber ihre Familien, ihren Erfahrungen mit dem Nachbarland \u2013einige sind in Rastatt geboren, anderen in Karlsruhe, einige wohnen in Deutschland, andere haben Eltern, die in Deutschland arbeiten, andere wiederum haben deutsche Wurzeln. <strong>Wir \u00fcberschreiten die Grenze durch den Austausch; wir erwecken die Neugier auf die anderen<\/strong>\u201c, erz\u00e4hlt Laetitia Meyer.<\/p>\n<p>M\u00f6chtest du, dass sie auch in deine Schule, Jugendzentrum oder Kinderhort kommen? Melde dich bei <a class=\"fDefault\" href=\"&#x6d;a&#x69;&#108;&#x74;&#111;&#x3a;&#x76;i&#x63;&#116;&#x6f;&#114;&#x69;&#97;&#46;&#x68;&#97;&#x6e;&#115;&#x65;&#110;&#64;&#x62;&#97;&#x73;&#45;&#x72;&#104;i&#x6e;&#46;&#x66;&#114;?subject=Weltenbummler\">Victoria Hansen<\/a>, Projektleiterin und Mentorin der beiden Freiwilligen.<\/p>\n<\/div>\n<div class=\"contenu\">\n<table border=\"0\" cellspacing=\"1\" cellpadding=\"1\">\n<tbody>\n<tr>\n<td><img decoding=\"async\" src=\"http:\/\/www.eurodistrict-pamina.eu\/globalflexit\/images\/UserFiles\/Image\/logos\/120_80_1_eu.jpg\" \/><\/td>\n<td><em>Das Projekt Weltenbummler wird von der Europ\u00e4ischen Union im Rahmen des INTERREG V A Oberrhein Programms kofinanziert. Europ\u00e4ischer Fonds f\u00fcr Regionale Entwicklung (EFRE).<\/em><\/td>\n<td><img decoding=\"async\" src=\"http:\/\/www.eurodistrict-pamina.eu\/globalflexit\/images\/UserFiles\/Image\/interreg\/113_80_2_int-quadri-en-tete.jpg\" \/><\/td>\n<\/tr>\n<\/tbody>\n<\/table>\n<\/div>\n<\/div>\n<\/article>\n<\/div>\n<\/div>\n<\/section>\n<div id=\"innerType\">\n<div class=\"container\">\n<div class=\"row\">\n<div class=\"col-xs-12 col-sm-9\">\n<div class=\"col-right\">\n<section id=\"mainSection\">\n<div class=\"btn-ico-wrapper\"><a class=\"btn-ico btn-ico-downloadpdf\" title=\"Seite im PDF-Format herunterladen\" href=\"http:\/\/www.eurodistrict-pamina.eu\/de\/bildung-zweisprachigkeit\/vorstellung-des-weltenbummlers-von-den-beiden-freiwilligen-valentina-und-laetitia_-d.html?downloadpdf=1\" target=\"_blank\" rel=\"nofollow\">PDF<\/a> <a class=\"btn-ico btn-ico-print\" title=\"Seite drucken\">Print<\/a><\/div>\n<\/section>\n<\/div>\n<\/div>\n<\/div>\n<\/div>\n<\/div>\n<footer id=\"mainFooter\">\n<div class=\"container\">\n<div class=\"row\">\n<div class=\"col-xs-12 col-sm-8\"><a class=\"contacts \" title=\"Kontakt\" href=\"http:\/\/www.eurodistrict-pamina.eu\/de\/kontakt.html\" data-equalize=\"col-footer\"><span class=\"line-1\">Sie m\u00f6chten uns<\/span><span class=\"line-2\">kontaktieren<\/span><span class=\"line-3\">hier klicken<\/span><\/a><\/div>\n<\/div>\n<div class=\"col-xs-12 col-sm-8\"><em>Quelle<\/em> : <a href=\"http:\/\/www.eurodistrict-pamina.eu\">www.eurodistrict-pamina.eu<\/a><\/div>\n<div class=\"col-xs-12 col-sm-8\"><em>Kontakt<\/em> :<a href=\"&#109;&#x61;&#x69;&#108;&#x74;&#x6f;:&#x69;&#x6e;f&#111;&#x40;e&#117;&#x72;o&#100;&#x69;s&#116;&#x72;i&#99;&#x74;&#x2d;&#112;&#x61;&#x6d;&#105;&#x6e;&#x61;&#46;&#x65;&#x75;\"> &#x69;&#110;&#102;o&#x40;&#x65;&#117;r&#x6f;&#x64;&#105;st&#x72;&#105;&#99;t&#x2d;&#x70;&#97;m&#x69;&#x6e;&#97;&#46;e&#x75; <\/a><\/div>\n<\/div>\n<\/footer>\n","protected":false},"excerpt":{"rendered":"<p>Bildung &amp; Zweisprachigkeit Zwei Freiwilligendienstleistende unterst\u00fctzen derzeit die Arbeit des Eurodistrikt PAMINA: Laetitia Meyer, Deutsch-Franz\u00f6sin, absolviert zurzeit einen grenz\u00fcberschreitenden Freiwilligendienst im PAMINA-Jugendnetzwerkes; Valentina Locatelli, Italienerin und Europ\u00e4erin aus \u00dcberzeugung, leistet ihren europ\u00e4ischen Freiwilligendienst IVY (Interreg Volunteer Youth) im Rahmen des Interreg V Projektes \u201eWeltenbummler &#8211; Passe-Partout\u201c. Beide tragen zur Umsetzung des EU-finanzierten Weltenbummler Projekts bei: [&hellip;]<\/p>\n","protected":false},"author":3,"featured_media":0,"comment_status":"open","ping_status":"open","sticky":false,"template":"","format":"standard","meta":{"_exactmetrics_skip_tracking":false,"_exactmetrics_sitenote_active":false,"_exactmetrics_sitenote_note":"","_exactmetrics_sitenote_category":0,"footnotes":""},"categories":[57,59],"tags":[],"class_list":["post-2988","post","type-post","status-publish","format-standard","hentry","category-berufsbildung-de","category-ereignisse-de"],"yoast_head":"<!-- This site is optimized with the Yoast SEO plugin v23.5 - https:\/\/yoast.com\/wordpress\/plugins\/seo\/ -->\n<title>Vorstellung des Weltenbummlers von den beiden Freiwilligen Valentina und Laetitia - PAMINA Business Club<\/title>\n<meta name=\"robots\" content=\"index, follow, max-snippet:-1, max-image-preview:large, max-video-preview:-1\" \/>\n<link rel=\"canonical\" href=\"https:\/\/www.pamina-business.com\/de\/vorstellung-des-weltenbummlers-von-den-beiden-freiwilligen-valentina-und-laetitia\/\" \/>\n<meta property=\"og:locale\" content=\"de_DE\" \/>\n<meta property=\"og:type\" content=\"article\" \/>\n<meta property=\"og:title\" content=\"Vorstellung des Weltenbummlers von den beiden Freiwilligen Valentina und Laetitia - PAMINA Business Club\" \/>\n<meta property=\"og:description\" content=\"Bildung &amp; Zweisprachigkeit Zwei Freiwilligendienstleistende unterst\u00fctzen derzeit die Arbeit des Eurodistrikt PAMINA: Laetitia Meyer, Deutsch-Franz\u00f6sin, absolviert zurzeit einen grenz\u00fcberschreitenden Freiwilligendienst im PAMINA-Jugendnetzwerkes; Valentina Locatelli, Italienerin und Europ\u00e4erin aus \u00dcberzeugung, leistet ihren europ\u00e4ischen Freiwilligendienst IVY (Interreg Volunteer Youth) im Rahmen des Interreg V Projektes \u201eWeltenbummler &#8211; Passe-Partout\u201c. Beide tragen zur Umsetzung des EU-finanzierten Weltenbummler Projekts bei: [&hellip;]\" \/>\n<meta property=\"og:url\" content=\"https:\/\/www.pamina-business.com\/de\/vorstellung-des-weltenbummlers-von-den-beiden-freiwilligen-valentina-und-laetitia\/\" \/>\n<meta property=\"og:site_name\" content=\"PAMINA Business Club\" \/>\n<meta property=\"article:published_time\" content=\"2018-03-05T14:17:55+00:00\" \/>\n<meta property=\"article:modified_time\" content=\"2018-02-27T14:33:06+00:00\" \/>\n<meta property=\"og:image\" content=\"http:\/\/www.eurodistrict-pamina.eu\/globalflexit\/images\/img_base\/agendas\/835_556_1_img-0387.jpg\" \/>\n<meta name=\"author\" content=\"Monique STUTZMANN\" \/>\n<meta name=\"twitter:card\" content=\"summary_large_image\" \/>\n<meta name=\"twitter:label1\" content=\"Verfasst von\" \/>\n\t<meta name=\"twitter:data1\" content=\"Monique STUTZMANN\" \/>\n\t<meta name=\"twitter:label2\" content=\"Gesch\u00e4tzte Lesezeit\" \/>\n\t<meta name=\"twitter:data2\" content=\"2\u00a0Minuten\" \/>\n<script type=\"application\/ld+json\" class=\"yoast-schema-graph\">{\"@context\":\"https:\/\/schema.org\",\"@graph\":[{\"@type\":\"WebPage\",\"@id\":\"https:\/\/www.pamina-business.com\/de\/vorstellung-des-weltenbummlers-von-den-beiden-freiwilligen-valentina-und-laetitia\/\",\"url\":\"https:\/\/www.pamina-business.com\/de\/vorstellung-des-weltenbummlers-von-den-beiden-freiwilligen-valentina-und-laetitia\/\",\"name\":\"Vorstellung des Weltenbummlers von den beiden Freiwilligen Valentina und Laetitia - PAMINA Business Club\",\"isPartOf\":{\"@id\":\"http:\/\/www.pamina-business.com\/de\/#website\"},\"primaryImageOfPage\":{\"@id\":\"https:\/\/www.pamina-business.com\/de\/vorstellung-des-weltenbummlers-von-den-beiden-freiwilligen-valentina-und-laetitia\/#primaryimage\"},\"image\":{\"@id\":\"https:\/\/www.pamina-business.com\/de\/vorstellung-des-weltenbummlers-von-den-beiden-freiwilligen-valentina-und-laetitia\/#primaryimage\"},\"thumbnailUrl\":\"http:\/\/www.eurodistrict-pamina.eu\/globalflexit\/images\/img_base\/agendas\/835_556_1_img-0387.jpg\",\"datePublished\":\"2018-03-05T14:17:55+00:00\",\"dateModified\":\"2018-02-27T14:33:06+00:00\",\"author\":{\"@id\":\"http:\/\/www.pamina-business.com\/de\/#\/schema\/person\/9ab02536dbdbc5e3ef40bbc3452c8c69\"},\"breadcrumb\":{\"@id\":\"https:\/\/www.pamina-business.com\/de\/vorstellung-des-weltenbummlers-von-den-beiden-freiwilligen-valentina-und-laetitia\/#breadcrumb\"},\"inLanguage\":\"de\",\"potentialAction\":[{\"@type\":\"ReadAction\",\"target\":[\"https:\/\/www.pamina-business.com\/de\/vorstellung-des-weltenbummlers-von-den-beiden-freiwilligen-valentina-und-laetitia\/\"]}]},{\"@type\":\"ImageObject\",\"inLanguage\":\"de\",\"@id\":\"https:\/\/www.pamina-business.com\/de\/vorstellung-des-weltenbummlers-von-den-beiden-freiwilligen-valentina-und-laetitia\/#primaryimage\",\"url\":\"http:\/\/www.eurodistrict-pamina.eu\/globalflexit\/images\/img_base\/agendas\/835_556_1_img-0387.jpg\",\"contentUrl\":\"http:\/\/www.eurodistrict-pamina.eu\/globalflexit\/images\/img_base\/agendas\/835_556_1_img-0387.jpg\"},{\"@type\":\"BreadcrumbList\",\"@id\":\"https:\/\/www.pamina-business.com\/de\/vorstellung-des-weltenbummlers-von-den-beiden-freiwilligen-valentina-und-laetitia\/#breadcrumb\",\"itemListElement\":[{\"@type\":\"ListItem\",\"position\":1,\"name\":\"Accueil\",\"item\":\"http:\/\/www.pamina-business.com\/de\/\"},{\"@type\":\"ListItem\",\"position\":2,\"name\":\"Vorstellung des Weltenbummlers von den beiden Freiwilligen Valentina und Laetitia\"}]},{\"@type\":\"WebSite\",\"@id\":\"http:\/\/www.pamina-business.com\/de\/#website\",\"url\":\"http:\/\/www.pamina-business.com\/de\/\",\"name\":\"PAMINA Business Club\",\"description\":\"Un site utilisant WordPress\",\"potentialAction\":[{\"@type\":\"SearchAction\",\"target\":{\"@type\":\"EntryPoint\",\"urlTemplate\":\"http:\/\/www.pamina-business.com\/de\/?s={search_term_string}\"},\"query-input\":{\"@type\":\"PropertyValueSpecification\",\"valueRequired\":true,\"valueName\":\"search_term_string\"}}],\"inLanguage\":\"de\"},{\"@type\":\"Person\",\"@id\":\"http:\/\/www.pamina-business.com\/de\/#\/schema\/person\/9ab02536dbdbc5e3ef40bbc3452c8c69\",\"name\":\"Monique STUTZMANN\",\"image\":{\"@type\":\"ImageObject\",\"inLanguage\":\"de\",\"@id\":\"http:\/\/www.pamina-business.com\/de\/#\/schema\/person\/image\/\",\"url\":\"https:\/\/secure.gravatar.com\/avatar\/cc1c3adf9a9f6e969d3da7b6b34ec66f5f4a6844dfc9145380a75e42cd91882e?s=96&d=mm&r=g\",\"contentUrl\":\"https:\/\/secure.gravatar.com\/avatar\/cc1c3adf9a9f6e969d3da7b6b34ec66f5f4a6844dfc9145380a75e42cd91882e?s=96&d=mm&r=g\",\"caption\":\"Monique STUTZMANN\"},\"url\":\"http:\/\/www.pamina-business.com\/de\/author\/monique\/\"}]}<\/script>\n<!-- \/ Yoast SEO plugin. -->","yoast_head_json":{"title":"Vorstellung des Weltenbummlers von den beiden Freiwilligen Valentina und Laetitia - PAMINA Business Club","robots":{"index":"index","follow":"follow","max-snippet":"max-snippet:-1","max-image-preview":"max-image-preview:large","max-video-preview":"max-video-preview:-1"},"canonical":"https:\/\/www.pamina-business.com\/de\/vorstellung-des-weltenbummlers-von-den-beiden-freiwilligen-valentina-und-laetitia\/","og_locale":"de_DE","og_type":"article","og_title":"Vorstellung des Weltenbummlers von den beiden Freiwilligen Valentina und Laetitia - PAMINA Business Club","og_description":"Bildung &amp; Zweisprachigkeit Zwei Freiwilligendienstleistende unterst\u00fctzen derzeit die Arbeit des Eurodistrikt PAMINA: Laetitia Meyer, Deutsch-Franz\u00f6sin, absolviert zurzeit einen grenz\u00fcberschreitenden Freiwilligendienst im PAMINA-Jugendnetzwerkes; Valentina Locatelli, Italienerin und Europ\u00e4erin aus \u00dcberzeugung, leistet ihren europ\u00e4ischen Freiwilligendienst IVY (Interreg Volunteer Youth) im Rahmen des Interreg V Projektes \u201eWeltenbummler &#8211; Passe-Partout\u201c. Beide tragen zur Umsetzung des EU-finanzierten Weltenbummler Projekts bei: [&hellip;]","og_url":"https:\/\/www.pamina-business.com\/de\/vorstellung-des-weltenbummlers-von-den-beiden-freiwilligen-valentina-und-laetitia\/","og_site_name":"PAMINA Business Club","article_published_time":"2018-03-05T14:17:55+00:00","article_modified_time":"2018-02-27T14:33:06+00:00","og_image":[{"url":"http:\/\/www.eurodistrict-pamina.eu\/globalflexit\/images\/img_base\/agendas\/835_556_1_img-0387.jpg"}],"author":"Monique STUTZMANN","twitter_card":"summary_large_image","twitter_misc":{"Verfasst von":"Monique STUTZMANN","Gesch\u00e4tzte Lesezeit":"2\u00a0Minuten"},"schema":{"@context":"https:\/\/schema.org","@graph":[{"@type":"WebPage","@id":"https:\/\/www.pamina-business.com\/de\/vorstellung-des-weltenbummlers-von-den-beiden-freiwilligen-valentina-und-laetitia\/","url":"https:\/\/www.pamina-business.com\/de\/vorstellung-des-weltenbummlers-von-den-beiden-freiwilligen-valentina-und-laetitia\/","name":"Vorstellung des Weltenbummlers von den beiden Freiwilligen Valentina und Laetitia - PAMINA Business Club","isPartOf":{"@id":"http:\/\/www.pamina-business.com\/de\/#website"},"primaryImageOfPage":{"@id":"https:\/\/www.pamina-business.com\/de\/vorstellung-des-weltenbummlers-von-den-beiden-freiwilligen-valentina-und-laetitia\/#primaryimage"},"image":{"@id":"https:\/\/www.pamina-business.com\/de\/vorstellung-des-weltenbummlers-von-den-beiden-freiwilligen-valentina-und-laetitia\/#primaryimage"},"thumbnailUrl":"http:\/\/www.eurodistrict-pamina.eu\/globalflexit\/images\/img_base\/agendas\/835_556_1_img-0387.jpg","datePublished":"2018-03-05T14:17:55+00:00","dateModified":"2018-02-27T14:33:06+00:00","author":{"@id":"http:\/\/www.pamina-business.com\/de\/#\/schema\/person\/9ab02536dbdbc5e3ef40bbc3452c8c69"},"breadcrumb":{"@id":"https:\/\/www.pamina-business.com\/de\/vorstellung-des-weltenbummlers-von-den-beiden-freiwilligen-valentina-und-laetitia\/#breadcrumb"},"inLanguage":"de","potentialAction":[{"@type":"ReadAction","target":["https:\/\/www.pamina-business.com\/de\/vorstellung-des-weltenbummlers-von-den-beiden-freiwilligen-valentina-und-laetitia\/"]}]},{"@type":"ImageObject","inLanguage":"de","@id":"https:\/\/www.pamina-business.com\/de\/vorstellung-des-weltenbummlers-von-den-beiden-freiwilligen-valentina-und-laetitia\/#primaryimage","url":"http:\/\/www.eurodistrict-pamina.eu\/globalflexit\/images\/img_base\/agendas\/835_556_1_img-0387.jpg","contentUrl":"http:\/\/www.eurodistrict-pamina.eu\/globalflexit\/images\/img_base\/agendas\/835_556_1_img-0387.jpg"},{"@type":"BreadcrumbList","@id":"https:\/\/www.pamina-business.com\/de\/vorstellung-des-weltenbummlers-von-den-beiden-freiwilligen-valentina-und-laetitia\/#breadcrumb","itemListElement":[{"@type":"ListItem","position":1,"name":"Accueil","item":"http:\/\/www.pamina-business.com\/de\/"},{"@type":"ListItem","position":2,"name":"Vorstellung des Weltenbummlers von den beiden Freiwilligen Valentina und Laetitia"}]},{"@type":"WebSite","@id":"http:\/\/www.pamina-business.com\/de\/#website","url":"http:\/\/www.pamina-business.com\/de\/","name":"PAMINA Business Club","description":"Un site utilisant WordPress","potentialAction":[{"@type":"SearchAction","target":{"@type":"EntryPoint","urlTemplate":"http:\/\/www.pamina-business.com\/de\/?s={search_term_string}"},"query-input":{"@type":"PropertyValueSpecification","valueRequired":true,"valueName":"search_term_string"}}],"inLanguage":"de"},{"@type":"Person","@id":"http:\/\/www.pamina-business.com\/de\/#\/schema\/person\/9ab02536dbdbc5e3ef40bbc3452c8c69","name":"Monique STUTZMANN","image":{"@type":"ImageObject","inLanguage":"de","@id":"http:\/\/www.pamina-business.com\/de\/#\/schema\/person\/image\/","url":"https:\/\/secure.gravatar.com\/avatar\/cc1c3adf9a9f6e969d3da7b6b34ec66f5f4a6844dfc9145380a75e42cd91882e?s=96&d=mm&r=g","contentUrl":"https:\/\/secure.gravatar.com\/avatar\/cc1c3adf9a9f6e969d3da7b6b34ec66f5f4a6844dfc9145380a75e42cd91882e?s=96&d=mm&r=g","caption":"Monique STUTZMANN"},"url":"http:\/\/www.pamina-business.com\/de\/author\/monique\/"}]}},"_links":{"self":[{"href":"http:\/\/www.pamina-business.com\/de\/wp-json\/wp\/v2\/posts\/2988","targetHints":{"allow":["GET"]}}],"collection":[{"href":"http:\/\/www.pamina-business.com\/de\/wp-json\/wp\/v2\/posts"}],"about":[{"href":"http:\/\/www.pamina-business.com\/de\/wp-json\/wp\/v2\/types\/post"}],"author":[{"embeddable":true,"href":"http:\/\/www.pamina-business.com\/de\/wp-json\/wp\/v2\/users\/3"}],"replies":[{"embeddable":true,"href":"http:\/\/www.pamina-business.com\/de\/wp-json\/wp\/v2\/comments?post=2988"}],"version-history":[{"count":1,"href":"http:\/\/www.pamina-business.com\/de\/wp-json\/wp\/v2\/posts\/2988\/revisions"}],"predecessor-version":[{"id":2989,"href":"http:\/\/www.pamina-business.com\/de\/wp-json\/wp\/v2\/posts\/2988\/revisions\/2989"}],"wp:attachment":[{"href":"http:\/\/www.pamina-business.com\/de\/wp-json\/wp\/v2\/media?parent=2988"}],"wp:term":[{"taxonomy":"category","embeddable":true,"href":"http:\/\/www.pamina-business.com\/de\/wp-json\/wp\/v2\/categories?post=2988"},{"taxonomy":"post_tag","embeddable":true,"href":"http:\/\/www.pamina-business.com\/de\/wp-json\/wp\/v2\/tags?post=2988"}],"curies":[{"name":"wp","href":"https:\/\/api.w.org\/{rel}","templated":true}]}}