{"id":2982,"date":"2018-03-02T14:02:32","date_gmt":"2018-03-02T14:02:32","guid":{"rendered":"http:\/\/www.pamina-business.com\/?p=2982"},"modified":"2018-02-27T14:11:25","modified_gmt":"2018-02-27T14:11:25","slug":"zivilgesellschaft-oberrhein-grenzuberschreitendes-forum-natura-2000-am-15-marz-2018","status":"publish","type":"post","link":"http:\/\/www.pamina-business.com\/de\/zivilgesellschaft-oberrhein-grenzuberschreitendes-forum-natura-2000-am-15-marz-2018\/","title":{"rendered":"Zivilgesellschaft Oberrhein Grenz\u00fcberschreitendes Forum &#8222;Natura 2000&#8220; am 15. M\u00e4rz 2018"},"content":{"rendered":"<p><a href=\"http:\/\/www.pamina-business.com\/wp-content\/uploads\/2018\/02\/NATURA-2000.jpg\"><img loading=\"lazy\" decoding=\"async\" class=\"alignnone size-medium wp-image-2983\" src=\"http:\/\/www.pamina-business.com\/wp-content\/uploads\/2018\/02\/NATURA-2000-300x199.jpg\" alt=\"NATURA 2000\" width=\"300\" height=\"199\" srcset=\"http:\/\/www.pamina-business.com\/wp-content\/uploads\/2018\/02\/NATURA-2000-300x199.jpg 300w, http:\/\/www.pamina-business.com\/wp-content\/uploads\/2018\/02\/NATURA-2000-768x510.jpg 768w, http:\/\/www.pamina-business.com\/wp-content\/uploads\/2018\/02\/NATURA-2000.jpg 835w\" sizes=\"auto, (max-width: 300px) 100vw, 300px\" \/><\/a><\/p>\n<p>&nbsp;<\/p>\n<table>\n<tbody>\n<tr>\n<td>Am 15. M\u00e4rz 2018 organisiert der Eurodistrikt PAMINA im Haus des Gastes in Bad Bergzabern sein erstes grenz\u00fcberschreitendes Dialogforum im Rahmen des INTERREG V Projektes \u201eZivilgesellschaft am Oberrhein\u201c. Ziel des Dialogforums ist es, Akteure aus dem Bereich Natura 2000 aus dem PAMINA-Raum zu vernetzen und so das Entstehen grenz\u00fcberschreitender Projekte in diesem Bereich zu f\u00f6rdern.<\/td>\n<td><\/td>\n<\/tr>\n<\/tbody>\n<\/table>\n<p>&nbsp;<\/p>\n<table>\n<tbody>\n<tr>\n<td>Als europ\u00e4isches Netz von Schutzgebieten, bietet sich Natura 2000 f\u00fcr die grenz\u00fcberschreitende Zusammenarbeit geradezu an und er\u00f6ffnet auf verschiedenen Ebenen \u00a0(ob Naturschutzbeh\u00f6rden, Natura 2000 Betreuer oder Naturschutzvereine und \u2013verb\u00e4nde) viele Gelegenheiten f\u00fcr gemeinsame Projekte. Das Dialogforum soll helfen, derartige grenz\u00fcberschreitende Kooperationen zu erm\u00f6glichen, indem nicht nur die verschiedenen Systeme \u00a0(der Zust\u00e4ndigkeiten und der Umsetzung) in Baden, Pfalz und Nordelsass miteinander verglichen werden, sondern auch indem F\u00f6rderprogramme vorgestellt werden und Workshops und Thementische den Erfahrungsaustausch der Teilnehmer erm\u00f6glichen.<\/td>\n<td><\/td>\n<td><\/td>\n<td><\/td>\n<\/tr>\n<\/tbody>\n<\/table>\n<p><a href=\"http:\/\/www.pamina-business.com\/wp-content\/uploads\/2018\/02\/logo-natura-2000.png\"><img loading=\"lazy\" decoding=\"async\" class=\"alignnone size-full wp-image-2984\" src=\"http:\/\/www.pamina-business.com\/wp-content\/uploads\/2018\/02\/logo-natura-2000.png\" alt=\"logo natura 2000\" width=\"200\" height=\"142\" \/><\/a><br \/>\nDie Veranstaltung richtet sich an die unteren Naturschutzbeh\u00f6rden, Biotopbetreuer, regionale Vertreter der Naturschutzverb\u00e4nde sowie Naturschutzvereine und Umweltbildungseinrichtungen.<\/p>\n<p>Das\u00a0\u00a0<a href=\"http:\/\/www.eurodistrict-pamina.eu\/UserFiles\/File\/aktivitaten\/programm-forum-natura-2000-15-03-18.pdf\">komplette Programm finden Sie hier<\/a>. F\u00fcr Simultan\u00fcbersetzung wird gesorgt.<\/p>\n<p><strong>Anmeldungen <\/strong>sind <strong>bis zum 7. M\u00e4rz 2018 \u00fcber untenstehendes Formular<\/strong> m\u00f6glich.<\/p>\n<p><em>Quelle<\/em> : <a href=\"http:\/\/www.eurodistrict-pamina.eu\">www.eurodistrict-pamina.eu<\/a><\/p>\n<p><em>Kontakt<\/em> : <a href=\"&#x6d;&#97;i&#x6c;&#116;o&#x3a;&#105;n&#x66;&#x6f;&#64;&#x65;&#x75;&#114;o&#x64;&#105;s&#x74;&#114;i&#x63;&#x74;&#45;&#x70;&#x61;&#109;i&#x6e;&#97;&#46;&#x65;&#117;\">in&#102;&#111;&#64;&#x65;&#x75;&#x72;&#x6f;di&#115;&#116;&#114;&#x69;&#x63;&#x74;&#x2d;pa&#109;&#105;&#110;&#x61;&#x2e;&#x65;&#x75; <\/a><br \/>\nAnsprechpartnerin: <a href=\"&#x6d;&#x61;&#x69;&#x6c;&#x74;&#x6f;&#x3a;&#118;&#105;&#99;&#116;&#111;ria&#46;&#x68;&#x61;&#x6e;&#x73;&#x65;&#x6e;&#x40;&#x62;&#97;&#115;&#45;&#114;&#104;in&#46;f&#x72;?subject=Dialogforum%20Natura%202000\">Victoria Hansen<\/a><\/p>\n<table>\n<tbody>\n<tr>\n<td><\/td>\n<td><\/td>\n<\/tr>\n<\/tbody>\n<\/table>\n<h5><\/h5>\n<h2>Anmeldung:<\/h2>\n<p>Name<\/p>\n<p>Vorname<\/p>\n<p>Institution<\/p>\n<p>Adresse<\/p>\n<p>Land<\/p>\n<p>Telefon<\/p>\n<p>E-Mail<\/p>\n<p>Workshop<\/p>\n<p>Workshop Kommunikation: welche Zielgruppe interessiert Sie am meisten?<\/p>\n<p>Thementische: welch(e)s Thema(en) interessiert(en) Sie am meisten?<\/p>\n<table>\n<tbody>\n<tr>\n<td><\/td>\n<td>Wasserl\u00e4ufe<\/td>\n<\/tr>\n<tr>\n<td><\/td>\n<td>W\u00e4lder<\/td>\n<\/tr>\n<tr>\n<td><\/td>\n<td>Offenland<\/td>\n<\/tr>\n<tr>\n<td><\/td>\n<td>Spezies mit Gemeinschaftsinteresse<\/td>\n<\/tr>\n<tr>\n<td><\/td>\n<td>Lehrmittel<\/td>\n<\/tr>\n<tr>\n<td><\/td>\n<td>Sonstiges&#8230;<\/td>\n<\/tr>\n<\/tbody>\n<\/table>\n<p>&#8230; bitte erg\u00e4nzen<\/p>\n<p>Simultan\u00fcbersetzung wird ben\u00f6tigt<\/p>\n<p>Vegetarierin\/Vegetarier<br \/>\nphoto :\u00a0\u00a9 Stefanie Hofschl\u00e4ger \/ <a href=\"http:\/\/www.pixelio.de\"><u>PIXELIO<\/u><\/a><\/p>\n","protected":false},"excerpt":{"rendered":"<p>&nbsp; Am 15. M\u00e4rz 2018 organisiert der Eurodistrikt PAMINA im Haus des Gastes in Bad Bergzabern sein erstes grenz\u00fcberschreitendes Dialogforum im Rahmen des INTERREG V Projektes \u201eZivilgesellschaft am Oberrhein\u201c. Ziel des Dialogforums ist es, Akteure aus dem Bereich Natura 2000 aus dem PAMINA-Raum zu vernetzen und so das Entstehen grenz\u00fcberschreitender Projekte in diesem Bereich zu [&hellip;]<\/p>\n","protected":false},"author":3,"featured_media":0,"comment_status":"open","ping_status":"open","sticky":false,"template":"","format":"standard","meta":{"_exactmetrics_skip_tracking":false,"_exactmetrics_sitenote_active":false,"_exactmetrics_sitenote_note":"","_exactmetrics_sitenote_category":0,"footnotes":""},"categories":[59],"tags":[],"class_list":["post-2982","post","type-post","status-publish","format-standard","hentry","category-ereignisse-de"],"yoast_head":"<!-- This site is optimized with the Yoast SEO plugin v23.5 - https:\/\/yoast.com\/wordpress\/plugins\/seo\/ -->\n<title>Zivilgesellschaft Oberrhein Grenz\u00fcberschreitendes Forum &quot;Natura 2000&quot; am 15. M\u00e4rz 2018 - PAMINA Business Club<\/title>\n<meta name=\"robots\" content=\"index, follow, max-snippet:-1, max-image-preview:large, max-video-preview:-1\" \/>\n<link rel=\"canonical\" href=\"http:\/\/www.pamina-business.com\/de\/zivilgesellschaft-oberrhein-grenzuberschreitendes-forum-natura-2000-am-15-marz-2018\/\" \/>\n<meta property=\"og:locale\" content=\"de_DE\" \/>\n<meta property=\"og:type\" content=\"article\" \/>\n<meta property=\"og:title\" content=\"Zivilgesellschaft Oberrhein Grenz\u00fcberschreitendes Forum &quot;Natura 2000&quot; am 15. M\u00e4rz 2018 - PAMINA Business Club\" \/>\n<meta property=\"og:description\" content=\"&nbsp; Am 15. M\u00e4rz 2018 organisiert der Eurodistrikt PAMINA im Haus des Gastes in Bad Bergzabern sein erstes grenz\u00fcberschreitendes Dialogforum im Rahmen des INTERREG V Projektes \u201eZivilgesellschaft am Oberrhein\u201c. Ziel des Dialogforums ist es, Akteure aus dem Bereich Natura 2000 aus dem PAMINA-Raum zu vernetzen und so das Entstehen grenz\u00fcberschreitender Projekte in diesem Bereich zu [&hellip;]\" \/>\n<meta property=\"og:url\" content=\"http:\/\/www.pamina-business.com\/de\/zivilgesellschaft-oberrhein-grenzuberschreitendes-forum-natura-2000-am-15-marz-2018\/\" \/>\n<meta property=\"og:site_name\" content=\"PAMINA Business Club\" \/>\n<meta property=\"article:published_time\" content=\"2018-03-02T14:02:32+00:00\" \/>\n<meta property=\"article:modified_time\" content=\"2018-02-27T14:11:25+00:00\" \/>\n<meta property=\"og:image\" content=\"http:\/\/www.pamina-business.com\/wp-content\/uploads\/2018\/02\/NATURA-2000-300x199.jpg\" \/>\n<meta name=\"author\" content=\"Monique STUTZMANN\" \/>\n<meta name=\"twitter:card\" content=\"summary_large_image\" \/>\n<meta name=\"twitter:label1\" content=\"Verfasst von\" \/>\n\t<meta name=\"twitter:data1\" content=\"Monique STUTZMANN\" \/>\n\t<meta name=\"twitter:label2\" content=\"Gesch\u00e4tzte Lesezeit\" \/>\n\t<meta name=\"twitter:data2\" content=\"1\u00a0Minute\" \/>\n<script type=\"application\/ld+json\" class=\"yoast-schema-graph\">{\"@context\":\"https:\/\/schema.org\",\"@graph\":[{\"@type\":\"WebPage\",\"@id\":\"http:\/\/www.pamina-business.com\/de\/zivilgesellschaft-oberrhein-grenzuberschreitendes-forum-natura-2000-am-15-marz-2018\/\",\"url\":\"http:\/\/www.pamina-business.com\/de\/zivilgesellschaft-oberrhein-grenzuberschreitendes-forum-natura-2000-am-15-marz-2018\/\",\"name\":\"Zivilgesellschaft Oberrhein Grenz\u00fcberschreitendes Forum \\\"Natura 2000\\\" am 15. M\u00e4rz 2018 - PAMINA Business Club\",\"isPartOf\":{\"@id\":\"http:\/\/www.pamina-business.com\/de\/#website\"},\"primaryImageOfPage\":{\"@id\":\"http:\/\/www.pamina-business.com\/de\/zivilgesellschaft-oberrhein-grenzuberschreitendes-forum-natura-2000-am-15-marz-2018\/#primaryimage\"},\"image\":{\"@id\":\"http:\/\/www.pamina-business.com\/de\/zivilgesellschaft-oberrhein-grenzuberschreitendes-forum-natura-2000-am-15-marz-2018\/#primaryimage\"},\"thumbnailUrl\":\"http:\/\/www.pamina-business.com\/wp-content\/uploads\/2018\/02\/NATURA-2000-300x199.jpg\",\"datePublished\":\"2018-03-02T14:02:32+00:00\",\"dateModified\":\"2018-02-27T14:11:25+00:00\",\"author\":{\"@id\":\"http:\/\/www.pamina-business.com\/de\/#\/schema\/person\/9ab02536dbdbc5e3ef40bbc3452c8c69\"},\"breadcrumb\":{\"@id\":\"http:\/\/www.pamina-business.com\/de\/zivilgesellschaft-oberrhein-grenzuberschreitendes-forum-natura-2000-am-15-marz-2018\/#breadcrumb\"},\"inLanguage\":\"de\",\"potentialAction\":[{\"@type\":\"ReadAction\",\"target\":[\"http:\/\/www.pamina-business.com\/de\/zivilgesellschaft-oberrhein-grenzuberschreitendes-forum-natura-2000-am-15-marz-2018\/\"]}]},{\"@type\":\"ImageObject\",\"inLanguage\":\"de\",\"@id\":\"http:\/\/www.pamina-business.com\/de\/zivilgesellschaft-oberrhein-grenzuberschreitendes-forum-natura-2000-am-15-marz-2018\/#primaryimage\",\"url\":\"http:\/\/www.pamina-business.com\/wp-content\/uploads\/2018\/02\/NATURA-2000-300x199.jpg\",\"contentUrl\":\"http:\/\/www.pamina-business.com\/wp-content\/uploads\/2018\/02\/NATURA-2000-300x199.jpg\"},{\"@type\":\"BreadcrumbList\",\"@id\":\"http:\/\/www.pamina-business.com\/de\/zivilgesellschaft-oberrhein-grenzuberschreitendes-forum-natura-2000-am-15-marz-2018\/#breadcrumb\",\"itemListElement\":[{\"@type\":\"ListItem\",\"position\":1,\"name\":\"Accueil\",\"item\":\"http:\/\/www.pamina-business.com\/de\/\"},{\"@type\":\"ListItem\",\"position\":2,\"name\":\"Zivilgesellschaft Oberrhein Grenz\u00fcberschreitendes Forum &#8222;Natura 2000&#8220; am 15. M\u00e4rz 2018\"}]},{\"@type\":\"WebSite\",\"@id\":\"http:\/\/www.pamina-business.com\/de\/#website\",\"url\":\"http:\/\/www.pamina-business.com\/de\/\",\"name\":\"PAMINA Business Club\",\"description\":\"Un site utilisant WordPress\",\"potentialAction\":[{\"@type\":\"SearchAction\",\"target\":{\"@type\":\"EntryPoint\",\"urlTemplate\":\"http:\/\/www.pamina-business.com\/de\/?s={search_term_string}\"},\"query-input\":{\"@type\":\"PropertyValueSpecification\",\"valueRequired\":true,\"valueName\":\"search_term_string\"}}],\"inLanguage\":\"de\"},{\"@type\":\"Person\",\"@id\":\"http:\/\/www.pamina-business.com\/de\/#\/schema\/person\/9ab02536dbdbc5e3ef40bbc3452c8c69\",\"name\":\"Monique STUTZMANN\",\"image\":{\"@type\":\"ImageObject\",\"inLanguage\":\"de\",\"@id\":\"http:\/\/www.pamina-business.com\/de\/#\/schema\/person\/image\/\",\"url\":\"https:\/\/secure.gravatar.com\/avatar\/cc1c3adf9a9f6e969d3da7b6b34ec66f5f4a6844dfc9145380a75e42cd91882e?s=96&d=mm&r=g\",\"contentUrl\":\"https:\/\/secure.gravatar.com\/avatar\/cc1c3adf9a9f6e969d3da7b6b34ec66f5f4a6844dfc9145380a75e42cd91882e?s=96&d=mm&r=g\",\"caption\":\"Monique STUTZMANN\"},\"url\":\"http:\/\/www.pamina-business.com\/de\/author\/monique\/\"}]}<\/script>\n<!-- \/ Yoast SEO plugin. -->","yoast_head_json":{"title":"Zivilgesellschaft Oberrhein Grenz\u00fcberschreitendes Forum \"Natura 2000\" am 15. M\u00e4rz 2018 - PAMINA Business Club","robots":{"index":"index","follow":"follow","max-snippet":"max-snippet:-1","max-image-preview":"max-image-preview:large","max-video-preview":"max-video-preview:-1"},"canonical":"http:\/\/www.pamina-business.com\/de\/zivilgesellschaft-oberrhein-grenzuberschreitendes-forum-natura-2000-am-15-marz-2018\/","og_locale":"de_DE","og_type":"article","og_title":"Zivilgesellschaft Oberrhein Grenz\u00fcberschreitendes Forum \"Natura 2000\" am 15. M\u00e4rz 2018 - PAMINA Business Club","og_description":"&nbsp; Am 15. M\u00e4rz 2018 organisiert der Eurodistrikt PAMINA im Haus des Gastes in Bad Bergzabern sein erstes grenz\u00fcberschreitendes Dialogforum im Rahmen des INTERREG V Projektes \u201eZivilgesellschaft am Oberrhein\u201c. Ziel des Dialogforums ist es, Akteure aus dem Bereich Natura 2000 aus dem PAMINA-Raum zu vernetzen und so das Entstehen grenz\u00fcberschreitender Projekte in diesem Bereich zu [&hellip;]","og_url":"http:\/\/www.pamina-business.com\/de\/zivilgesellschaft-oberrhein-grenzuberschreitendes-forum-natura-2000-am-15-marz-2018\/","og_site_name":"PAMINA Business Club","article_published_time":"2018-03-02T14:02:32+00:00","article_modified_time":"2018-02-27T14:11:25+00:00","og_image":[{"url":"http:\/\/www.pamina-business.com\/wp-content\/uploads\/2018\/02\/NATURA-2000-300x199.jpg"}],"author":"Monique STUTZMANN","twitter_card":"summary_large_image","twitter_misc":{"Verfasst von":"Monique STUTZMANN","Gesch\u00e4tzte Lesezeit":"1\u00a0Minute"},"schema":{"@context":"https:\/\/schema.org","@graph":[{"@type":"WebPage","@id":"http:\/\/www.pamina-business.com\/de\/zivilgesellschaft-oberrhein-grenzuberschreitendes-forum-natura-2000-am-15-marz-2018\/","url":"http:\/\/www.pamina-business.com\/de\/zivilgesellschaft-oberrhein-grenzuberschreitendes-forum-natura-2000-am-15-marz-2018\/","name":"Zivilgesellschaft Oberrhein Grenz\u00fcberschreitendes Forum \"Natura 2000\" am 15. M\u00e4rz 2018 - PAMINA Business Club","isPartOf":{"@id":"http:\/\/www.pamina-business.com\/de\/#website"},"primaryImageOfPage":{"@id":"http:\/\/www.pamina-business.com\/de\/zivilgesellschaft-oberrhein-grenzuberschreitendes-forum-natura-2000-am-15-marz-2018\/#primaryimage"},"image":{"@id":"http:\/\/www.pamina-business.com\/de\/zivilgesellschaft-oberrhein-grenzuberschreitendes-forum-natura-2000-am-15-marz-2018\/#primaryimage"},"thumbnailUrl":"http:\/\/www.pamina-business.com\/wp-content\/uploads\/2018\/02\/NATURA-2000-300x199.jpg","datePublished":"2018-03-02T14:02:32+00:00","dateModified":"2018-02-27T14:11:25+00:00","author":{"@id":"http:\/\/www.pamina-business.com\/de\/#\/schema\/person\/9ab02536dbdbc5e3ef40bbc3452c8c69"},"breadcrumb":{"@id":"http:\/\/www.pamina-business.com\/de\/zivilgesellschaft-oberrhein-grenzuberschreitendes-forum-natura-2000-am-15-marz-2018\/#breadcrumb"},"inLanguage":"de","potentialAction":[{"@type":"ReadAction","target":["http:\/\/www.pamina-business.com\/de\/zivilgesellschaft-oberrhein-grenzuberschreitendes-forum-natura-2000-am-15-marz-2018\/"]}]},{"@type":"ImageObject","inLanguage":"de","@id":"http:\/\/www.pamina-business.com\/de\/zivilgesellschaft-oberrhein-grenzuberschreitendes-forum-natura-2000-am-15-marz-2018\/#primaryimage","url":"http:\/\/www.pamina-business.com\/wp-content\/uploads\/2018\/02\/NATURA-2000-300x199.jpg","contentUrl":"http:\/\/www.pamina-business.com\/wp-content\/uploads\/2018\/02\/NATURA-2000-300x199.jpg"},{"@type":"BreadcrumbList","@id":"http:\/\/www.pamina-business.com\/de\/zivilgesellschaft-oberrhein-grenzuberschreitendes-forum-natura-2000-am-15-marz-2018\/#breadcrumb","itemListElement":[{"@type":"ListItem","position":1,"name":"Accueil","item":"http:\/\/www.pamina-business.com\/de\/"},{"@type":"ListItem","position":2,"name":"Zivilgesellschaft Oberrhein Grenz\u00fcberschreitendes Forum &#8222;Natura 2000&#8220; am 15. M\u00e4rz 2018"}]},{"@type":"WebSite","@id":"http:\/\/www.pamina-business.com\/de\/#website","url":"http:\/\/www.pamina-business.com\/de\/","name":"PAMINA Business Club","description":"Un site utilisant WordPress","potentialAction":[{"@type":"SearchAction","target":{"@type":"EntryPoint","urlTemplate":"http:\/\/www.pamina-business.com\/de\/?s={search_term_string}"},"query-input":{"@type":"PropertyValueSpecification","valueRequired":true,"valueName":"search_term_string"}}],"inLanguage":"de"},{"@type":"Person","@id":"http:\/\/www.pamina-business.com\/de\/#\/schema\/person\/9ab02536dbdbc5e3ef40bbc3452c8c69","name":"Monique STUTZMANN","image":{"@type":"ImageObject","inLanguage":"de","@id":"http:\/\/www.pamina-business.com\/de\/#\/schema\/person\/image\/","url":"https:\/\/secure.gravatar.com\/avatar\/cc1c3adf9a9f6e969d3da7b6b34ec66f5f4a6844dfc9145380a75e42cd91882e?s=96&d=mm&r=g","contentUrl":"https:\/\/secure.gravatar.com\/avatar\/cc1c3adf9a9f6e969d3da7b6b34ec66f5f4a6844dfc9145380a75e42cd91882e?s=96&d=mm&r=g","caption":"Monique STUTZMANN"},"url":"http:\/\/www.pamina-business.com\/de\/author\/monique\/"}]}},"_links":{"self":[{"href":"http:\/\/www.pamina-business.com\/de\/wp-json\/wp\/v2\/posts\/2982","targetHints":{"allow":["GET"]}}],"collection":[{"href":"http:\/\/www.pamina-business.com\/de\/wp-json\/wp\/v2\/posts"}],"about":[{"href":"http:\/\/www.pamina-business.com\/de\/wp-json\/wp\/v2\/types\/post"}],"author":[{"embeddable":true,"href":"http:\/\/www.pamina-business.com\/de\/wp-json\/wp\/v2\/users\/3"}],"replies":[{"embeddable":true,"href":"http:\/\/www.pamina-business.com\/de\/wp-json\/wp\/v2\/comments?post=2982"}],"version-history":[{"count":1,"href":"http:\/\/www.pamina-business.com\/de\/wp-json\/wp\/v2\/posts\/2982\/revisions"}],"predecessor-version":[{"id":2985,"href":"http:\/\/www.pamina-business.com\/de\/wp-json\/wp\/v2\/posts\/2982\/revisions\/2985"}],"wp:attachment":[{"href":"http:\/\/www.pamina-business.com\/de\/wp-json\/wp\/v2\/media?parent=2982"}],"wp:term":[{"taxonomy":"category","embeddable":true,"href":"http:\/\/www.pamina-business.com\/de\/wp-json\/wp\/v2\/categories?post=2982"},{"taxonomy":"post_tag","embeddable":true,"href":"http:\/\/www.pamina-business.com\/de\/wp-json\/wp\/v2\/tags?post=2982"}],"curies":[{"name":"wp","href":"https:\/\/api.w.org\/{rel}","templated":true}]}}