{"id":2966,"date":"2018-03-05T10:07:17","date_gmt":"2018-03-05T10:07:17","guid":{"rendered":"http:\/\/www.pamina-business.com\/?p=2966"},"modified":"2018-02-27T10:10:20","modified_gmt":"2018-02-27T10:10:20","slug":"promotion-du-passe-partout-par-les-deux-volontaires-valentina-et-laetitia","status":"publish","type":"post","link":"http:\/\/www.pamina-business.com\/de\/promotion-du-passe-partout-par-les-deux-volontaires-valentina-et-laetitia\/","title":{"rendered":"Promotion du Passe-Partout par les deux volontaires Valentina et Laetitia"},"content":{"rendered":"<section id=\"mainSection\">\n<div class=\"fmodele tpl_fiche\">\n<div class=\"agendas-fiche\">\n<article class=\"media\">\n<div class=\"media-object\"><img decoding=\"async\" src=\"http:\/\/www.eurodistrict-pamina.eu\/globalflexit\/images\/img_base\/agendas\/835_556_1_img-0387.jpg\" alt=\"Promotion du Passe-Partout par les deux volontaires Valentina et Laetitia\" \/><\/div>\n<div class=\"media-body\">\n<h1 class=\"media-heading\"><\/h1>\n<div class=\"contenu\">Deux jeunes volontaires s&#8217;engagent actuellement \u00e0 l&#8217;Eurodistrict PAMINA et soutiennent la mise en oeuvre du projet INTERREG V \u00ab\u00a0Passe-Partout \u2013 Weltenbummler\u00a0\u00bb (jeu \u00e9ducatif en ligne) et aussi les projets dans le domaine de la jeunesse. <strong>Laetitia Meyer<\/strong>, franco-allemande, fait un service-civique transfrontalier dans le cadre du R\u00e9seau-Jeunesse-PAMINA\u00a0; <strong>Valentina Locatelli<\/strong>, italienne et europ\u00e9enne par conviction, fait son service volontaire europ\u00e9en IVY (Interreg Volunteer Youth) \u00e0 l&#8217;Eurodistrict PAMINA dans le cadre du projet Passe-Partout. Ensemble, elles sont impliqu\u00e9es dans la promotion de ce projet, cofinanc\u00e9 par l&#8217;Union europ\u00e9enne.<\/p>\n<p>Depuis d\u00e9but janvier 2018, Valentina et Laetitia se rendent dans les accueils p\u00e9riscolaires d&#8217;Alsace du Nord, o\u00f9 elles organisent des animations pour pr\u00e9senter l&#8217;espace PAMINA aux enfants des \u00e9coles maternelles et \u00e9l\u00e9mentaires, dans le cadre de la promotion du jeu en ligne Passe-Partout. Ces rendez-vous sont organis\u00e9es en coop\u00e9ration ave la FDMJC d&#8217;Alsace.<\/p>\n<p><strong>Presque chaque jour dans un p\u00e9riscolaire diff\u00e8rent ! <\/strong>C&#8217;est l&#8217;occasion pour la jeune italienne de d\u00e9couvrir l&#8217;Alsace du Nord, et de la red\u00e9couvrir pour la jeune alsacienne : ensemble, elles ont d\u00e9j\u00e0 rencontr\u00e9 les enfants des p\u00e9riscolaires de Scheibenhard, Soufflenheim, Niederroedern, Seltz, Mothern, Durrenbach, Woerth, Auenheim, Seebach\u2026<\/p>\n<p>A Seltz, des journalistes \u00e9taient pr\u00e9sents et France 3 Alsace a r\u00e9alis\u00e9 un reportage sur deux jeunes volontaires europ\u00e9ens:<\/p>\n<div class=\"embeddedContent oembed-provider- oembed-provider-youtube\" data-align=\"center\" data-maxheight=\"315\" data-maxwidth=\"560\" data-oembed=\"https:\/\/www.youtube.com\/watch?v=KZiI10cMyeY&amp;feature=youtu.be\" data-oembed_provider=\"youtube\" data-resizetype=\"responsive\"><iframe loading=\"lazy\" src=\"http:\/\/www.youtube.com\/embed\/KZiI10cMyeY?wmode=transparent&amp;jqoemcache=LwaNB\" width=\"425\" height=\"349\" frameborder=\"0\" scrolling=\"no\" allowfullscreen=\"allowfullscreen\" data-mce-fragment=\"1\"><\/iframe><\/div>\n<p>\u00ab\u00a0Des fois on a des grands groupes de trente enfants et plus, des fois des groups plus petits \u2013 il et m\u00eame arriv\u00e9, que nous ayons un groupe de quatre enfants. L&#8217;\u00e2ge des enfants varie aussi beaucoup : le jeu en ligne est con\u00e7u pour les 8-9 ans, mais on travaille avec une tranche d&#8217;\u00e2ge qui va de 3 \u00e0 11 ans, donc chaque animation est tr\u00e8s diff\u00e9rente. Ce qui est s\u00fbr, c&#8217;est qu&#8217;on s&#8217;amuse beaucoup et les enfants, eux, <strong>s&#8217;amusent avec nous et apprennent en m\u00eame temps<\/strong> \u00bb, t\u00e9moigne Valentina Locatelli de cette exp\u00e9rience.<\/p>\n<p>Pas seulement p\u00e9riscolaires : les deux jeunes filles \u00e9taient \u00e0 Lauterbourg lors des Portes Ouvertes de l&#8217;Eurodistrict PAMINA et se rendent aussi dans les \u00e9coles de tout l&#8217;espace PAMINA pour pr\u00e9senter ce projet p\u00e9dagogique transfrontalier.<\/p>\n<p>\u00ab\u00a0Le jeu en ligne est le point de d\u00e9part pour une belle occasion de partage : les enfants nous racontent des histoires en lien avec l&#8217;espace PAMINA, de la fois o\u00f9 ils ont visit\u00e9 le ch\u00e2teau du Fleckenstein \u00e0 quand ils se sont balad\u00e9s dans la For\u00eat-Noire. Ils nous racontent de leur famille, de leurs racines, de leur exp\u00e9rience du pays voisin \u2013 qui est n\u00e9 \u00e0 Rastatt,\u00a0 \u00e0 Karlsruhe, qui vit en Allemagne, qui a un papi allemand. <strong>On d\u00e9passe la fronti\u00e8re \u00e0 travers l&#8217;\u00e9change, on r\u00e9veille la curiosit\u00e9 de l&#8217;autre<\/strong>\u00a0\u00bb, affirme Laetitia Meyer.<\/p>\n<p>Aimerais-tu toi aussi une pr\u00e9sentation dans ton \u00e9cole ou ton p\u00e9riscolaire, pour expliquer l&#8217;espace PAMINA en jouant ? Alors contacte <a class=\"fDefault\" href=\"&#x6d;a&#x69;&#108;&#x74;&#111;&#x3a;&#x76;i&#x63;&#116;&#x6f;&#114;&#x69;&#97;&#46;&#x68;&#97;&#x6e;&#115;&#x65;&#110;&#64;&#x62;&#97;&#x73;&#45;&#x72;&#104;i&#x6e;&#46;&#x66;&#114;?subject=Passe-Partout\">Victoria Hansen,<\/a> charg\u00e9e de projet jeunesse \u00e0 l&#8217;Eurodistrict PAMINA et tutrice des deux volontaires.<\/div>\n<div class=\"contenu\"><\/div>\n<div class=\"contenu\"><em>Source<\/em> : <a href=\"http:\/\/www.eurodistrict-pamina.eu\">www.eurodistrict-pamina.eu<\/a><\/div>\n<div class=\"contenu\"><\/div>\n<div class=\"contenu\">Contact : <a href=\"m&#97;&#x69;&#x6c;&#x74;o&#58;&#105;&#x6e;&#x66;o&#64;&#101;&#x75;&#x72;od&#105;&#x73;&#x74;&#x72;i&#99;&#x74;&#x2d;&#x70;a&#109;&#105;&#x6e;&#x61;&#46;&#101;&#117;\">&#x69;&#110;&#x66;&#111;&#64;&#x65;&#117;r&#x6f;&#100;&#x69;&#x73;t&#x72;&#105;c&#x74;&#45;&#x70;&#x61;m&#x69;&#110;a&#x2e;&#101;u<\/a><\/p>\n<table border=\"0\" cellspacing=\"1\" cellpadding=\"1\">\n<tbody>\n<tr>\n<td><img decoding=\"async\" src=\"http:\/\/www.eurodistrict-pamina.eu\/globalflexit\/images\/UserFiles\/Image\/logos\/120_80_1_eu.jpg\" \/><\/td>\n<td><em>Le projet Passe-Partout est cofinanc\u00e9 par l&#8217;Union europ\u00e9enne dans le cadre du programme INTERREG V A Rhin sup\u00e9rieur. Fonds europ\u00e9en de d\u00e9veloppement r\u00e9gional (FEDER).<\/em><\/td>\n<td><img decoding=\"async\" src=\"http:\/\/www.eurodistrict-pamina.eu\/globalflexit\/images\/UserFiles\/Image\/interreg\/113_80_2_int-quadri-en-tete.jpg\" \/><\/td>\n<\/tr>\n<\/tbody>\n<\/table>\n<\/div>\n<\/div>\n<\/article>\n<\/div>\n<\/div>\n<\/section>\n","protected":false},"excerpt":{"rendered":"<p>Deux jeunes volontaires s&#8217;engagent actuellement \u00e0 l&#8217;Eurodistrict PAMINA et soutiennent la mise en oeuvre du projet INTERREG V \u00ab\u00a0Passe-Partout \u2013 Weltenbummler\u00a0\u00bb (jeu \u00e9ducatif en ligne) et aussi les projets dans le domaine de la jeunesse. Laetitia Meyer, franco-allemande, fait un service-civique transfrontalier dans le cadre du R\u00e9seau-Jeunesse-PAMINA\u00a0; Valentina Locatelli, italienne et europ\u00e9enne par conviction, fait [&hellip;]<\/p>\n","protected":false},"author":3,"featured_media":0,"comment_status":"open","ping_status":"open","sticky":false,"template":"","format":"standard","meta":{"_exactmetrics_skip_tracking":false,"_exactmetrics_sitenote_active":false,"_exactmetrics_sitenote_note":"","_exactmetrics_sitenote_category":0,"footnotes":""},"categories":[4,7],"tags":[],"class_list":["post-2966","post","type-post","status-publish","format-standard","hentry","category-education-fr","category-evenements-fr"],"yoast_head":"<!-- This site is optimized with the Yoast SEO plugin v23.5 - https:\/\/yoast.com\/wordpress\/plugins\/seo\/ -->\n<title>Promotion du Passe-Partout par les deux volontaires Valentina et Laetitia - PAMINA Business Club<\/title>\n<meta name=\"robots\" content=\"index, follow, max-snippet:-1, max-image-preview:large, max-video-preview:-1\" \/>\n<link rel=\"canonical\" href=\"http:\/\/www.pamina-business.com\/de\/promotion-du-passe-partout-par-les-deux-volontaires-valentina-et-laetitia\/\" \/>\n<meta property=\"og:locale\" content=\"de_DE\" \/>\n<meta property=\"og:type\" content=\"article\" \/>\n<meta property=\"og:title\" content=\"Promotion du Passe-Partout par les deux volontaires Valentina et Laetitia - PAMINA Business Club\" \/>\n<meta property=\"og:description\" content=\"Deux jeunes volontaires s&#8217;engagent actuellement \u00e0 l&#8217;Eurodistrict PAMINA et soutiennent la mise en oeuvre du projet INTERREG V \u00ab\u00a0Passe-Partout \u2013 Weltenbummler\u00a0\u00bb (jeu \u00e9ducatif en ligne) et aussi les projets dans le domaine de la jeunesse. Laetitia Meyer, franco-allemande, fait un service-civique transfrontalier dans le cadre du R\u00e9seau-Jeunesse-PAMINA\u00a0; Valentina Locatelli, italienne et europ\u00e9enne par conviction, fait [&hellip;]\" \/>\n<meta property=\"og:url\" content=\"http:\/\/www.pamina-business.com\/de\/promotion-du-passe-partout-par-les-deux-volontaires-valentina-et-laetitia\/\" \/>\n<meta property=\"og:site_name\" content=\"PAMINA Business Club\" \/>\n<meta property=\"article:published_time\" content=\"2018-03-05T10:07:17+00:00\" \/>\n<meta property=\"article:modified_time\" content=\"2018-02-27T10:10:20+00:00\" \/>\n<meta property=\"og:image\" content=\"http:\/\/www.eurodistrict-pamina.eu\/globalflexit\/images\/img_base\/agendas\/835_556_1_img-0387.jpg\" \/>\n<meta name=\"author\" content=\"Monique STUTZMANN\" \/>\n<meta name=\"twitter:card\" content=\"summary_large_image\" \/>\n<meta name=\"twitter:label1\" content=\"Verfasst von\" \/>\n\t<meta name=\"twitter:data1\" content=\"Monique STUTZMANN\" \/>\n\t<meta name=\"twitter:label2\" content=\"Gesch\u00e4tzte Lesezeit\" \/>\n\t<meta name=\"twitter:data2\" content=\"3\u00a0Minuten\" \/>\n<script type=\"application\/ld+json\" class=\"yoast-schema-graph\">{\"@context\":\"https:\/\/schema.org\",\"@graph\":[{\"@type\":\"WebPage\",\"@id\":\"http:\/\/www.pamina-business.com\/de\/promotion-du-passe-partout-par-les-deux-volontaires-valentina-et-laetitia\/\",\"url\":\"http:\/\/www.pamina-business.com\/de\/promotion-du-passe-partout-par-les-deux-volontaires-valentina-et-laetitia\/\",\"name\":\"Promotion du Passe-Partout par les deux volontaires Valentina et Laetitia - PAMINA Business Club\",\"isPartOf\":{\"@id\":\"http:\/\/www.pamina-business.com\/de\/#website\"},\"primaryImageOfPage\":{\"@id\":\"http:\/\/www.pamina-business.com\/de\/promotion-du-passe-partout-par-les-deux-volontaires-valentina-et-laetitia\/#primaryimage\"},\"image\":{\"@id\":\"http:\/\/www.pamina-business.com\/de\/promotion-du-passe-partout-par-les-deux-volontaires-valentina-et-laetitia\/#primaryimage\"},\"thumbnailUrl\":\"http:\/\/www.eurodistrict-pamina.eu\/globalflexit\/images\/img_base\/agendas\/835_556_1_img-0387.jpg\",\"datePublished\":\"2018-03-05T10:07:17+00:00\",\"dateModified\":\"2018-02-27T10:10:20+00:00\",\"author\":{\"@id\":\"http:\/\/www.pamina-business.com\/de\/#\/schema\/person\/9ab02536dbdbc5e3ef40bbc3452c8c69\"},\"breadcrumb\":{\"@id\":\"http:\/\/www.pamina-business.com\/de\/promotion-du-passe-partout-par-les-deux-volontaires-valentina-et-laetitia\/#breadcrumb\"},\"inLanguage\":\"de\",\"potentialAction\":[{\"@type\":\"ReadAction\",\"target\":[\"http:\/\/www.pamina-business.com\/de\/promotion-du-passe-partout-par-les-deux-volontaires-valentina-et-laetitia\/\"]}]},{\"@type\":\"ImageObject\",\"inLanguage\":\"de\",\"@id\":\"http:\/\/www.pamina-business.com\/de\/promotion-du-passe-partout-par-les-deux-volontaires-valentina-et-laetitia\/#primaryimage\",\"url\":\"http:\/\/www.eurodistrict-pamina.eu\/globalflexit\/images\/img_base\/agendas\/835_556_1_img-0387.jpg\",\"contentUrl\":\"http:\/\/www.eurodistrict-pamina.eu\/globalflexit\/images\/img_base\/agendas\/835_556_1_img-0387.jpg\"},{\"@type\":\"BreadcrumbList\",\"@id\":\"http:\/\/www.pamina-business.com\/de\/promotion-du-passe-partout-par-les-deux-volontaires-valentina-et-laetitia\/#breadcrumb\",\"itemListElement\":[{\"@type\":\"ListItem\",\"position\":1,\"name\":\"Accueil\",\"item\":\"http:\/\/www.pamina-business.com\/de\/\"},{\"@type\":\"ListItem\",\"position\":2,\"name\":\"Promotion du Passe-Partout par les deux volontaires Valentina et Laetitia\"}]},{\"@type\":\"WebSite\",\"@id\":\"http:\/\/www.pamina-business.com\/de\/#website\",\"url\":\"http:\/\/www.pamina-business.com\/de\/\",\"name\":\"PAMINA Business Club\",\"description\":\"Un site utilisant WordPress\",\"potentialAction\":[{\"@type\":\"SearchAction\",\"target\":{\"@type\":\"EntryPoint\",\"urlTemplate\":\"http:\/\/www.pamina-business.com\/de\/?s={search_term_string}\"},\"query-input\":{\"@type\":\"PropertyValueSpecification\",\"valueRequired\":true,\"valueName\":\"search_term_string\"}}],\"inLanguage\":\"de\"},{\"@type\":\"Person\",\"@id\":\"http:\/\/www.pamina-business.com\/de\/#\/schema\/person\/9ab02536dbdbc5e3ef40bbc3452c8c69\",\"name\":\"Monique STUTZMANN\",\"image\":{\"@type\":\"ImageObject\",\"inLanguage\":\"de\",\"@id\":\"http:\/\/www.pamina-business.com\/de\/#\/schema\/person\/image\/\",\"url\":\"https:\/\/secure.gravatar.com\/avatar\/cc1c3adf9a9f6e969d3da7b6b34ec66f5f4a6844dfc9145380a75e42cd91882e?s=96&d=mm&r=g\",\"contentUrl\":\"https:\/\/secure.gravatar.com\/avatar\/cc1c3adf9a9f6e969d3da7b6b34ec66f5f4a6844dfc9145380a75e42cd91882e?s=96&d=mm&r=g\",\"caption\":\"Monique STUTZMANN\"},\"url\":\"http:\/\/www.pamina-business.com\/de\/author\/monique\/\"}]}<\/script>\n<!-- \/ Yoast SEO plugin. -->","yoast_head_json":{"title":"Promotion du Passe-Partout par les deux volontaires Valentina et Laetitia - PAMINA Business Club","robots":{"index":"index","follow":"follow","max-snippet":"max-snippet:-1","max-image-preview":"max-image-preview:large","max-video-preview":"max-video-preview:-1"},"canonical":"http:\/\/www.pamina-business.com\/de\/promotion-du-passe-partout-par-les-deux-volontaires-valentina-et-laetitia\/","og_locale":"de_DE","og_type":"article","og_title":"Promotion du Passe-Partout par les deux volontaires Valentina et Laetitia - PAMINA Business Club","og_description":"Deux jeunes volontaires s&#8217;engagent actuellement \u00e0 l&#8217;Eurodistrict PAMINA et soutiennent la mise en oeuvre du projet INTERREG V \u00ab\u00a0Passe-Partout \u2013 Weltenbummler\u00a0\u00bb (jeu \u00e9ducatif en ligne) et aussi les projets dans le domaine de la jeunesse. Laetitia Meyer, franco-allemande, fait un service-civique transfrontalier dans le cadre du R\u00e9seau-Jeunesse-PAMINA\u00a0; Valentina Locatelli, italienne et europ\u00e9enne par conviction, fait [&hellip;]","og_url":"http:\/\/www.pamina-business.com\/de\/promotion-du-passe-partout-par-les-deux-volontaires-valentina-et-laetitia\/","og_site_name":"PAMINA Business Club","article_published_time":"2018-03-05T10:07:17+00:00","article_modified_time":"2018-02-27T10:10:20+00:00","og_image":[{"url":"http:\/\/www.eurodistrict-pamina.eu\/globalflexit\/images\/img_base\/agendas\/835_556_1_img-0387.jpg"}],"author":"Monique STUTZMANN","twitter_card":"summary_large_image","twitter_misc":{"Verfasst von":"Monique STUTZMANN","Gesch\u00e4tzte Lesezeit":"3\u00a0Minuten"},"schema":{"@context":"https:\/\/schema.org","@graph":[{"@type":"WebPage","@id":"http:\/\/www.pamina-business.com\/de\/promotion-du-passe-partout-par-les-deux-volontaires-valentina-et-laetitia\/","url":"http:\/\/www.pamina-business.com\/de\/promotion-du-passe-partout-par-les-deux-volontaires-valentina-et-laetitia\/","name":"Promotion du Passe-Partout par les deux volontaires Valentina et Laetitia - PAMINA Business Club","isPartOf":{"@id":"http:\/\/www.pamina-business.com\/de\/#website"},"primaryImageOfPage":{"@id":"http:\/\/www.pamina-business.com\/de\/promotion-du-passe-partout-par-les-deux-volontaires-valentina-et-laetitia\/#primaryimage"},"image":{"@id":"http:\/\/www.pamina-business.com\/de\/promotion-du-passe-partout-par-les-deux-volontaires-valentina-et-laetitia\/#primaryimage"},"thumbnailUrl":"http:\/\/www.eurodistrict-pamina.eu\/globalflexit\/images\/img_base\/agendas\/835_556_1_img-0387.jpg","datePublished":"2018-03-05T10:07:17+00:00","dateModified":"2018-02-27T10:10:20+00:00","author":{"@id":"http:\/\/www.pamina-business.com\/de\/#\/schema\/person\/9ab02536dbdbc5e3ef40bbc3452c8c69"},"breadcrumb":{"@id":"http:\/\/www.pamina-business.com\/de\/promotion-du-passe-partout-par-les-deux-volontaires-valentina-et-laetitia\/#breadcrumb"},"inLanguage":"de","potentialAction":[{"@type":"ReadAction","target":["http:\/\/www.pamina-business.com\/de\/promotion-du-passe-partout-par-les-deux-volontaires-valentina-et-laetitia\/"]}]},{"@type":"ImageObject","inLanguage":"de","@id":"http:\/\/www.pamina-business.com\/de\/promotion-du-passe-partout-par-les-deux-volontaires-valentina-et-laetitia\/#primaryimage","url":"http:\/\/www.eurodistrict-pamina.eu\/globalflexit\/images\/img_base\/agendas\/835_556_1_img-0387.jpg","contentUrl":"http:\/\/www.eurodistrict-pamina.eu\/globalflexit\/images\/img_base\/agendas\/835_556_1_img-0387.jpg"},{"@type":"BreadcrumbList","@id":"http:\/\/www.pamina-business.com\/de\/promotion-du-passe-partout-par-les-deux-volontaires-valentina-et-laetitia\/#breadcrumb","itemListElement":[{"@type":"ListItem","position":1,"name":"Accueil","item":"http:\/\/www.pamina-business.com\/de\/"},{"@type":"ListItem","position":2,"name":"Promotion du Passe-Partout par les deux volontaires Valentina et Laetitia"}]},{"@type":"WebSite","@id":"http:\/\/www.pamina-business.com\/de\/#website","url":"http:\/\/www.pamina-business.com\/de\/","name":"PAMINA Business Club","description":"Un site utilisant WordPress","potentialAction":[{"@type":"SearchAction","target":{"@type":"EntryPoint","urlTemplate":"http:\/\/www.pamina-business.com\/de\/?s={search_term_string}"},"query-input":{"@type":"PropertyValueSpecification","valueRequired":true,"valueName":"search_term_string"}}],"inLanguage":"de"},{"@type":"Person","@id":"http:\/\/www.pamina-business.com\/de\/#\/schema\/person\/9ab02536dbdbc5e3ef40bbc3452c8c69","name":"Monique STUTZMANN","image":{"@type":"ImageObject","inLanguage":"de","@id":"http:\/\/www.pamina-business.com\/de\/#\/schema\/person\/image\/","url":"https:\/\/secure.gravatar.com\/avatar\/cc1c3adf9a9f6e969d3da7b6b34ec66f5f4a6844dfc9145380a75e42cd91882e?s=96&d=mm&r=g","contentUrl":"https:\/\/secure.gravatar.com\/avatar\/cc1c3adf9a9f6e969d3da7b6b34ec66f5f4a6844dfc9145380a75e42cd91882e?s=96&d=mm&r=g","caption":"Monique STUTZMANN"},"url":"http:\/\/www.pamina-business.com\/de\/author\/monique\/"}]}},"_links":{"self":[{"href":"http:\/\/www.pamina-business.com\/de\/wp-json\/wp\/v2\/posts\/2966","targetHints":{"allow":["GET"]}}],"collection":[{"href":"http:\/\/www.pamina-business.com\/de\/wp-json\/wp\/v2\/posts"}],"about":[{"href":"http:\/\/www.pamina-business.com\/de\/wp-json\/wp\/v2\/types\/post"}],"author":[{"embeddable":true,"href":"http:\/\/www.pamina-business.com\/de\/wp-json\/wp\/v2\/users\/3"}],"replies":[{"embeddable":true,"href":"http:\/\/www.pamina-business.com\/de\/wp-json\/wp\/v2\/comments?post=2966"}],"version-history":[{"count":1,"href":"http:\/\/www.pamina-business.com\/de\/wp-json\/wp\/v2\/posts\/2966\/revisions"}],"predecessor-version":[{"id":2967,"href":"http:\/\/www.pamina-business.com\/de\/wp-json\/wp\/v2\/posts\/2966\/revisions\/2967"}],"wp:attachment":[{"href":"http:\/\/www.pamina-business.com\/de\/wp-json\/wp\/v2\/media?parent=2966"}],"wp:term":[{"taxonomy":"category","embeddable":true,"href":"http:\/\/www.pamina-business.com\/de\/wp-json\/wp\/v2\/categories?post=2966"},{"taxonomy":"post_tag","embeddable":true,"href":"http:\/\/www.pamina-business.com\/de\/wp-json\/wp\/v2\/tags?post=2966"}],"curies":[{"name":"wp","href":"https:\/\/api.w.org\/{rel}","templated":true}]}}