{"id":2959,"date":"2018-02-28T09:48:54","date_gmt":"2018-02-28T09:48:54","guid":{"rendered":"http:\/\/www.pamina-business.com\/?p=2959"},"modified":"2018-02-27T09:53:16","modified_gmt":"2018-02-27T09:53:16","slug":"service-civique-transfrontalier-pour-le-reseau-jeunesse-pamina","status":"publish","type":"post","link":"http:\/\/www.pamina-business.com\/de\/service-civique-transfrontalier-pour-le-reseau-jeunesse-pamina\/","title":{"rendered":"Service civique transfrontalier pour le R\u00e9seau-Jeunesse-PAMINA"},"content":{"rendered":"<p>En collaboration avec la F\u00e9d\u00e9ration des Maisons de Jeunes et de la Culture d&#8217;Alsace (FDMJC Alsace) et la Mehrgenerationenhaus IB de W\u00f6rth-am-Rhein, l&#8217;Eurodistrict PAMINA propose r\u00e9guli\u00e8rement des postes de \u00ab\u00a0service civique\u00a0\u00bb franco-allemand pour l&#8217;accompagnement du <a class=\"fDefault\" title=\"Pamina - R\u00e9seaux - EURODISTRICT PAMINA\" href=\"http:\/\/www.eurodistrict-pamina.eu\/fr\/pamina.html\">R\u00e9seau-Jeunesse-PAMINA<\/a>. Le ou la service civique travaillera trois mois respectivement dans un espace jeunes fran\u00e7ais \u00e0 Wissembourg, un centre de la jeunesse allemand \u00e0 W\u00f6rth am Rhein et \u00e0 l&#8217;Eurodistrict PAMINA et pourra ainsi d\u00e9couvrir le travail jeunesse dans les deux pays dans un contexte transfrontalier. Les postes sont propos\u00e9s dans le cadre du service civique fran\u00e7ais.<\/p>\n<hr \/>\n<table border=\"0\" cellspacing=\"1\" cellpadding=\"1\">\n<tbody>\n<tr>\n<td><\/td>\n<td><\/td>\n<td><\/td>\n<td><\/td>\n<td><\/td>\n<\/tr>\n<tr>\n<td><\/td>\n<td><strong>D\u00e9finition de la mission :<\/strong><\/p>\n<ul class=\"liste1\">\n<li>Contribuer au travail des animations jeunesse et enfance \u00e0 Wissembourg et W\u00f6rth am Rhein\n<ul>\n<li>travail jeunesse et enfance<\/li>\n<li>Organiser des rencontres franco-allemandes des enfants et jeunes de Wissembourg et de W\u00f6rth am Rhein<\/li>\n<\/ul>\n<\/li>\n<li>Contribuer \u00e0 l&#8217;animation du R\u00e9seau-Jeunesse-PAMINA<\/li>\n<li>Motiver et sensibiliser les partenaires au transfrontalier<\/li>\n<li>Suivre les projets et l&#8217;actualit\u00e9 du R\u00e9seau-Jeunesse-PAMINA (participation aux r\u00e9unions, \u00e9changes par mail et t\u00e9l\u00e9phone)<\/li>\n<\/ul>\n<p>&nbsp;<\/td>\n<td><\/td>\n<td><strong>Quels apports pour le volontaire<\/strong> <strong>? <\/strong><\/p>\n<ul class=\"liste1\">\n<li>D\u00e9couvrir le fonctionnement du travail jeunesse en France et en Allemagne<\/li>\n<li>Rencontrer un nombre important d&#8217;acteurs locaux dans le secteur de la jeunesse<\/li>\n<li>Apprendre \u00e0 travailler \u00e0 une \u00e9chelle transfrontali\u00e8re dans le domaine du travail jeunesse<\/li>\n<li>Appr\u00e9hender la gestion d&#8217;un r\u00e9seau transfrontalier<\/li>\n<li>Apprendre comment organiser des \u00e9v\u00e9nements<\/li>\n<li>D\u00e9couvrir et mettre en pratique l&#8217;\u00e9change interculturel entre les partenaires allemands et fran\u00e7ais<\/li>\n<\/ul>\n<\/td>\n<td><\/td>\n<\/tr>\n<\/tbody>\n<\/table>\n<p>&nbsp;<\/p>\n<table border=\"0\" cellspacing=\"1\" cellpadding=\"1\">\n<tbody>\n<tr>\n<td><\/td>\n<td colspan=\"2\"><\/td>\n<td><\/td>\n<\/tr>\n<tr>\n<td rowspan=\"2\"><\/td>\n<td rowspan=\"2\">\n<div class=\"colorBox1\"><strong>Service Civique \u2013 qu&#8217;est-ce ? <\/strong><br \/>\nLe Service Civique est un engagement volontaire au service de l&#8217;int\u00e9r\u00eat g\u00e9n\u00e9ral, ouvert \u00e0 tous les jeunes europ\u00e9ens de 18 \u00e0 25 ans, sans conditions de dipl\u00f4me. Les volontaires recoivent une indemnit\u00e9 mensuelle d&#8217;environ 500 \u20ac.<\/div>\n<\/td>\n<td rowspan=\"2\"><img decoding=\"async\" src=\"http:\/\/www.eurodistrict-pamina.eu\/globalflexit\/images\/UserFiles\/Image\/jeunesse\/200_105_2_logo-gro.jpg\" \/><\/td>\n<td rowspan=\"2\"><\/td>\n<\/tr>\n<tr>\n<td><\/td>\n<\/tr>\n<tr>\n<td><\/td>\n<td colspan=\"2\"><\/td>\n<td><\/td>\n<\/tr>\n<tr>\n<td><\/td>\n<td colspan=\"2\">\n<div class=\"colorBox3\"><strong>Quand puis-je postuler ?<\/strong><br \/>\nJusqu&#8217;\u00e0 <strong>fin mars 2018<\/strong> pour la p\u00e9riode d&#8217;octobre 2018 \u00e0 juin 2019<\/div>\n<\/td>\n<td><\/td>\n<\/tr>\n<tr>\n<td><\/td>\n<td colspan=\"2\"><\/td>\n<td><\/td>\n<\/tr>\n<tr>\n<td><\/td>\n<td colspan=\"2\">\n<div class=\"colorBox4\"><strong>J&#8217;ai une question ou je suis int\u00e9ress\u00e9(e), \u00e0 qui puis-je m&#8217;adresser ? <\/strong><br \/>\nInterlocutrice : <strong><a class=\"fDefault\" href=\"&#x6d;&#x61;&#x69;&#x6c;&#x74;&#x6f;&#x3a;&#x76;&#x69;&#x63;&#x74;&#x6f;&#x72;&#x69;&#x61;&#x2e;&#x68;&#x61;&#x6e;&#x73;&#x65;&#x6e;&#x40;&#x62;&#x61;&#x73;&#x2d;&#x72;&#x68;&#x69;&#x6e;&#x2e;&#x66;&#x72;?subject=service%20civique%20transfrontalier\">Victoria Hansen <\/a><\/strong><\/div>\n<\/td>\n<td><\/td>\n<\/tr>\n<\/tbody>\n<\/table>\n<p><a class=\"flexit_ico_file\" href=\"http:\/\/www.eurodistrict-pamina.eu\/UserFiles\/File\/jeunesse\/mission-service-civique-2018.pdf\" target=\"_blank\">Informations d\u00e9taill\u00e9es<\/a><\/p>\n<p><em>Source<\/em> : <a href=\"http:\/\/www.eurodistrict-pamina.eu\">www.eurodistrict-pamina.eu<\/a><\/p>\n<p><em>Contact<\/em> :<a href=\"&#x6d;&#97;i&#x6c;&#116;o&#x3a;&#105;n&#x66;&#x6f;&#64;&#x65;&#x75;&#114;o&#x64;&#105;s&#x74;&#114;i&#x63;&#x74;&#45;&#x70;&#x61;&#109;i&#x6e;&#97;&#46;&#x65;&#117;\"> &#105;&#x6e;&#102;&#x6f;&#64;&#x65;u&#114;&#x6f;&#100;&#x69;s&#x74;r&#105;&#x63;&#116;&#x2d;p&#x61;m&#105;&#x6e;&#97;&#x2e;e&#x75;<\/a><\/p>\n","protected":false},"excerpt":{"rendered":"<p>En collaboration avec la F\u00e9d\u00e9ration des Maisons de Jeunes et de la Culture d&#8217;Alsace (FDMJC Alsace) et la Mehrgenerationenhaus IB de W\u00f6rth-am-Rhein, l&#8217;Eurodistrict PAMINA propose r\u00e9guli\u00e8rement des postes de \u00ab\u00a0service civique\u00a0\u00bb franco-allemand pour l&#8217;accompagnement du R\u00e9seau-Jeunesse-PAMINA. Le ou la service civique travaillera trois mois respectivement dans un espace jeunes fran\u00e7ais \u00e0 Wissembourg, un centre de [&hellip;]<\/p>\n","protected":false},"author":3,"featured_media":0,"comment_status":"open","ping_status":"open","sticky":false,"template":"","format":"standard","meta":{"_exactmetrics_skip_tracking":false,"_exactmetrics_sitenote_active":false,"_exactmetrics_sitenote_note":"","_exactmetrics_sitenote_category":0,"footnotes":""},"categories":[4,7],"tags":[],"class_list":["post-2959","post","type-post","status-publish","format-standard","hentry","category-education-fr","category-evenements-fr"],"yoast_head":"<!-- This site is optimized with the Yoast SEO plugin v23.5 - https:\/\/yoast.com\/wordpress\/plugins\/seo\/ -->\n<title>Service civique transfrontalier pour le R\u00e9seau-Jeunesse-PAMINA - PAMINA Business Club<\/title>\n<meta name=\"robots\" content=\"index, follow, max-snippet:-1, max-image-preview:large, max-video-preview:-1\" \/>\n<link rel=\"canonical\" href=\"http:\/\/www.pamina-business.com\/service-civique-transfrontalier-pour-le-reseau-jeunesse-pamina\/\" \/>\n<meta property=\"og:locale\" content=\"de_DE\" \/>\n<meta property=\"og:type\" content=\"article\" \/>\n<meta property=\"og:title\" content=\"Service civique transfrontalier pour le R\u00e9seau-Jeunesse-PAMINA - PAMINA Business Club\" \/>\n<meta property=\"og:description\" content=\"En collaboration avec la F\u00e9d\u00e9ration des Maisons de Jeunes et de la Culture d&#8217;Alsace (FDMJC Alsace) et la Mehrgenerationenhaus IB de W\u00f6rth-am-Rhein, l&#8217;Eurodistrict PAMINA propose r\u00e9guli\u00e8rement des postes de \u00ab\u00a0service civique\u00a0\u00bb franco-allemand pour l&#8217;accompagnement du R\u00e9seau-Jeunesse-PAMINA. Le ou la service civique travaillera trois mois respectivement dans un espace jeunes fran\u00e7ais \u00e0 Wissembourg, un centre de [&hellip;]\" \/>\n<meta property=\"og:url\" content=\"http:\/\/www.pamina-business.com\/service-civique-transfrontalier-pour-le-reseau-jeunesse-pamina\/\" \/>\n<meta property=\"og:site_name\" content=\"PAMINA Business Club\" \/>\n<meta property=\"article:published_time\" content=\"2018-02-28T09:48:54+00:00\" \/>\n<meta property=\"article:modified_time\" content=\"2018-02-27T09:53:16+00:00\" \/>\n<meta property=\"og:image\" content=\"http:\/\/www.eurodistrict-pamina.eu\/globalflexit\/images\/UserFiles\/Image\/jeunesse\/200_105_2_logo-gro.jpg\" \/>\n<meta name=\"author\" content=\"Monique STUTZMANN\" \/>\n<meta name=\"twitter:card\" content=\"summary_large_image\" \/>\n<meta name=\"twitter:label1\" content=\"Verfasst von\" \/>\n\t<meta name=\"twitter:data1\" content=\"Monique STUTZMANN\" \/>\n\t<meta name=\"twitter:label2\" content=\"Gesch\u00e4tzte Lesezeit\" \/>\n\t<meta name=\"twitter:data2\" content=\"2\u00a0Minuten\" \/>\n<script type=\"application\/ld+json\" class=\"yoast-schema-graph\">{\"@context\":\"https:\/\/schema.org\",\"@graph\":[{\"@type\":\"WebPage\",\"@id\":\"http:\/\/www.pamina-business.com\/service-civique-transfrontalier-pour-le-reseau-jeunesse-pamina\/\",\"url\":\"http:\/\/www.pamina-business.com\/service-civique-transfrontalier-pour-le-reseau-jeunesse-pamina\/\",\"name\":\"Service civique transfrontalier pour le R\u00e9seau-Jeunesse-PAMINA - PAMINA Business Club\",\"isPartOf\":{\"@id\":\"http:\/\/www.pamina-business.com\/de\/#website\"},\"primaryImageOfPage\":{\"@id\":\"http:\/\/www.pamina-business.com\/service-civique-transfrontalier-pour-le-reseau-jeunesse-pamina\/#primaryimage\"},\"image\":{\"@id\":\"http:\/\/www.pamina-business.com\/service-civique-transfrontalier-pour-le-reseau-jeunesse-pamina\/#primaryimage\"},\"thumbnailUrl\":\"http:\/\/www.eurodistrict-pamina.eu\/globalflexit\/images\/UserFiles\/Image\/jeunesse\/200_105_2_logo-gro.jpg\",\"datePublished\":\"2018-02-28T09:48:54+00:00\",\"dateModified\":\"2018-02-27T09:53:16+00:00\",\"author\":{\"@id\":\"http:\/\/www.pamina-business.com\/de\/#\/schema\/person\/9ab02536dbdbc5e3ef40bbc3452c8c69\"},\"breadcrumb\":{\"@id\":\"http:\/\/www.pamina-business.com\/service-civique-transfrontalier-pour-le-reseau-jeunesse-pamina\/#breadcrumb\"},\"inLanguage\":\"de\",\"potentialAction\":[{\"@type\":\"ReadAction\",\"target\":[\"http:\/\/www.pamina-business.com\/service-civique-transfrontalier-pour-le-reseau-jeunesse-pamina\/\"]}]},{\"@type\":\"ImageObject\",\"inLanguage\":\"de\",\"@id\":\"http:\/\/www.pamina-business.com\/service-civique-transfrontalier-pour-le-reseau-jeunesse-pamina\/#primaryimage\",\"url\":\"http:\/\/www.eurodistrict-pamina.eu\/globalflexit\/images\/UserFiles\/Image\/jeunesse\/200_105_2_logo-gro.jpg\",\"contentUrl\":\"http:\/\/www.eurodistrict-pamina.eu\/globalflexit\/images\/UserFiles\/Image\/jeunesse\/200_105_2_logo-gro.jpg\"},{\"@type\":\"BreadcrumbList\",\"@id\":\"http:\/\/www.pamina-business.com\/service-civique-transfrontalier-pour-le-reseau-jeunesse-pamina\/#breadcrumb\",\"itemListElement\":[{\"@type\":\"ListItem\",\"position\":1,\"name\":\"Accueil\",\"item\":\"http:\/\/www.pamina-business.com\/de\/\"},{\"@type\":\"ListItem\",\"position\":2,\"name\":\"Service civique transfrontalier pour le R\u00e9seau-Jeunesse-PAMINA\"}]},{\"@type\":\"WebSite\",\"@id\":\"http:\/\/www.pamina-business.com\/de\/#website\",\"url\":\"http:\/\/www.pamina-business.com\/de\/\",\"name\":\"PAMINA Business Club\",\"description\":\"Un site utilisant WordPress\",\"potentialAction\":[{\"@type\":\"SearchAction\",\"target\":{\"@type\":\"EntryPoint\",\"urlTemplate\":\"http:\/\/www.pamina-business.com\/de\/?s={search_term_string}\"},\"query-input\":{\"@type\":\"PropertyValueSpecification\",\"valueRequired\":true,\"valueName\":\"search_term_string\"}}],\"inLanguage\":\"de\"},{\"@type\":\"Person\",\"@id\":\"http:\/\/www.pamina-business.com\/de\/#\/schema\/person\/9ab02536dbdbc5e3ef40bbc3452c8c69\",\"name\":\"Monique STUTZMANN\",\"image\":{\"@type\":\"ImageObject\",\"inLanguage\":\"de\",\"@id\":\"http:\/\/www.pamina-business.com\/de\/#\/schema\/person\/image\/\",\"url\":\"https:\/\/secure.gravatar.com\/avatar\/cc1c3adf9a9f6e969d3da7b6b34ec66f5f4a6844dfc9145380a75e42cd91882e?s=96&d=mm&r=g\",\"contentUrl\":\"https:\/\/secure.gravatar.com\/avatar\/cc1c3adf9a9f6e969d3da7b6b34ec66f5f4a6844dfc9145380a75e42cd91882e?s=96&d=mm&r=g\",\"caption\":\"Monique STUTZMANN\"},\"url\":\"http:\/\/www.pamina-business.com\/de\/author\/monique\/\"}]}<\/script>\n<!-- \/ Yoast SEO plugin. -->","yoast_head_json":{"title":"Service civique transfrontalier pour le R\u00e9seau-Jeunesse-PAMINA - PAMINA Business Club","robots":{"index":"index","follow":"follow","max-snippet":"max-snippet:-1","max-image-preview":"max-image-preview:large","max-video-preview":"max-video-preview:-1"},"canonical":"http:\/\/www.pamina-business.com\/service-civique-transfrontalier-pour-le-reseau-jeunesse-pamina\/","og_locale":"de_DE","og_type":"article","og_title":"Service civique transfrontalier pour le R\u00e9seau-Jeunesse-PAMINA - PAMINA Business Club","og_description":"En collaboration avec la F\u00e9d\u00e9ration des Maisons de Jeunes et de la Culture d&#8217;Alsace (FDMJC Alsace) et la Mehrgenerationenhaus IB de W\u00f6rth-am-Rhein, l&#8217;Eurodistrict PAMINA propose r\u00e9guli\u00e8rement des postes de \u00ab\u00a0service civique\u00a0\u00bb franco-allemand pour l&#8217;accompagnement du R\u00e9seau-Jeunesse-PAMINA. Le ou la service civique travaillera trois mois respectivement dans un espace jeunes fran\u00e7ais \u00e0 Wissembourg, un centre de [&hellip;]","og_url":"http:\/\/www.pamina-business.com\/service-civique-transfrontalier-pour-le-reseau-jeunesse-pamina\/","og_site_name":"PAMINA Business Club","article_published_time":"2018-02-28T09:48:54+00:00","article_modified_time":"2018-02-27T09:53:16+00:00","og_image":[{"url":"http:\/\/www.eurodistrict-pamina.eu\/globalflexit\/images\/UserFiles\/Image\/jeunesse\/200_105_2_logo-gro.jpg"}],"author":"Monique STUTZMANN","twitter_card":"summary_large_image","twitter_misc":{"Verfasst von":"Monique STUTZMANN","Gesch\u00e4tzte Lesezeit":"2\u00a0Minuten"},"schema":{"@context":"https:\/\/schema.org","@graph":[{"@type":"WebPage","@id":"http:\/\/www.pamina-business.com\/service-civique-transfrontalier-pour-le-reseau-jeunesse-pamina\/","url":"http:\/\/www.pamina-business.com\/service-civique-transfrontalier-pour-le-reseau-jeunesse-pamina\/","name":"Service civique transfrontalier pour le R\u00e9seau-Jeunesse-PAMINA - PAMINA Business Club","isPartOf":{"@id":"http:\/\/www.pamina-business.com\/de\/#website"},"primaryImageOfPage":{"@id":"http:\/\/www.pamina-business.com\/service-civique-transfrontalier-pour-le-reseau-jeunesse-pamina\/#primaryimage"},"image":{"@id":"http:\/\/www.pamina-business.com\/service-civique-transfrontalier-pour-le-reseau-jeunesse-pamina\/#primaryimage"},"thumbnailUrl":"http:\/\/www.eurodistrict-pamina.eu\/globalflexit\/images\/UserFiles\/Image\/jeunesse\/200_105_2_logo-gro.jpg","datePublished":"2018-02-28T09:48:54+00:00","dateModified":"2018-02-27T09:53:16+00:00","author":{"@id":"http:\/\/www.pamina-business.com\/de\/#\/schema\/person\/9ab02536dbdbc5e3ef40bbc3452c8c69"},"breadcrumb":{"@id":"http:\/\/www.pamina-business.com\/service-civique-transfrontalier-pour-le-reseau-jeunesse-pamina\/#breadcrumb"},"inLanguage":"de","potentialAction":[{"@type":"ReadAction","target":["http:\/\/www.pamina-business.com\/service-civique-transfrontalier-pour-le-reseau-jeunesse-pamina\/"]}]},{"@type":"ImageObject","inLanguage":"de","@id":"http:\/\/www.pamina-business.com\/service-civique-transfrontalier-pour-le-reseau-jeunesse-pamina\/#primaryimage","url":"http:\/\/www.eurodistrict-pamina.eu\/globalflexit\/images\/UserFiles\/Image\/jeunesse\/200_105_2_logo-gro.jpg","contentUrl":"http:\/\/www.eurodistrict-pamina.eu\/globalflexit\/images\/UserFiles\/Image\/jeunesse\/200_105_2_logo-gro.jpg"},{"@type":"BreadcrumbList","@id":"http:\/\/www.pamina-business.com\/service-civique-transfrontalier-pour-le-reseau-jeunesse-pamina\/#breadcrumb","itemListElement":[{"@type":"ListItem","position":1,"name":"Accueil","item":"http:\/\/www.pamina-business.com\/de\/"},{"@type":"ListItem","position":2,"name":"Service civique transfrontalier pour le R\u00e9seau-Jeunesse-PAMINA"}]},{"@type":"WebSite","@id":"http:\/\/www.pamina-business.com\/de\/#website","url":"http:\/\/www.pamina-business.com\/de\/","name":"PAMINA Business Club","description":"Un site utilisant WordPress","potentialAction":[{"@type":"SearchAction","target":{"@type":"EntryPoint","urlTemplate":"http:\/\/www.pamina-business.com\/de\/?s={search_term_string}"},"query-input":{"@type":"PropertyValueSpecification","valueRequired":true,"valueName":"search_term_string"}}],"inLanguage":"de"},{"@type":"Person","@id":"http:\/\/www.pamina-business.com\/de\/#\/schema\/person\/9ab02536dbdbc5e3ef40bbc3452c8c69","name":"Monique STUTZMANN","image":{"@type":"ImageObject","inLanguage":"de","@id":"http:\/\/www.pamina-business.com\/de\/#\/schema\/person\/image\/","url":"https:\/\/secure.gravatar.com\/avatar\/cc1c3adf9a9f6e969d3da7b6b34ec66f5f4a6844dfc9145380a75e42cd91882e?s=96&d=mm&r=g","contentUrl":"https:\/\/secure.gravatar.com\/avatar\/cc1c3adf9a9f6e969d3da7b6b34ec66f5f4a6844dfc9145380a75e42cd91882e?s=96&d=mm&r=g","caption":"Monique STUTZMANN"},"url":"http:\/\/www.pamina-business.com\/de\/author\/monique\/"}]}},"_links":{"self":[{"href":"http:\/\/www.pamina-business.com\/de\/wp-json\/wp\/v2\/posts\/2959","targetHints":{"allow":["GET"]}}],"collection":[{"href":"http:\/\/www.pamina-business.com\/de\/wp-json\/wp\/v2\/posts"}],"about":[{"href":"http:\/\/www.pamina-business.com\/de\/wp-json\/wp\/v2\/types\/post"}],"author":[{"embeddable":true,"href":"http:\/\/www.pamina-business.com\/de\/wp-json\/wp\/v2\/users\/3"}],"replies":[{"embeddable":true,"href":"http:\/\/www.pamina-business.com\/de\/wp-json\/wp\/v2\/comments?post=2959"}],"version-history":[{"count":1,"href":"http:\/\/www.pamina-business.com\/de\/wp-json\/wp\/v2\/posts\/2959\/revisions"}],"predecessor-version":[{"id":2960,"href":"http:\/\/www.pamina-business.com\/de\/wp-json\/wp\/v2\/posts\/2959\/revisions\/2960"}],"wp:attachment":[{"href":"http:\/\/www.pamina-business.com\/de\/wp-json\/wp\/v2\/media?parent=2959"}],"wp:term":[{"taxonomy":"category","embeddable":true,"href":"http:\/\/www.pamina-business.com\/de\/wp-json\/wp\/v2\/categories?post=2959"},{"taxonomy":"post_tag","embeddable":true,"href":"http:\/\/www.pamina-business.com\/de\/wp-json\/wp\/v2\/tags?post=2959"}],"curies":[{"name":"wp","href":"https:\/\/api.w.org\/{rel}","templated":true}]}}