{"id":2829,"date":"2017-10-27T14:53:02","date_gmt":"2017-10-27T14:53:02","guid":{"rendered":"http:\/\/www.pamina-business.com\/?p=2829"},"modified":"2017-10-24T14:55:50","modified_gmt":"2017-10-24T14:55:50","slug":"valentina-locatelli-meine-reise-nach-brussel","status":"publish","type":"post","link":"http:\/\/www.pamina-business.com\/de\/valentina-locatelli-meine-reise-nach-brussel\/","title":{"rendered":"Valentina Locatelli &#8222;Meine Reise nach Br\u00fcssel&#8220;"},"content":{"rendered":"<section id=\"mainSection\">\n<div class=\"fmodele tpl_fiche\">\n<div class=\"agendas-fiche\">\n<article class=\"media\">\n<div class=\"media-object\">\n<nav id=\"breadcrumb\" class=\"detail\">\n<div class=\"row\">\n<div class=\"col-xs-12 col-lg-6 col-lg-pull-6\">\n<h2 class=\"nomPage\"><\/h2>\n<\/div>\n<\/div>\n<\/nav>\n<section id=\"mainSection\">\n<div class=\"fmodele tpl_fiche\">\n<div class=\"agendas-fiche\">\n<article class=\"media\">\n<div class=\"media-object\"><img decoding=\"async\" src=\"http:\/\/www.eurodistrict-pamina.eu\/globalflexit\/images\/img_base\/agendas\/835_556_1_cimg0586.JPG\" alt=\"Valentina Locatelli &quot;Meine Reise nach Br\u00fcssel&quot;\" \/><\/div>\n<div class=\"media-body\">\n<h1 class=\"media-heading\"><\/h1>\n<div class=\"date\"><\/div>\n<div class=\"contenu\">Seit dem 4. September 2017 unterst\u00fctzt Valentina Locatelli das Interreg V Oberrhein Projekt <a class=\"fDefault\" href=\"http:\/\/www.eurodistrict-pamina.eu\/fr\/education-bilinguisme\/jeu-numerique-le-passe-partout_-d.html#.Wa-8k7jgpqM\">\u201eWeltenbummler \u2013 Passe-Partout\u201c<\/a> im Rahmen eines neuen europ\u00e4ischen Freiwilligendienstes, Interreg Volunteer Youth \u2013 IVY, der von der Arbeitsgemeinschaft der Europ\u00e4ischen Grenzregionen koordiniert (<a class=\"fDefault\" href=\"http:\/\/www.aebr.eu\/fr\/\" target=\"_blank\">AGEG<\/a>) wird. W\u00e4hrend dieses Zeitraums von sechs Monaten wird die 24-j\u00e4hrige Italienerin regelm\u00e4\u00dfig \u00fcber ihre Aktivit\u00e4ten berichten, dieses Mal \u00fcber eine Reise nach Br\u00fcssel:<\/p>\n<div class=\"colorBox4\"><em>Vom 9. bis 12. Oktober 2017 fand die Europ\u00e4ische Woche der St\u00e4dte und Regionen in Br\u00fcssel statt. Die Veranstaltung wurde vom Ausschuss der Regionen der EU (AdR) und der Generaldirektion f\u00fcr Regional- und St\u00e4dtepolitik der Europ\u00e4ischen Kommission (GD REGIO) gemeinsam ausgerichtet.<\/p>\n<p>Ich war von der <a class=\"fDefault\" href=\"http:\/\/www.eurodistrict-pamina.eu\/de\/europa.html\">AGEG<\/a>, der Arbeitsgemeinschaft Europ\u00e4ischer Grenzregionen, als IVY Freiwillige eingeladen worden. Die AGEG koordiniert das Interreg Volunteer Youth Programm. Ich habe drei Intensive Tage in Br\u00fcssel verbracht und habe mich dort in die Interreg Welt gest\u00fcrzt.<\/p>\n<p>Am Abend des 9. Oktobers bin ich, zusammen mit meiner Mentorin Victoria Hansen, zu der Veranstaltung \u2018IVY Get Together\u2018 in Press Club Brussels Europe gegangen. Dort habe ich die IVY Akteure kennengelernt: die Akteure, die bei der AGEG das Programm koordinieren, die Akteure, die in der Europ\u00e4ische Kommission das Programm unterst\u00fctzen, aber vor allem 28 andere Freiwillige aus ganz Europa, die in grenz\u00fcberschreitende Regionen \u00fcberall auf dem Kontinent Projekte unterst\u00fctzen, entweder als Interreg Projekt Partner oder als Interreg Reporter. Es war f\u00fcr mich ein Vergn\u00fcgen, so viele Leute zu treffen und \u00fcber unsere gemeinsame Erfahrung zu sprechen.<\/p>\n<p>Am n\u00e4chsten Tag hatte ich die M\u00f6glichkeit, an einem Workshop \u00fcber die Bedeutung digitaler Kompetenzen f\u00fcr die Jugendbesch\u00e4ftigung \u00a0teilzunehmen.<\/p>\n<p>Das \u201eHighlight\u201c in diesen drei Tagen in Br\u00fcssel war f\u00fcr mich der letzten Tag: <strong>Ich war von der AGEG eingeladen worden, als Redner an dem Workshop \u201eSolidarity wanted: better call an Interreg Volunteer\u201c teilzunehmen, um \u00fcber meine Erfahrung als IVY Freiwillige beim Eurodistrikt PAMINA zu verschiedene Akteuren der territorialen Zusammenarbeit zu sprechen<\/strong>.<br \/>\nSo bin ich, zusammen mit einer weiteren Freiwilligen aus Schweden die in der Slowakei arbeitet, zum Centre de Conf\u00e9rences Albert Borschette gegangen, um unsere Geschichten zu erz\u00e4hlen.<br \/>\nIch erz\u00e4hlte dem Publikum, warum ich Mitglied des Programms \u201eEurop\u00e4ischer Solidarit\u00e4tskorps\u201c, wurde. Ich sprach \u00fcber unser Onlinespiel, den Weltenbummler, und \u00fcber die Bedeutung davon, so schnell wie m\u00f6glich ein Gef\u00fchl der Unionsb\u00fcrgerschaft bei den Kindern zu erzeugen, um so eine gemeinsame Zukunft f\u00fcr die Europ\u00e4ische Union zu gew\u00e4hrleisten.<br \/>\nWir hatten ein sehr enthusiastisches Publikum, das einen interessanten Diskussionsraum schuf: Verschiedene Akteuren schlugen vor, ein Netzwerk von IVY-europ\u00e4ischen Freiwilligen f\u00fcr den Austausch und die Zusammenarbeit zu schaffen.<\/p>\n<p>Ich komme inspiriert aus Br\u00fcssel zur\u00fcck, mit gro\u00dfem Optimismus f\u00fcr die Fortsetzung meiner Freiwilligent\u00e4tigkeit und mit einer gro\u00dfen neuen Gruppe\u00a0 Freunde \u00fcberall in Europa. Ich werde die Dinge weiterhin so gut tun, wie ich kann, denn ich wei\u00df, dass ich in die richtige Richtung gehe.<\/em><\/div>\n<p>Links:<br \/>\n<a href=\"https:\/\/www.interregyouth.com\/\" target=\"_blank\">www.interregyouth.com<\/a><br \/>\n<a href=\"https:\/\/europa.eu\/youth\/solidarity_en\" target=\"_blank\">europa.eu\/youth\/solidarity_en<\/a><br \/>\n<a href=\"https:\/\/webcast.ec.europa.eu\/european-week-of-regions-and-cities-11b88\" target=\"_blank\">webcast.ec.europa.eu\/european-week-of-regions-and-cities-11b88<\/a><\/div>\n<\/div>\n<\/article>\n<\/div>\n<\/div>\n<\/section>\n<\/div>\n<\/article>\n<div class=\"media-body\"><em class=\"media-heading\">Quelle : <\/em><a href=\"http:\/\/www.eurodistrict-pamina.eu\">www.eurodistrict-pamina.eu<\/a><\/div>\n<\/div>\n<\/div>\n<\/section>\n","protected":false},"excerpt":{"rendered":"<p>Seit dem 4. September 2017 unterst\u00fctzt Valentina Locatelli das Interreg V Oberrhein Projekt \u201eWeltenbummler \u2013 Passe-Partout\u201c im Rahmen eines neuen europ\u00e4ischen Freiwilligendienstes, Interreg Volunteer Youth \u2013 IVY, der von der Arbeitsgemeinschaft der Europ\u00e4ischen Grenzregionen koordiniert (AGEG) wird. W\u00e4hrend dieses Zeitraums von sechs Monaten wird die 24-j\u00e4hrige Italienerin regelm\u00e4\u00dfig \u00fcber ihre Aktivit\u00e4ten berichten, dieses Mal \u00fcber [&hellip;]<\/p>\n","protected":false},"author":3,"featured_media":0,"comment_status":"open","ping_status":"open","sticky":false,"template":"","format":"standard","meta":{"_exactmetrics_skip_tracking":false,"_exactmetrics_sitenote_active":false,"_exactmetrics_sitenote_note":"","_exactmetrics_sitenote_category":0,"footnotes":""},"categories":[57,59],"tags":[],"class_list":["post-2829","post","type-post","status-publish","format-standard","hentry","category-berufsbildung-de","category-ereignisse-de"],"yoast_head":"<!-- This site is optimized with the Yoast SEO plugin v23.5 - https:\/\/yoast.com\/wordpress\/plugins\/seo\/ -->\n<title>Valentina Locatelli &quot;Meine Reise nach Br\u00fcssel&quot; - PAMINA Business Club<\/title>\n<meta name=\"robots\" content=\"index, follow, max-snippet:-1, max-image-preview:large, max-video-preview:-1\" \/>\n<link rel=\"canonical\" href=\"http:\/\/www.pamina-business.com\/de\/valentina-locatelli-meine-reise-nach-brussel\/\" \/>\n<meta property=\"og:locale\" content=\"de_DE\" \/>\n<meta property=\"og:type\" content=\"article\" \/>\n<meta property=\"og:title\" content=\"Valentina Locatelli &quot;Meine Reise nach Br\u00fcssel&quot; - PAMINA Business Club\" \/>\n<meta property=\"og:description\" content=\"Seit dem 4. September 2017 unterst\u00fctzt Valentina Locatelli das Interreg V Oberrhein Projekt \u201eWeltenbummler \u2013 Passe-Partout\u201c im Rahmen eines neuen europ\u00e4ischen Freiwilligendienstes, Interreg Volunteer Youth \u2013 IVY, der von der Arbeitsgemeinschaft der Europ\u00e4ischen Grenzregionen koordiniert (AGEG) wird. W\u00e4hrend dieses Zeitraums von sechs Monaten wird die 24-j\u00e4hrige Italienerin regelm\u00e4\u00dfig \u00fcber ihre Aktivit\u00e4ten berichten, dieses Mal \u00fcber [&hellip;]\" \/>\n<meta property=\"og:url\" content=\"http:\/\/www.pamina-business.com\/de\/valentina-locatelli-meine-reise-nach-brussel\/\" \/>\n<meta property=\"og:site_name\" content=\"PAMINA Business Club\" \/>\n<meta property=\"article:published_time\" content=\"2017-10-27T14:53:02+00:00\" \/>\n<meta property=\"article:modified_time\" content=\"2017-10-24T14:55:50+00:00\" \/>\n<meta property=\"og:image\" content=\"http:\/\/www.eurodistrict-pamina.eu\/globalflexit\/images\/img_base\/agendas\/835_556_1_cimg0586.JPG\" \/>\n<meta name=\"author\" content=\"Monique STUTZMANN\" \/>\n<meta name=\"twitter:card\" content=\"summary_large_image\" \/>\n<meta name=\"twitter:label1\" content=\"Verfasst von\" \/>\n\t<meta name=\"twitter:data1\" content=\"Monique STUTZMANN\" \/>\n\t<meta name=\"twitter:label2\" content=\"Gesch\u00e4tzte Lesezeit\" \/>\n\t<meta name=\"twitter:data2\" content=\"3\u00a0Minuten\" \/>\n<script type=\"application\/ld+json\" class=\"yoast-schema-graph\">{\"@context\":\"https:\/\/schema.org\",\"@graph\":[{\"@type\":\"WebPage\",\"@id\":\"http:\/\/www.pamina-business.com\/de\/valentina-locatelli-meine-reise-nach-brussel\/\",\"url\":\"http:\/\/www.pamina-business.com\/de\/valentina-locatelli-meine-reise-nach-brussel\/\",\"name\":\"Valentina Locatelli \\\"Meine Reise nach Br\u00fcssel\\\" - PAMINA Business Club\",\"isPartOf\":{\"@id\":\"https:\/\/www.pamina-business.com\/de\/#website\"},\"primaryImageOfPage\":{\"@id\":\"http:\/\/www.pamina-business.com\/de\/valentina-locatelli-meine-reise-nach-brussel\/#primaryimage\"},\"image\":{\"@id\":\"http:\/\/www.pamina-business.com\/de\/valentina-locatelli-meine-reise-nach-brussel\/#primaryimage\"},\"thumbnailUrl\":\"http:\/\/www.eurodistrict-pamina.eu\/globalflexit\/images\/img_base\/agendas\/835_556_1_cimg0586.JPG\",\"datePublished\":\"2017-10-27T14:53:02+00:00\",\"dateModified\":\"2017-10-24T14:55:50+00:00\",\"author\":{\"@id\":\"https:\/\/www.pamina-business.com\/de\/#\/schema\/person\/9ab02536dbdbc5e3ef40bbc3452c8c69\"},\"breadcrumb\":{\"@id\":\"http:\/\/www.pamina-business.com\/de\/valentina-locatelli-meine-reise-nach-brussel\/#breadcrumb\"},\"inLanguage\":\"de\",\"potentialAction\":[{\"@type\":\"ReadAction\",\"target\":[\"http:\/\/www.pamina-business.com\/de\/valentina-locatelli-meine-reise-nach-brussel\/\"]}]},{\"@type\":\"ImageObject\",\"inLanguage\":\"de\",\"@id\":\"http:\/\/www.pamina-business.com\/de\/valentina-locatelli-meine-reise-nach-brussel\/#primaryimage\",\"url\":\"http:\/\/www.eurodistrict-pamina.eu\/globalflexit\/images\/img_base\/agendas\/835_556_1_cimg0586.JPG\",\"contentUrl\":\"http:\/\/www.eurodistrict-pamina.eu\/globalflexit\/images\/img_base\/agendas\/835_556_1_cimg0586.JPG\"},{\"@type\":\"BreadcrumbList\",\"@id\":\"http:\/\/www.pamina-business.com\/de\/valentina-locatelli-meine-reise-nach-brussel\/#breadcrumb\",\"itemListElement\":[{\"@type\":\"ListItem\",\"position\":1,\"name\":\"Accueil\",\"item\":\"https:\/\/www.pamina-business.com\/de\/\"},{\"@type\":\"ListItem\",\"position\":2,\"name\":\"Valentina Locatelli &#8222;Meine Reise nach Br\u00fcssel&#8220;\"}]},{\"@type\":\"WebSite\",\"@id\":\"https:\/\/www.pamina-business.com\/de\/#website\",\"url\":\"https:\/\/www.pamina-business.com\/de\/\",\"name\":\"PAMINA Business Club\",\"description\":\"Un site utilisant WordPress\",\"potentialAction\":[{\"@type\":\"SearchAction\",\"target\":{\"@type\":\"EntryPoint\",\"urlTemplate\":\"https:\/\/www.pamina-business.com\/de\/?s={search_term_string}\"},\"query-input\":{\"@type\":\"PropertyValueSpecification\",\"valueRequired\":true,\"valueName\":\"search_term_string\"}}],\"inLanguage\":\"de\"},{\"@type\":\"Person\",\"@id\":\"https:\/\/www.pamina-business.com\/de\/#\/schema\/person\/9ab02536dbdbc5e3ef40bbc3452c8c69\",\"name\":\"Monique STUTZMANN\",\"image\":{\"@type\":\"ImageObject\",\"inLanguage\":\"de\",\"@id\":\"https:\/\/www.pamina-business.com\/de\/#\/schema\/person\/image\/\",\"url\":\"https:\/\/secure.gravatar.com\/avatar\/cc1c3adf9a9f6e969d3da7b6b34ec66f5f4a6844dfc9145380a75e42cd91882e?s=96&d=mm&r=g\",\"contentUrl\":\"https:\/\/secure.gravatar.com\/avatar\/cc1c3adf9a9f6e969d3da7b6b34ec66f5f4a6844dfc9145380a75e42cd91882e?s=96&d=mm&r=g\",\"caption\":\"Monique STUTZMANN\"},\"url\":\"http:\/\/www.pamina-business.com\/de\/author\/monique\/\"}]}<\/script>\n<!-- \/ Yoast SEO plugin. -->","yoast_head_json":{"title":"Valentina Locatelli \"Meine Reise nach Br\u00fcssel\" - PAMINA Business Club","robots":{"index":"index","follow":"follow","max-snippet":"max-snippet:-1","max-image-preview":"max-image-preview:large","max-video-preview":"max-video-preview:-1"},"canonical":"http:\/\/www.pamina-business.com\/de\/valentina-locatelli-meine-reise-nach-brussel\/","og_locale":"de_DE","og_type":"article","og_title":"Valentina Locatelli \"Meine Reise nach Br\u00fcssel\" - PAMINA Business Club","og_description":"Seit dem 4. September 2017 unterst\u00fctzt Valentina Locatelli das Interreg V Oberrhein Projekt \u201eWeltenbummler \u2013 Passe-Partout\u201c im Rahmen eines neuen europ\u00e4ischen Freiwilligendienstes, Interreg Volunteer Youth \u2013 IVY, der von der Arbeitsgemeinschaft der Europ\u00e4ischen Grenzregionen koordiniert (AGEG) wird. W\u00e4hrend dieses Zeitraums von sechs Monaten wird die 24-j\u00e4hrige Italienerin regelm\u00e4\u00dfig \u00fcber ihre Aktivit\u00e4ten berichten, dieses Mal \u00fcber [&hellip;]","og_url":"http:\/\/www.pamina-business.com\/de\/valentina-locatelli-meine-reise-nach-brussel\/","og_site_name":"PAMINA Business Club","article_published_time":"2017-10-27T14:53:02+00:00","article_modified_time":"2017-10-24T14:55:50+00:00","og_image":[{"url":"http:\/\/www.eurodistrict-pamina.eu\/globalflexit\/images\/img_base\/agendas\/835_556_1_cimg0586.JPG"}],"author":"Monique STUTZMANN","twitter_card":"summary_large_image","twitter_misc":{"Verfasst von":"Monique STUTZMANN","Gesch\u00e4tzte Lesezeit":"3\u00a0Minuten"},"schema":{"@context":"https:\/\/schema.org","@graph":[{"@type":"WebPage","@id":"http:\/\/www.pamina-business.com\/de\/valentina-locatelli-meine-reise-nach-brussel\/","url":"http:\/\/www.pamina-business.com\/de\/valentina-locatelli-meine-reise-nach-brussel\/","name":"Valentina Locatelli \"Meine Reise nach Br\u00fcssel\" - PAMINA Business Club","isPartOf":{"@id":"https:\/\/www.pamina-business.com\/de\/#website"},"primaryImageOfPage":{"@id":"http:\/\/www.pamina-business.com\/de\/valentina-locatelli-meine-reise-nach-brussel\/#primaryimage"},"image":{"@id":"http:\/\/www.pamina-business.com\/de\/valentina-locatelli-meine-reise-nach-brussel\/#primaryimage"},"thumbnailUrl":"http:\/\/www.eurodistrict-pamina.eu\/globalflexit\/images\/img_base\/agendas\/835_556_1_cimg0586.JPG","datePublished":"2017-10-27T14:53:02+00:00","dateModified":"2017-10-24T14:55:50+00:00","author":{"@id":"https:\/\/www.pamina-business.com\/de\/#\/schema\/person\/9ab02536dbdbc5e3ef40bbc3452c8c69"},"breadcrumb":{"@id":"http:\/\/www.pamina-business.com\/de\/valentina-locatelli-meine-reise-nach-brussel\/#breadcrumb"},"inLanguage":"de","potentialAction":[{"@type":"ReadAction","target":["http:\/\/www.pamina-business.com\/de\/valentina-locatelli-meine-reise-nach-brussel\/"]}]},{"@type":"ImageObject","inLanguage":"de","@id":"http:\/\/www.pamina-business.com\/de\/valentina-locatelli-meine-reise-nach-brussel\/#primaryimage","url":"http:\/\/www.eurodistrict-pamina.eu\/globalflexit\/images\/img_base\/agendas\/835_556_1_cimg0586.JPG","contentUrl":"http:\/\/www.eurodistrict-pamina.eu\/globalflexit\/images\/img_base\/agendas\/835_556_1_cimg0586.JPG"},{"@type":"BreadcrumbList","@id":"http:\/\/www.pamina-business.com\/de\/valentina-locatelli-meine-reise-nach-brussel\/#breadcrumb","itemListElement":[{"@type":"ListItem","position":1,"name":"Accueil","item":"https:\/\/www.pamina-business.com\/de\/"},{"@type":"ListItem","position":2,"name":"Valentina Locatelli &#8222;Meine Reise nach Br\u00fcssel&#8220;"}]},{"@type":"WebSite","@id":"https:\/\/www.pamina-business.com\/de\/#website","url":"https:\/\/www.pamina-business.com\/de\/","name":"PAMINA Business Club","description":"Un site utilisant WordPress","potentialAction":[{"@type":"SearchAction","target":{"@type":"EntryPoint","urlTemplate":"https:\/\/www.pamina-business.com\/de\/?s={search_term_string}"},"query-input":{"@type":"PropertyValueSpecification","valueRequired":true,"valueName":"search_term_string"}}],"inLanguage":"de"},{"@type":"Person","@id":"https:\/\/www.pamina-business.com\/de\/#\/schema\/person\/9ab02536dbdbc5e3ef40bbc3452c8c69","name":"Monique STUTZMANN","image":{"@type":"ImageObject","inLanguage":"de","@id":"https:\/\/www.pamina-business.com\/de\/#\/schema\/person\/image\/","url":"https:\/\/secure.gravatar.com\/avatar\/cc1c3adf9a9f6e969d3da7b6b34ec66f5f4a6844dfc9145380a75e42cd91882e?s=96&d=mm&r=g","contentUrl":"https:\/\/secure.gravatar.com\/avatar\/cc1c3adf9a9f6e969d3da7b6b34ec66f5f4a6844dfc9145380a75e42cd91882e?s=96&d=mm&r=g","caption":"Monique STUTZMANN"},"url":"http:\/\/www.pamina-business.com\/de\/author\/monique\/"}]}},"_links":{"self":[{"href":"http:\/\/www.pamina-business.com\/de\/wp-json\/wp\/v2\/posts\/2829","targetHints":{"allow":["GET"]}}],"collection":[{"href":"http:\/\/www.pamina-business.com\/de\/wp-json\/wp\/v2\/posts"}],"about":[{"href":"http:\/\/www.pamina-business.com\/de\/wp-json\/wp\/v2\/types\/post"}],"author":[{"embeddable":true,"href":"http:\/\/www.pamina-business.com\/de\/wp-json\/wp\/v2\/users\/3"}],"replies":[{"embeddable":true,"href":"http:\/\/www.pamina-business.com\/de\/wp-json\/wp\/v2\/comments?post=2829"}],"version-history":[{"count":1,"href":"http:\/\/www.pamina-business.com\/de\/wp-json\/wp\/v2\/posts\/2829\/revisions"}],"predecessor-version":[{"id":2830,"href":"http:\/\/www.pamina-business.com\/de\/wp-json\/wp\/v2\/posts\/2829\/revisions\/2830"}],"wp:attachment":[{"href":"http:\/\/www.pamina-business.com\/de\/wp-json\/wp\/v2\/media?parent=2829"}],"wp:term":[{"taxonomy":"category","embeddable":true,"href":"http:\/\/www.pamina-business.com\/de\/wp-json\/wp\/v2\/categories?post=2829"},{"taxonomy":"post_tag","embeddable":true,"href":"http:\/\/www.pamina-business.com\/de\/wp-json\/wp\/v2\/tags?post=2829"}],"curies":[{"name":"wp","href":"https:\/\/api.w.org\/{rel}","templated":true}]}}