{"id":2800,"date":"2017-10-20T14:38:54","date_gmt":"2017-10-20T14:38:54","guid":{"rendered":"http:\/\/www.pamina-business.com\/?p=2800"},"modified":"2017-10-10T14:40:59","modified_gmt":"2017-10-10T14:40:59","slug":"5eme-journee-daction-pamina-le-8-novembre-2017","status":"publish","type":"post","link":"http:\/\/www.pamina-business.com\/de\/5eme-journee-daction-pamina-le-8-novembre-2017\/","title":{"rendered":"5\u00e8me Journ\u00e9e d&#8217;Action PAMINA le 7 Novembre 2017"},"content":{"rendered":"<section id=\"mainSection\">\n<div class=\"fmodele tpl_fiche\">\n<div class=\"agendas-fiche\">\n<article class=\"media\">\n<div class=\"media-object\"><img decoding=\"async\" src=\"http:\/\/www.eurodistrict-pamina.eu\/globalflexit\/images\/img_base\/agendas\/835_556_1_dscf8897.JPG\" alt=\"5\u00e8me Journ\u00e9e d'Action PAMINA\" \/><\/div>\n<div class=\"media-body\">\n<h1 class=\"media-heading\"><\/h1>\n<div class=\"date\"><\/div>\n<div class=\"contenu\">\n<p>Le 7 novembre 2017 aura lieu la 5<sup>\u00e8me<\/sup> Journ\u00e9e d&#8217;Action du R\u00e9seau-Jeunesse-PAMINA. Cette manifestation mettra une nouvelle fois l&#8217;accent sur l&#8217;\u00e9change transfrontalier des acteurs jeunesse et enfance de l&#8217;Alsace, du pays de Bade et du Palatinat du Sud. Ainsi, les participants pourront nouer de nouveaux contacts transfrontaliers, d\u00e9velopper des id\u00e9es pour des projets enfants et jeunes et trouver des partenaires pour des id\u00e9es de projets existantes.<\/p>\n<p>Cette Journ\u00e9e d&#8217;Action \u2013 ayant lieu pour la premi\u00e8re fois en novembre \u2013 permettra en particulier l&#8217;organisation de programmes communs pour l&#8217;\u00e9t\u00e9 2018\u00a0: des colonies de vacances, une journ\u00e9e d\u00e9couverte transfrontali\u00e8re\u2026 autant de projets passionnants\u00a0pourront ainsi na\u00eetre gr\u00e2ce \u00e0 cette manifestation.<\/p>\n<p>De plus, l&#8217;apr\u00e8s-midi, trois ateliers th\u00e9matiques permettront de discuter de sujets d&#8217;actualit\u00e9 en lien avec le R\u00e9seau-Jeunesse-PAMINA ou le travail jeunesse en France et en Allemagne.<\/p>\n<p>Les animateurs jeunesse ou enfance int\u00e9ress\u00e9s peuvent s&#8217;inscrire d&#8217;ici le 22 octobre aupr\u00e8s de <a class=\"fDefault\" href=\"m&#97;&#105;&#x6c;&#x74;&#x6f;:v&#105;&#99;&#x74;&#x6f;&#x72;i&#97;&#46;&#104;&#x61;&#x6e;&#x73;e&#110;&#64;&#x62;&#x61;&#x73;-r&#104;&#105;&#x6e;&#x2e;&#x66;r?subject=Journ%C3%A9e%20d%27Action%20PAMINA\">Victoria Hansen<\/a>.<\/p>\n<p>De plus amples informations sont disponibles dans le\u00a0 <a class=\"flexit_ico_file\" href=\"http:\/\/www.eurodistrict-pamina.eu\/UserFiles\/File\/jeunesse\/flyer-ja-pamina.pdf\" target=\"_blank\">d\u00e9pliant\u00a0\u00a0 <\/a>et le\u00a0 <a class=\"flexit_ico_file\" href=\"http:\/\/www.eurodistrict-pamina.eu\/UserFiles\/File\/jeunesse\/infos-anmeldung-ja-pamina.pdf\" target=\"_blank\">programme\u00a0\u00a0 <\/a>de la manifestation.<br \/>\n<span class=\"legende\">Photo : 4<sup>\u00e8me<\/sup> Journ\u00e9e d&#8217;Action \u00e0 Bad Bergzabern<\/span><\/p>\n<\/div>\n<\/div>\n<\/article>\n<\/div>\n<\/div>\n<\/section>\n","protected":false},"excerpt":{"rendered":"<p>Le 7 novembre 2017 aura lieu la 5\u00e8me Journ\u00e9e d&#8217;Action du R\u00e9seau-Jeunesse-PAMINA. Cette manifestation mettra une nouvelle fois l&#8217;accent sur l&#8217;\u00e9change transfrontalier des acteurs jeunesse et enfance de l&#8217;Alsace, du pays de Bade et du Palatinat du Sud. Ainsi, les participants pourront nouer de nouveaux contacts transfrontaliers, d\u00e9velopper des id\u00e9es pour des projets enfants et [&hellip;]<\/p>\n","protected":false},"author":3,"featured_media":0,"comment_status":"open","ping_status":"open","sticky":false,"template":"","format":"standard","meta":{"_exactmetrics_skip_tracking":false,"_exactmetrics_sitenote_active":false,"_exactmetrics_sitenote_note":"","_exactmetrics_sitenote_category":0,"footnotes":""},"categories":[4,7],"tags":[],"class_list":["post-2800","post","type-post","status-publish","format-standard","hentry","category-education-fr","category-evenements-fr"],"yoast_head":"<!-- This site is optimized with the Yoast SEO plugin v23.5 - https:\/\/yoast.com\/wordpress\/plugins\/seo\/ -->\n<title>5\u00e8me Journ\u00e9e d&#039;Action PAMINA le 7 Novembre 2017 - PAMINA Business Club<\/title>\n<meta name=\"robots\" content=\"index, follow, max-snippet:-1, max-image-preview:large, max-video-preview:-1\" \/>\n<link rel=\"canonical\" href=\"http:\/\/www.pamina-business.com\/de\/5eme-journee-daction-pamina-le-8-novembre-2017\/\" \/>\n<meta property=\"og:locale\" content=\"de_DE\" \/>\n<meta property=\"og:type\" content=\"article\" \/>\n<meta property=\"og:title\" content=\"5\u00e8me Journ\u00e9e d&#039;Action PAMINA le 7 Novembre 2017 - PAMINA Business Club\" \/>\n<meta property=\"og:description\" content=\"Le 7 novembre 2017 aura lieu la 5\u00e8me Journ\u00e9e d&#8217;Action du R\u00e9seau-Jeunesse-PAMINA. Cette manifestation mettra une nouvelle fois l&#8217;accent sur l&#8217;\u00e9change transfrontalier des acteurs jeunesse et enfance de l&#8217;Alsace, du pays de Bade et du Palatinat du Sud. Ainsi, les participants pourront nouer de nouveaux contacts transfrontaliers, d\u00e9velopper des id\u00e9es pour des projets enfants et [&hellip;]\" \/>\n<meta property=\"og:url\" content=\"http:\/\/www.pamina-business.com\/de\/5eme-journee-daction-pamina-le-8-novembre-2017\/\" \/>\n<meta property=\"og:site_name\" content=\"PAMINA Business Club\" \/>\n<meta property=\"article:published_time\" content=\"2017-10-20T14:38:54+00:00\" \/>\n<meta property=\"article:modified_time\" content=\"2017-10-10T14:40:59+00:00\" \/>\n<meta property=\"og:image\" content=\"http:\/\/www.eurodistrict-pamina.eu\/globalflexit\/images\/img_base\/agendas\/835_556_1_dscf8897.JPG\" \/>\n<meta name=\"author\" content=\"Monique STUTZMANN\" \/>\n<meta name=\"twitter:card\" content=\"summary_large_image\" \/>\n<meta name=\"twitter:label1\" content=\"Verfasst von\" \/>\n\t<meta name=\"twitter:data1\" content=\"Monique STUTZMANN\" \/>\n\t<meta name=\"twitter:label2\" content=\"Gesch\u00e4tzte Lesezeit\" \/>\n\t<meta name=\"twitter:data2\" content=\"1\u00a0Minute\" \/>\n<script type=\"application\/ld+json\" class=\"yoast-schema-graph\">{\"@context\":\"https:\/\/schema.org\",\"@graph\":[{\"@type\":\"WebPage\",\"@id\":\"http:\/\/www.pamina-business.com\/de\/5eme-journee-daction-pamina-le-8-novembre-2017\/\",\"url\":\"http:\/\/www.pamina-business.com\/de\/5eme-journee-daction-pamina-le-8-novembre-2017\/\",\"name\":\"5\u00e8me Journ\u00e9e d'Action PAMINA le 7 Novembre 2017 - PAMINA Business Club\",\"isPartOf\":{\"@id\":\"http:\/\/www.pamina-business.com\/de\/#website\"},\"primaryImageOfPage\":{\"@id\":\"http:\/\/www.pamina-business.com\/de\/5eme-journee-daction-pamina-le-8-novembre-2017\/#primaryimage\"},\"image\":{\"@id\":\"http:\/\/www.pamina-business.com\/de\/5eme-journee-daction-pamina-le-8-novembre-2017\/#primaryimage\"},\"thumbnailUrl\":\"http:\/\/www.eurodistrict-pamina.eu\/globalflexit\/images\/img_base\/agendas\/835_556_1_dscf8897.JPG\",\"datePublished\":\"2017-10-20T14:38:54+00:00\",\"dateModified\":\"2017-10-10T14:40:59+00:00\",\"author\":{\"@id\":\"http:\/\/www.pamina-business.com\/de\/#\/schema\/person\/9ab02536dbdbc5e3ef40bbc3452c8c69\"},\"breadcrumb\":{\"@id\":\"http:\/\/www.pamina-business.com\/de\/5eme-journee-daction-pamina-le-8-novembre-2017\/#breadcrumb\"},\"inLanguage\":\"de\",\"potentialAction\":[{\"@type\":\"ReadAction\",\"target\":[\"http:\/\/www.pamina-business.com\/de\/5eme-journee-daction-pamina-le-8-novembre-2017\/\"]}]},{\"@type\":\"ImageObject\",\"inLanguage\":\"de\",\"@id\":\"http:\/\/www.pamina-business.com\/de\/5eme-journee-daction-pamina-le-8-novembre-2017\/#primaryimage\",\"url\":\"http:\/\/www.eurodistrict-pamina.eu\/globalflexit\/images\/img_base\/agendas\/835_556_1_dscf8897.JPG\",\"contentUrl\":\"http:\/\/www.eurodistrict-pamina.eu\/globalflexit\/images\/img_base\/agendas\/835_556_1_dscf8897.JPG\"},{\"@type\":\"BreadcrumbList\",\"@id\":\"http:\/\/www.pamina-business.com\/de\/5eme-journee-daction-pamina-le-8-novembre-2017\/#breadcrumb\",\"itemListElement\":[{\"@type\":\"ListItem\",\"position\":1,\"name\":\"Accueil\",\"item\":\"http:\/\/www.pamina-business.com\/de\/\"},{\"@type\":\"ListItem\",\"position\":2,\"name\":\"5\u00e8me Journ\u00e9e d&#8217;Action PAMINA le 7 Novembre 2017\"}]},{\"@type\":\"WebSite\",\"@id\":\"http:\/\/www.pamina-business.com\/de\/#website\",\"url\":\"http:\/\/www.pamina-business.com\/de\/\",\"name\":\"PAMINA Business Club\",\"description\":\"Un site utilisant WordPress\",\"potentialAction\":[{\"@type\":\"SearchAction\",\"target\":{\"@type\":\"EntryPoint\",\"urlTemplate\":\"http:\/\/www.pamina-business.com\/de\/?s={search_term_string}\"},\"query-input\":{\"@type\":\"PropertyValueSpecification\",\"valueRequired\":true,\"valueName\":\"search_term_string\"}}],\"inLanguage\":\"de\"},{\"@type\":\"Person\",\"@id\":\"http:\/\/www.pamina-business.com\/de\/#\/schema\/person\/9ab02536dbdbc5e3ef40bbc3452c8c69\",\"name\":\"Monique STUTZMANN\",\"image\":{\"@type\":\"ImageObject\",\"inLanguage\":\"de\",\"@id\":\"http:\/\/www.pamina-business.com\/de\/#\/schema\/person\/image\/\",\"url\":\"https:\/\/secure.gravatar.com\/avatar\/cc1c3adf9a9f6e969d3da7b6b34ec66f5f4a6844dfc9145380a75e42cd91882e?s=96&d=mm&r=g\",\"contentUrl\":\"https:\/\/secure.gravatar.com\/avatar\/cc1c3adf9a9f6e969d3da7b6b34ec66f5f4a6844dfc9145380a75e42cd91882e?s=96&d=mm&r=g\",\"caption\":\"Monique STUTZMANN\"},\"url\":\"http:\/\/www.pamina-business.com\/de\/author\/monique\/\"}]}<\/script>\n<!-- \/ Yoast SEO plugin. -->","yoast_head_json":{"title":"5\u00e8me Journ\u00e9e d'Action PAMINA le 7 Novembre 2017 - PAMINA Business Club","robots":{"index":"index","follow":"follow","max-snippet":"max-snippet:-1","max-image-preview":"max-image-preview:large","max-video-preview":"max-video-preview:-1"},"canonical":"http:\/\/www.pamina-business.com\/de\/5eme-journee-daction-pamina-le-8-novembre-2017\/","og_locale":"de_DE","og_type":"article","og_title":"5\u00e8me Journ\u00e9e d'Action PAMINA le 7 Novembre 2017 - PAMINA Business Club","og_description":"Le 7 novembre 2017 aura lieu la 5\u00e8me Journ\u00e9e d&#8217;Action du R\u00e9seau-Jeunesse-PAMINA. Cette manifestation mettra une nouvelle fois l&#8217;accent sur l&#8217;\u00e9change transfrontalier des acteurs jeunesse et enfance de l&#8217;Alsace, du pays de Bade et du Palatinat du Sud. Ainsi, les participants pourront nouer de nouveaux contacts transfrontaliers, d\u00e9velopper des id\u00e9es pour des projets enfants et [&hellip;]","og_url":"http:\/\/www.pamina-business.com\/de\/5eme-journee-daction-pamina-le-8-novembre-2017\/","og_site_name":"PAMINA Business Club","article_published_time":"2017-10-20T14:38:54+00:00","article_modified_time":"2017-10-10T14:40:59+00:00","og_image":[{"url":"http:\/\/www.eurodistrict-pamina.eu\/globalflexit\/images\/img_base\/agendas\/835_556_1_dscf8897.JPG"}],"author":"Monique STUTZMANN","twitter_card":"summary_large_image","twitter_misc":{"Verfasst von":"Monique STUTZMANN","Gesch\u00e4tzte Lesezeit":"1\u00a0Minute"},"schema":{"@context":"https:\/\/schema.org","@graph":[{"@type":"WebPage","@id":"http:\/\/www.pamina-business.com\/de\/5eme-journee-daction-pamina-le-8-novembre-2017\/","url":"http:\/\/www.pamina-business.com\/de\/5eme-journee-daction-pamina-le-8-novembre-2017\/","name":"5\u00e8me Journ\u00e9e d'Action PAMINA le 7 Novembre 2017 - PAMINA Business Club","isPartOf":{"@id":"http:\/\/www.pamina-business.com\/de\/#website"},"primaryImageOfPage":{"@id":"http:\/\/www.pamina-business.com\/de\/5eme-journee-daction-pamina-le-8-novembre-2017\/#primaryimage"},"image":{"@id":"http:\/\/www.pamina-business.com\/de\/5eme-journee-daction-pamina-le-8-novembre-2017\/#primaryimage"},"thumbnailUrl":"http:\/\/www.eurodistrict-pamina.eu\/globalflexit\/images\/img_base\/agendas\/835_556_1_dscf8897.JPG","datePublished":"2017-10-20T14:38:54+00:00","dateModified":"2017-10-10T14:40:59+00:00","author":{"@id":"http:\/\/www.pamina-business.com\/de\/#\/schema\/person\/9ab02536dbdbc5e3ef40bbc3452c8c69"},"breadcrumb":{"@id":"http:\/\/www.pamina-business.com\/de\/5eme-journee-daction-pamina-le-8-novembre-2017\/#breadcrumb"},"inLanguage":"de","potentialAction":[{"@type":"ReadAction","target":["http:\/\/www.pamina-business.com\/de\/5eme-journee-daction-pamina-le-8-novembre-2017\/"]}]},{"@type":"ImageObject","inLanguage":"de","@id":"http:\/\/www.pamina-business.com\/de\/5eme-journee-daction-pamina-le-8-novembre-2017\/#primaryimage","url":"http:\/\/www.eurodistrict-pamina.eu\/globalflexit\/images\/img_base\/agendas\/835_556_1_dscf8897.JPG","contentUrl":"http:\/\/www.eurodistrict-pamina.eu\/globalflexit\/images\/img_base\/agendas\/835_556_1_dscf8897.JPG"},{"@type":"BreadcrumbList","@id":"http:\/\/www.pamina-business.com\/de\/5eme-journee-daction-pamina-le-8-novembre-2017\/#breadcrumb","itemListElement":[{"@type":"ListItem","position":1,"name":"Accueil","item":"http:\/\/www.pamina-business.com\/de\/"},{"@type":"ListItem","position":2,"name":"5\u00e8me Journ\u00e9e d&#8217;Action PAMINA le 7 Novembre 2017"}]},{"@type":"WebSite","@id":"http:\/\/www.pamina-business.com\/de\/#website","url":"http:\/\/www.pamina-business.com\/de\/","name":"PAMINA Business Club","description":"Un site utilisant WordPress","potentialAction":[{"@type":"SearchAction","target":{"@type":"EntryPoint","urlTemplate":"http:\/\/www.pamina-business.com\/de\/?s={search_term_string}"},"query-input":{"@type":"PropertyValueSpecification","valueRequired":true,"valueName":"search_term_string"}}],"inLanguage":"de"},{"@type":"Person","@id":"http:\/\/www.pamina-business.com\/de\/#\/schema\/person\/9ab02536dbdbc5e3ef40bbc3452c8c69","name":"Monique STUTZMANN","image":{"@type":"ImageObject","inLanguage":"de","@id":"http:\/\/www.pamina-business.com\/de\/#\/schema\/person\/image\/","url":"https:\/\/secure.gravatar.com\/avatar\/cc1c3adf9a9f6e969d3da7b6b34ec66f5f4a6844dfc9145380a75e42cd91882e?s=96&d=mm&r=g","contentUrl":"https:\/\/secure.gravatar.com\/avatar\/cc1c3adf9a9f6e969d3da7b6b34ec66f5f4a6844dfc9145380a75e42cd91882e?s=96&d=mm&r=g","caption":"Monique STUTZMANN"},"url":"http:\/\/www.pamina-business.com\/de\/author\/monique\/"}]}},"_links":{"self":[{"href":"http:\/\/www.pamina-business.com\/de\/wp-json\/wp\/v2\/posts\/2800","targetHints":{"allow":["GET"]}}],"collection":[{"href":"http:\/\/www.pamina-business.com\/de\/wp-json\/wp\/v2\/posts"}],"about":[{"href":"http:\/\/www.pamina-business.com\/de\/wp-json\/wp\/v2\/types\/post"}],"author":[{"embeddable":true,"href":"http:\/\/www.pamina-business.com\/de\/wp-json\/wp\/v2\/users\/3"}],"replies":[{"embeddable":true,"href":"http:\/\/www.pamina-business.com\/de\/wp-json\/wp\/v2\/comments?post=2800"}],"version-history":[{"count":2,"href":"http:\/\/www.pamina-business.com\/de\/wp-json\/wp\/v2\/posts\/2800\/revisions"}],"predecessor-version":[{"id":2802,"href":"http:\/\/www.pamina-business.com\/de\/wp-json\/wp\/v2\/posts\/2800\/revisions\/2802"}],"wp:attachment":[{"href":"http:\/\/www.pamina-business.com\/de\/wp-json\/wp\/v2\/media?parent=2800"}],"wp:term":[{"taxonomy":"category","embeddable":true,"href":"http:\/\/www.pamina-business.com\/de\/wp-json\/wp\/v2\/categories?post=2800"},{"taxonomy":"post_tag","embeddable":true,"href":"http:\/\/www.pamina-business.com\/de\/wp-json\/wp\/v2\/tags?post=2800"}],"curies":[{"name":"wp","href":"https:\/\/api.w.org\/{rel}","templated":true}]}}