{"id":2708,"date":"2017-08-25T13:53:25","date_gmt":"2017-08-25T13:53:25","guid":{"rendered":"http:\/\/www.pamina-business.com\/?p=2708"},"modified":"2017-08-01T13:56:13","modified_gmt":"2017-08-01T13:56:13","slug":"engagement-des-communautes-de-communes-du-bas-rhin-aux-cotes-de-ladira","status":"publish","type":"post","link":"http:\/\/www.pamina-business.com\/de\/engagement-des-communautes-de-communes-du-bas-rhin-aux-cotes-de-ladira\/","title":{"rendered":"Engagement des Communaut\u00e9s de communes du Bas-Rhin aux c\u00f4t\u00e9s de l&#8217;ADIRA"},"content":{"rendered":"<div class=\"wysiwyg\">\n<p>Les \u00e9lus des Communaut\u00e9s de communes du Pays de Sainte-Odile, de l&#8217;Alsace Bossue, de l&#8217;Outre-For\u00eat et du Pays de la Zorn ont d\u00e9cid\u00e9 de devenir membres de l&#8217;ADIRA et d&#8217;approuver la <a title=\"Convention ADIRA EPCI\" href=\"http:\/\/www.adira.com\/quoi-de-neuf\/information-des-communautes-de-communes-du-bas-rhin.html\" target=\"_blank\">convention de conseil et d&#8217;assistance aux EPCI<\/a>.<\/p>\n<p>Apr\u00e8s les Communaut\u00e9s de communes du Pays de Wissembourg et de Sauer-Pechelbronn, six Communaut\u00e9s de communes du Bas-Rhin affichent ainsi leur engagement aux c\u00f4t\u00e9s de l&#8217;ADIRA.<\/p>\n<p>Dans le Haut-Rhin, 100 % des Communaut\u00e9s de communes ont conclu cette convention qui renforce nos liens de proximit\u00e9 avec les territoires.<\/p>\n<p>Nous tenons \u00e0 remercier tous les \u00e9lus pour leur confiance.<\/p>\n<p><em>Source<\/em> : <a href=\"http:\/\/www.adira.com\">www.adira.com<\/a><\/p>\n<p><em>Contact<\/em> : <a href=\"&#101;r&#x69;c&#x2e;&#116;&#x68;&#111;&#x75;&#109;e&#x6c;i&#x6e;&#64;&#x61;&#100;&#x69;&#114;&#x61;&#46;c&#x6f;m\">eric. &#x74;&#x68;&#x6f;&#x75;&#109;&#101;&#108;in&#x40;&#x61;&#x64;&#x69;&#x72;&#97;&#46;&#99;om<\/a><\/p>\n<\/div>\n","protected":false},"excerpt":{"rendered":"<p>Les \u00e9lus des Communaut\u00e9s de communes du Pays de Sainte-Odile, de l&#8217;Alsace Bossue, de l&#8217;Outre-For\u00eat et du Pays de la Zorn ont d\u00e9cid\u00e9 de devenir membres de l&#8217;ADIRA et d&#8217;approuver la convention de conseil et d&#8217;assistance aux EPCI. Apr\u00e8s les Communaut\u00e9s de communes du Pays de Wissembourg et de Sauer-Pechelbronn, six Communaut\u00e9s de communes du [&hellip;]<\/p>\n","protected":false},"author":3,"featured_media":0,"comment_status":"open","ping_status":"open","sticky":false,"template":"","format":"standard","meta":{"_exactmetrics_skip_tracking":false,"_exactmetrics_sitenote_active":false,"_exactmetrics_sitenote_note":"","_exactmetrics_sitenote_category":0,"footnotes":""},"categories":[7],"tags":[],"class_list":["post-2708","post","type-post","status-publish","format-standard","hentry","category-evenements-fr"],"yoast_head":"<!-- This site is optimized with the Yoast SEO plugin v23.5 - https:\/\/yoast.com\/wordpress\/plugins\/seo\/ -->\n<title>Engagement des Communaut\u00e9s de communes du Bas-Rhin aux c\u00f4t\u00e9s de l&#039;ADIRA - PAMINA Business Club<\/title>\n<meta name=\"robots\" content=\"index, follow, max-snippet:-1, max-image-preview:large, max-video-preview:-1\" \/>\n<link rel=\"canonical\" href=\"http:\/\/www.pamina-business.com\/engagement-des-communautes-de-communes-du-bas-rhin-aux-cotes-de-ladira\/\" \/>\n<meta property=\"og:locale\" content=\"de_DE\" \/>\n<meta property=\"og:type\" content=\"article\" \/>\n<meta property=\"og:title\" content=\"Engagement des Communaut\u00e9s de communes du Bas-Rhin aux c\u00f4t\u00e9s de l&#039;ADIRA - PAMINA Business Club\" \/>\n<meta property=\"og:description\" content=\"Les \u00e9lus des Communaut\u00e9s de communes du Pays de Sainte-Odile, de l&#8217;Alsace Bossue, de l&#8217;Outre-For\u00eat et du Pays de la Zorn ont d\u00e9cid\u00e9 de devenir membres de l&#8217;ADIRA et d&#8217;approuver la convention de conseil et d&#8217;assistance aux EPCI. Apr\u00e8s les Communaut\u00e9s de communes du Pays de Wissembourg et de Sauer-Pechelbronn, six Communaut\u00e9s de communes du [&hellip;]\" \/>\n<meta property=\"og:url\" content=\"http:\/\/www.pamina-business.com\/engagement-des-communautes-de-communes-du-bas-rhin-aux-cotes-de-ladira\/\" \/>\n<meta property=\"og:site_name\" content=\"PAMINA Business Club\" \/>\n<meta property=\"article:published_time\" content=\"2017-08-25T13:53:25+00:00\" \/>\n<meta property=\"article:modified_time\" content=\"2017-08-01T13:56:13+00:00\" \/>\n<meta name=\"author\" content=\"Monique STUTZMANN\" \/>\n<meta name=\"twitter:card\" content=\"summary_large_image\" \/>\n<meta name=\"twitter:label1\" content=\"Verfasst von\" \/>\n\t<meta name=\"twitter:data1\" content=\"Monique STUTZMANN\" \/>\n\t<meta name=\"twitter:label2\" content=\"Gesch\u00e4tzte Lesezeit\" \/>\n\t<meta name=\"twitter:data2\" content=\"1\u00a0Minute\" \/>\n<script type=\"application\/ld+json\" class=\"yoast-schema-graph\">{\"@context\":\"https:\/\/schema.org\",\"@graph\":[{\"@type\":\"WebPage\",\"@id\":\"http:\/\/www.pamina-business.com\/engagement-des-communautes-de-communes-du-bas-rhin-aux-cotes-de-ladira\/\",\"url\":\"http:\/\/www.pamina-business.com\/engagement-des-communautes-de-communes-du-bas-rhin-aux-cotes-de-ladira\/\",\"name\":\"Engagement des Communaut\u00e9s de communes du Bas-Rhin aux c\u00f4t\u00e9s de l'ADIRA - PAMINA Business Club\",\"isPartOf\":{\"@id\":\"http:\/\/www.pamina-business.com\/de\/#website\"},\"datePublished\":\"2017-08-25T13:53:25+00:00\",\"dateModified\":\"2017-08-01T13:56:13+00:00\",\"author\":{\"@id\":\"http:\/\/www.pamina-business.com\/de\/#\/schema\/person\/9ab02536dbdbc5e3ef40bbc3452c8c69\"},\"breadcrumb\":{\"@id\":\"http:\/\/www.pamina-business.com\/engagement-des-communautes-de-communes-du-bas-rhin-aux-cotes-de-ladira\/#breadcrumb\"},\"inLanguage\":\"de\",\"potentialAction\":[{\"@type\":\"ReadAction\",\"target\":[\"http:\/\/www.pamina-business.com\/engagement-des-communautes-de-communes-du-bas-rhin-aux-cotes-de-ladira\/\"]}]},{\"@type\":\"BreadcrumbList\",\"@id\":\"http:\/\/www.pamina-business.com\/engagement-des-communautes-de-communes-du-bas-rhin-aux-cotes-de-ladira\/#breadcrumb\",\"itemListElement\":[{\"@type\":\"ListItem\",\"position\":1,\"name\":\"Accueil\",\"item\":\"http:\/\/www.pamina-business.com\/de\/\"},{\"@type\":\"ListItem\",\"position\":2,\"name\":\"Engagement des Communaut\u00e9s de communes du Bas-Rhin aux c\u00f4t\u00e9s de l&rsquo;ADIRA\"}]},{\"@type\":\"WebSite\",\"@id\":\"http:\/\/www.pamina-business.com\/de\/#website\",\"url\":\"http:\/\/www.pamina-business.com\/de\/\",\"name\":\"PAMINA Business Club\",\"description\":\"Un site utilisant WordPress\",\"potentialAction\":[{\"@type\":\"SearchAction\",\"target\":{\"@type\":\"EntryPoint\",\"urlTemplate\":\"http:\/\/www.pamina-business.com\/de\/?s={search_term_string}\"},\"query-input\":{\"@type\":\"PropertyValueSpecification\",\"valueRequired\":true,\"valueName\":\"search_term_string\"}}],\"inLanguage\":\"de\"},{\"@type\":\"Person\",\"@id\":\"http:\/\/www.pamina-business.com\/de\/#\/schema\/person\/9ab02536dbdbc5e3ef40bbc3452c8c69\",\"name\":\"Monique STUTZMANN\",\"image\":{\"@type\":\"ImageObject\",\"inLanguage\":\"de\",\"@id\":\"http:\/\/www.pamina-business.com\/de\/#\/schema\/person\/image\/\",\"url\":\"https:\/\/secure.gravatar.com\/avatar\/cc1c3adf9a9f6e969d3da7b6b34ec66f5f4a6844dfc9145380a75e42cd91882e?s=96&d=mm&r=g\",\"contentUrl\":\"https:\/\/secure.gravatar.com\/avatar\/cc1c3adf9a9f6e969d3da7b6b34ec66f5f4a6844dfc9145380a75e42cd91882e?s=96&d=mm&r=g\",\"caption\":\"Monique STUTZMANN\"},\"url\":\"http:\/\/www.pamina-business.com\/de\/author\/monique\/\"}]}<\/script>\n<!-- \/ Yoast SEO plugin. -->","yoast_head_json":{"title":"Engagement des Communaut\u00e9s de communes du Bas-Rhin aux c\u00f4t\u00e9s de l'ADIRA - PAMINA Business Club","robots":{"index":"index","follow":"follow","max-snippet":"max-snippet:-1","max-image-preview":"max-image-preview:large","max-video-preview":"max-video-preview:-1"},"canonical":"http:\/\/www.pamina-business.com\/engagement-des-communautes-de-communes-du-bas-rhin-aux-cotes-de-ladira\/","og_locale":"de_DE","og_type":"article","og_title":"Engagement des Communaut\u00e9s de communes du Bas-Rhin aux c\u00f4t\u00e9s de l'ADIRA - PAMINA Business Club","og_description":"Les \u00e9lus des Communaut\u00e9s de communes du Pays de Sainte-Odile, de l&#8217;Alsace Bossue, de l&#8217;Outre-For\u00eat et du Pays de la Zorn ont d\u00e9cid\u00e9 de devenir membres de l&#8217;ADIRA et d&#8217;approuver la convention de conseil et d&#8217;assistance aux EPCI. Apr\u00e8s les Communaut\u00e9s de communes du Pays de Wissembourg et de Sauer-Pechelbronn, six Communaut\u00e9s de communes du [&hellip;]","og_url":"http:\/\/www.pamina-business.com\/engagement-des-communautes-de-communes-du-bas-rhin-aux-cotes-de-ladira\/","og_site_name":"PAMINA Business Club","article_published_time":"2017-08-25T13:53:25+00:00","article_modified_time":"2017-08-01T13:56:13+00:00","author":"Monique STUTZMANN","twitter_card":"summary_large_image","twitter_misc":{"Verfasst von":"Monique STUTZMANN","Gesch\u00e4tzte Lesezeit":"1\u00a0Minute"},"schema":{"@context":"https:\/\/schema.org","@graph":[{"@type":"WebPage","@id":"http:\/\/www.pamina-business.com\/engagement-des-communautes-de-communes-du-bas-rhin-aux-cotes-de-ladira\/","url":"http:\/\/www.pamina-business.com\/engagement-des-communautes-de-communes-du-bas-rhin-aux-cotes-de-ladira\/","name":"Engagement des Communaut\u00e9s de communes du Bas-Rhin aux c\u00f4t\u00e9s de l'ADIRA - PAMINA Business Club","isPartOf":{"@id":"http:\/\/www.pamina-business.com\/de\/#website"},"datePublished":"2017-08-25T13:53:25+00:00","dateModified":"2017-08-01T13:56:13+00:00","author":{"@id":"http:\/\/www.pamina-business.com\/de\/#\/schema\/person\/9ab02536dbdbc5e3ef40bbc3452c8c69"},"breadcrumb":{"@id":"http:\/\/www.pamina-business.com\/engagement-des-communautes-de-communes-du-bas-rhin-aux-cotes-de-ladira\/#breadcrumb"},"inLanguage":"de","potentialAction":[{"@type":"ReadAction","target":["http:\/\/www.pamina-business.com\/engagement-des-communautes-de-communes-du-bas-rhin-aux-cotes-de-ladira\/"]}]},{"@type":"BreadcrumbList","@id":"http:\/\/www.pamina-business.com\/engagement-des-communautes-de-communes-du-bas-rhin-aux-cotes-de-ladira\/#breadcrumb","itemListElement":[{"@type":"ListItem","position":1,"name":"Accueil","item":"http:\/\/www.pamina-business.com\/de\/"},{"@type":"ListItem","position":2,"name":"Engagement des Communaut\u00e9s de communes du Bas-Rhin aux c\u00f4t\u00e9s de l&rsquo;ADIRA"}]},{"@type":"WebSite","@id":"http:\/\/www.pamina-business.com\/de\/#website","url":"http:\/\/www.pamina-business.com\/de\/","name":"PAMINA Business Club","description":"Un site utilisant WordPress","potentialAction":[{"@type":"SearchAction","target":{"@type":"EntryPoint","urlTemplate":"http:\/\/www.pamina-business.com\/de\/?s={search_term_string}"},"query-input":{"@type":"PropertyValueSpecification","valueRequired":true,"valueName":"search_term_string"}}],"inLanguage":"de"},{"@type":"Person","@id":"http:\/\/www.pamina-business.com\/de\/#\/schema\/person\/9ab02536dbdbc5e3ef40bbc3452c8c69","name":"Monique STUTZMANN","image":{"@type":"ImageObject","inLanguage":"de","@id":"http:\/\/www.pamina-business.com\/de\/#\/schema\/person\/image\/","url":"https:\/\/secure.gravatar.com\/avatar\/cc1c3adf9a9f6e969d3da7b6b34ec66f5f4a6844dfc9145380a75e42cd91882e?s=96&d=mm&r=g","contentUrl":"https:\/\/secure.gravatar.com\/avatar\/cc1c3adf9a9f6e969d3da7b6b34ec66f5f4a6844dfc9145380a75e42cd91882e?s=96&d=mm&r=g","caption":"Monique STUTZMANN"},"url":"http:\/\/www.pamina-business.com\/de\/author\/monique\/"}]}},"_links":{"self":[{"href":"http:\/\/www.pamina-business.com\/de\/wp-json\/wp\/v2\/posts\/2708","targetHints":{"allow":["GET"]}}],"collection":[{"href":"http:\/\/www.pamina-business.com\/de\/wp-json\/wp\/v2\/posts"}],"about":[{"href":"http:\/\/www.pamina-business.com\/de\/wp-json\/wp\/v2\/types\/post"}],"author":[{"embeddable":true,"href":"http:\/\/www.pamina-business.com\/de\/wp-json\/wp\/v2\/users\/3"}],"replies":[{"embeddable":true,"href":"http:\/\/www.pamina-business.com\/de\/wp-json\/wp\/v2\/comments?post=2708"}],"version-history":[{"count":1,"href":"http:\/\/www.pamina-business.com\/de\/wp-json\/wp\/v2\/posts\/2708\/revisions"}],"predecessor-version":[{"id":2709,"href":"http:\/\/www.pamina-business.com\/de\/wp-json\/wp\/v2\/posts\/2708\/revisions\/2709"}],"wp:attachment":[{"href":"http:\/\/www.pamina-business.com\/de\/wp-json\/wp\/v2\/media?parent=2708"}],"wp:term":[{"taxonomy":"category","embeddable":true,"href":"http:\/\/www.pamina-business.com\/de\/wp-json\/wp\/v2\/categories?post=2708"},{"taxonomy":"post_tag","embeddable":true,"href":"http:\/\/www.pamina-business.com\/de\/wp-json\/wp\/v2\/tags?post=2708"}],"curies":[{"name":"wp","href":"https:\/\/api.w.org\/{rel}","templated":true}]}}