{"id":2591,"date":"2017-06-27T12:09:02","date_gmt":"2017-06-27T12:09:02","guid":{"rendered":"http:\/\/www.pamina-business.com\/?p=2591"},"modified":"2017-06-27T12:09:02","modified_gmt":"2017-06-27T12:09:02","slug":"begegnungen-und-mobilitat-am-rhein-vom-1-juli-2017-bis-2-juli-2017","status":"publish","type":"post","link":"http:\/\/www.pamina-business.com\/de\/begegnungen-und-mobilitat-am-rhein-vom-1-juli-2017-bis-2-juli-2017\/","title":{"rendered":"Begegnungen und Mobilit\u00e4t am Rhein vom 1. Juli 2017 bis 2. Juli 2017"},"content":{"rendered":"<section id=\"mainSection\">\n<div class=\"fmodele tpl_fiche\">\n<div class=\"agendas-fiche\">\n<article class=\"media\">\n<div class=\"media-object\"><img decoding=\"async\" src=\"http:\/\/www.eurodistrict-pamina.eu\/globalflexit\/images\/img_base\/agendas\/835_556_1_fahre-neuburg-neuburgweier.jpg\" alt=\"Fahrradfahrer auf Rheinf\u00e4hre\" \/><\/div>\n<div class=\"media-body\"><br class=\"media-heading\" \/><\/p>\n<div class=\"contenu\">\n<p>Am 1. und 2. Juli 2017\u00a0 organisiert der <a class=\"fDefault\" title=\"Pamina - Netzwerke - EURODISTRICT PAMINA\" href=\"http:\/\/www.eurodistrict-pamina.eu\/de\/pamina.html\">PAMINA-Rheinpark<\/a> das dritte Wochenende der \u201eBegegnungen und Mobilit\u00e4t am Rhein\u201c. Dabei werden Animationen in verschiedenen Orten des Rheinparkgebiets angeboten. Zentrale Schwerpunkte der Veranstaltungsangebote bilden die Rhein\u00fcberg\u00e4nge:<\/p>\n<ul class=\"liste3\">\n<li><strong>Neuburg \u2013 Rheinstetten\/Neuburgweier<\/strong><\/li>\n<li><strong>Iffezheim (Staustufe 40j\u00e4hriges Jubil\u00e4um)<\/strong><\/li>\n<li><strong>Drusenheim \u2013Rheinm\u00fcnster\/Greffern<\/strong><\/li>\n<\/ul>\n<p>Ein buntes Programm f\u00fcr Kinder und Erwachsene wird an diesem Wochenende im gesamten PAMINA-Rheinpark-Gebiet angeboten. Verschiedene touristische Einrichtungen werden sich pr\u00e4sentieren und zahlreiche St\u00e4nde werden regionale Spezialit\u00e4ten und Erzeugnisse aus der Region anbieten. Angeboten werden auch verschiedene gef\u00fchrte Radtouren in den Rheinauen.<\/p>\n<p>Das <a class=\"fDefault\" href=\"http:\/\/www.eurodistrict-pamina.eu\/de\/aktivitaeten\/grenzuberschreitendes-fahrradfest-am-rhein-im-rahmen-des-40jahrigen-jubilaums-der-fahre-drusus_-d.html#.WSLRXjHgpqM\">grenz\u00fcberschreitende Fahrradfest<\/a> am 9. Juli 2017 wird ebenfalls im Rahmen des Projektes organisiert.<\/p>\n<p>Alle Informationen zu den Aktivit\u00e4ten finden Sie im <a class=\"fDefault\" href=\"http:\/\/www.eurodistrict-pamina.eu\/UserFiles\/File\/aktivitaten\/programm-begegnunen-und-mobilitat-am-rhein.pdf\" target=\"_blank\">Programmheft.<\/a><\/p>\n<\/div>\n<p><em>Quelle<\/em> : <a href=\"http:\/\/www.eurodistrict.eu\">www.eurodistrict-pamina.eu <\/a><\/p>\n<\/div>\n<\/article>\n<\/div>\n<\/div>\n<\/section>\n","protected":false},"excerpt":{"rendered":"<p>Am 1. und 2. Juli 2017\u00a0 organisiert der PAMINA-Rheinpark das dritte Wochenende der \u201eBegegnungen und Mobilit\u00e4t am Rhein\u201c. Dabei werden Animationen in verschiedenen Orten des Rheinparkgebiets angeboten. Zentrale Schwerpunkte der Veranstaltungsangebote bilden die Rhein\u00fcberg\u00e4nge: Neuburg \u2013 Rheinstetten\/Neuburgweier Iffezheim (Staustufe 40j\u00e4hriges Jubil\u00e4um) Drusenheim \u2013Rheinm\u00fcnster\/Greffern Ein buntes Programm f\u00fcr Kinder und Erwachsene wird an diesem Wochenende im [&hellip;]<\/p>\n","protected":false},"author":3,"featured_media":0,"comment_status":"open","ping_status":"open","sticky":false,"template":"","format":"standard","meta":{"_exactmetrics_skip_tracking":false,"_exactmetrics_sitenote_active":false,"_exactmetrics_sitenote_note":"","_exactmetrics_sitenote_category":0,"footnotes":""},"categories":[59,62],"tags":[],"class_list":["post-2591","post","type-post","status-publish","format-standard","hentry","category-ereignisse-de","category-mobilitat-de"],"yoast_head":"<!-- This site is optimized with the Yoast SEO plugin v23.5 - https:\/\/yoast.com\/wordpress\/plugins\/seo\/ -->\n<title>Begegnungen und Mobilit\u00e4t am Rhein vom 1. Juli 2017 bis 2. Juli 2017 - PAMINA Business Club<\/title>\n<meta name=\"robots\" content=\"index, follow, max-snippet:-1, max-image-preview:large, max-video-preview:-1\" \/>\n<link rel=\"canonical\" href=\"http:\/\/www.pamina-business.com\/de\/begegnungen-und-mobilitat-am-rhein-vom-1-juli-2017-bis-2-juli-2017\/\" \/>\n<meta property=\"og:locale\" content=\"de_DE\" \/>\n<meta property=\"og:type\" content=\"article\" \/>\n<meta property=\"og:title\" content=\"Begegnungen und Mobilit\u00e4t am Rhein vom 1. Juli 2017 bis 2. Juli 2017 - PAMINA Business Club\" \/>\n<meta property=\"og:description\" content=\"Am 1. und 2. Juli 2017\u00a0 organisiert der PAMINA-Rheinpark das dritte Wochenende der \u201eBegegnungen und Mobilit\u00e4t am Rhein\u201c. Dabei werden Animationen in verschiedenen Orten des Rheinparkgebiets angeboten. Zentrale Schwerpunkte der Veranstaltungsangebote bilden die Rhein\u00fcberg\u00e4nge: Neuburg \u2013 Rheinstetten\/Neuburgweier Iffezheim (Staustufe 40j\u00e4hriges Jubil\u00e4um) Drusenheim \u2013Rheinm\u00fcnster\/Greffern Ein buntes Programm f\u00fcr Kinder und Erwachsene wird an diesem Wochenende im [&hellip;]\" \/>\n<meta property=\"og:url\" content=\"http:\/\/www.pamina-business.com\/de\/begegnungen-und-mobilitat-am-rhein-vom-1-juli-2017-bis-2-juli-2017\/\" \/>\n<meta property=\"og:site_name\" content=\"PAMINA Business Club\" \/>\n<meta property=\"article:published_time\" content=\"2017-06-27T12:09:02+00:00\" \/>\n<meta property=\"og:image\" content=\"http:\/\/www.eurodistrict-pamina.eu\/globalflexit\/images\/img_base\/agendas\/835_556_1_fahre-neuburg-neuburgweier.jpg\" \/>\n<meta name=\"author\" content=\"Monique STUTZMANN\" \/>\n<meta name=\"twitter:card\" content=\"summary_large_image\" \/>\n<meta name=\"twitter:label1\" content=\"Verfasst von\" \/>\n\t<meta name=\"twitter:data1\" content=\"Monique STUTZMANN\" \/>\n\t<meta name=\"twitter:label2\" content=\"Gesch\u00e4tzte Lesezeit\" \/>\n\t<meta name=\"twitter:data2\" content=\"1\u00a0Minute\" \/>\n<script type=\"application\/ld+json\" class=\"yoast-schema-graph\">{\"@context\":\"https:\/\/schema.org\",\"@graph\":[{\"@type\":\"WebPage\",\"@id\":\"http:\/\/www.pamina-business.com\/de\/begegnungen-und-mobilitat-am-rhein-vom-1-juli-2017-bis-2-juli-2017\/\",\"url\":\"http:\/\/www.pamina-business.com\/de\/begegnungen-und-mobilitat-am-rhein-vom-1-juli-2017-bis-2-juli-2017\/\",\"name\":\"Begegnungen und Mobilit\u00e4t am Rhein vom 1. Juli 2017 bis 2. Juli 2017 - PAMINA Business Club\",\"isPartOf\":{\"@id\":\"http:\/\/www.pamina-business.com\/de\/#website\"},\"primaryImageOfPage\":{\"@id\":\"http:\/\/www.pamina-business.com\/de\/begegnungen-und-mobilitat-am-rhein-vom-1-juli-2017-bis-2-juli-2017\/#primaryimage\"},\"image\":{\"@id\":\"http:\/\/www.pamina-business.com\/de\/begegnungen-und-mobilitat-am-rhein-vom-1-juli-2017-bis-2-juli-2017\/#primaryimage\"},\"thumbnailUrl\":\"http:\/\/www.eurodistrict-pamina.eu\/globalflexit\/images\/img_base\/agendas\/835_556_1_fahre-neuburg-neuburgweier.jpg\",\"datePublished\":\"2017-06-27T12:09:02+00:00\",\"dateModified\":\"2017-06-27T12:09:02+00:00\",\"author\":{\"@id\":\"http:\/\/www.pamina-business.com\/de\/#\/schema\/person\/9ab02536dbdbc5e3ef40bbc3452c8c69\"},\"breadcrumb\":{\"@id\":\"http:\/\/www.pamina-business.com\/de\/begegnungen-und-mobilitat-am-rhein-vom-1-juli-2017-bis-2-juli-2017\/#breadcrumb\"},\"inLanguage\":\"de\",\"potentialAction\":[{\"@type\":\"ReadAction\",\"target\":[\"http:\/\/www.pamina-business.com\/de\/begegnungen-und-mobilitat-am-rhein-vom-1-juli-2017-bis-2-juli-2017\/\"]}]},{\"@type\":\"ImageObject\",\"inLanguage\":\"de\",\"@id\":\"http:\/\/www.pamina-business.com\/de\/begegnungen-und-mobilitat-am-rhein-vom-1-juli-2017-bis-2-juli-2017\/#primaryimage\",\"url\":\"http:\/\/www.eurodistrict-pamina.eu\/globalflexit\/images\/img_base\/agendas\/835_556_1_fahre-neuburg-neuburgweier.jpg\",\"contentUrl\":\"http:\/\/www.eurodistrict-pamina.eu\/globalflexit\/images\/img_base\/agendas\/835_556_1_fahre-neuburg-neuburgweier.jpg\"},{\"@type\":\"BreadcrumbList\",\"@id\":\"http:\/\/www.pamina-business.com\/de\/begegnungen-und-mobilitat-am-rhein-vom-1-juli-2017-bis-2-juli-2017\/#breadcrumb\",\"itemListElement\":[{\"@type\":\"ListItem\",\"position\":1,\"name\":\"Accueil\",\"item\":\"http:\/\/www.pamina-business.com\/de\/\"},{\"@type\":\"ListItem\",\"position\":2,\"name\":\"Begegnungen und Mobilit\u00e4t am Rhein vom 1. Juli 2017 bis 2. Juli 2017\"}]},{\"@type\":\"WebSite\",\"@id\":\"http:\/\/www.pamina-business.com\/de\/#website\",\"url\":\"http:\/\/www.pamina-business.com\/de\/\",\"name\":\"PAMINA Business Club\",\"description\":\"Un site utilisant WordPress\",\"potentialAction\":[{\"@type\":\"SearchAction\",\"target\":{\"@type\":\"EntryPoint\",\"urlTemplate\":\"http:\/\/www.pamina-business.com\/de\/?s={search_term_string}\"},\"query-input\":{\"@type\":\"PropertyValueSpecification\",\"valueRequired\":true,\"valueName\":\"search_term_string\"}}],\"inLanguage\":\"de\"},{\"@type\":\"Person\",\"@id\":\"http:\/\/www.pamina-business.com\/de\/#\/schema\/person\/9ab02536dbdbc5e3ef40bbc3452c8c69\",\"name\":\"Monique STUTZMANN\",\"image\":{\"@type\":\"ImageObject\",\"inLanguage\":\"de\",\"@id\":\"http:\/\/www.pamina-business.com\/de\/#\/schema\/person\/image\/\",\"url\":\"https:\/\/secure.gravatar.com\/avatar\/cc1c3adf9a9f6e969d3da7b6b34ec66f5f4a6844dfc9145380a75e42cd91882e?s=96&d=mm&r=g\",\"contentUrl\":\"https:\/\/secure.gravatar.com\/avatar\/cc1c3adf9a9f6e969d3da7b6b34ec66f5f4a6844dfc9145380a75e42cd91882e?s=96&d=mm&r=g\",\"caption\":\"Monique STUTZMANN\"},\"url\":\"http:\/\/www.pamina-business.com\/de\/author\/monique\/\"}]}<\/script>\n<!-- \/ Yoast SEO plugin. -->","yoast_head_json":{"title":"Begegnungen und Mobilit\u00e4t am Rhein vom 1. Juli 2017 bis 2. Juli 2017 - PAMINA Business Club","robots":{"index":"index","follow":"follow","max-snippet":"max-snippet:-1","max-image-preview":"max-image-preview:large","max-video-preview":"max-video-preview:-1"},"canonical":"http:\/\/www.pamina-business.com\/de\/begegnungen-und-mobilitat-am-rhein-vom-1-juli-2017-bis-2-juli-2017\/","og_locale":"de_DE","og_type":"article","og_title":"Begegnungen und Mobilit\u00e4t am Rhein vom 1. Juli 2017 bis 2. Juli 2017 - PAMINA Business Club","og_description":"Am 1. und 2. Juli 2017\u00a0 organisiert der PAMINA-Rheinpark das dritte Wochenende der \u201eBegegnungen und Mobilit\u00e4t am Rhein\u201c. Dabei werden Animationen in verschiedenen Orten des Rheinparkgebiets angeboten. Zentrale Schwerpunkte der Veranstaltungsangebote bilden die Rhein\u00fcberg\u00e4nge: Neuburg \u2013 Rheinstetten\/Neuburgweier Iffezheim (Staustufe 40j\u00e4hriges Jubil\u00e4um) Drusenheim \u2013Rheinm\u00fcnster\/Greffern Ein buntes Programm f\u00fcr Kinder und Erwachsene wird an diesem Wochenende im [&hellip;]","og_url":"http:\/\/www.pamina-business.com\/de\/begegnungen-und-mobilitat-am-rhein-vom-1-juli-2017-bis-2-juli-2017\/","og_site_name":"PAMINA Business Club","article_published_time":"2017-06-27T12:09:02+00:00","og_image":[{"url":"http:\/\/www.eurodistrict-pamina.eu\/globalflexit\/images\/img_base\/agendas\/835_556_1_fahre-neuburg-neuburgweier.jpg"}],"author":"Monique STUTZMANN","twitter_card":"summary_large_image","twitter_misc":{"Verfasst von":"Monique STUTZMANN","Gesch\u00e4tzte Lesezeit":"1\u00a0Minute"},"schema":{"@context":"https:\/\/schema.org","@graph":[{"@type":"WebPage","@id":"http:\/\/www.pamina-business.com\/de\/begegnungen-und-mobilitat-am-rhein-vom-1-juli-2017-bis-2-juli-2017\/","url":"http:\/\/www.pamina-business.com\/de\/begegnungen-und-mobilitat-am-rhein-vom-1-juli-2017-bis-2-juli-2017\/","name":"Begegnungen und Mobilit\u00e4t am Rhein vom 1. Juli 2017 bis 2. Juli 2017 - PAMINA Business Club","isPartOf":{"@id":"http:\/\/www.pamina-business.com\/de\/#website"},"primaryImageOfPage":{"@id":"http:\/\/www.pamina-business.com\/de\/begegnungen-und-mobilitat-am-rhein-vom-1-juli-2017-bis-2-juli-2017\/#primaryimage"},"image":{"@id":"http:\/\/www.pamina-business.com\/de\/begegnungen-und-mobilitat-am-rhein-vom-1-juli-2017-bis-2-juli-2017\/#primaryimage"},"thumbnailUrl":"http:\/\/www.eurodistrict-pamina.eu\/globalflexit\/images\/img_base\/agendas\/835_556_1_fahre-neuburg-neuburgweier.jpg","datePublished":"2017-06-27T12:09:02+00:00","dateModified":"2017-06-27T12:09:02+00:00","author":{"@id":"http:\/\/www.pamina-business.com\/de\/#\/schema\/person\/9ab02536dbdbc5e3ef40bbc3452c8c69"},"breadcrumb":{"@id":"http:\/\/www.pamina-business.com\/de\/begegnungen-und-mobilitat-am-rhein-vom-1-juli-2017-bis-2-juli-2017\/#breadcrumb"},"inLanguage":"de","potentialAction":[{"@type":"ReadAction","target":["http:\/\/www.pamina-business.com\/de\/begegnungen-und-mobilitat-am-rhein-vom-1-juli-2017-bis-2-juli-2017\/"]}]},{"@type":"ImageObject","inLanguage":"de","@id":"http:\/\/www.pamina-business.com\/de\/begegnungen-und-mobilitat-am-rhein-vom-1-juli-2017-bis-2-juli-2017\/#primaryimage","url":"http:\/\/www.eurodistrict-pamina.eu\/globalflexit\/images\/img_base\/agendas\/835_556_1_fahre-neuburg-neuburgweier.jpg","contentUrl":"http:\/\/www.eurodistrict-pamina.eu\/globalflexit\/images\/img_base\/agendas\/835_556_1_fahre-neuburg-neuburgweier.jpg"},{"@type":"BreadcrumbList","@id":"http:\/\/www.pamina-business.com\/de\/begegnungen-und-mobilitat-am-rhein-vom-1-juli-2017-bis-2-juli-2017\/#breadcrumb","itemListElement":[{"@type":"ListItem","position":1,"name":"Accueil","item":"http:\/\/www.pamina-business.com\/de\/"},{"@type":"ListItem","position":2,"name":"Begegnungen und Mobilit\u00e4t am Rhein vom 1. Juli 2017 bis 2. Juli 2017"}]},{"@type":"WebSite","@id":"http:\/\/www.pamina-business.com\/de\/#website","url":"http:\/\/www.pamina-business.com\/de\/","name":"PAMINA Business Club","description":"Un site utilisant WordPress","potentialAction":[{"@type":"SearchAction","target":{"@type":"EntryPoint","urlTemplate":"http:\/\/www.pamina-business.com\/de\/?s={search_term_string}"},"query-input":{"@type":"PropertyValueSpecification","valueRequired":true,"valueName":"search_term_string"}}],"inLanguage":"de"},{"@type":"Person","@id":"http:\/\/www.pamina-business.com\/de\/#\/schema\/person\/9ab02536dbdbc5e3ef40bbc3452c8c69","name":"Monique STUTZMANN","image":{"@type":"ImageObject","inLanguage":"de","@id":"http:\/\/www.pamina-business.com\/de\/#\/schema\/person\/image\/","url":"https:\/\/secure.gravatar.com\/avatar\/cc1c3adf9a9f6e969d3da7b6b34ec66f5f4a6844dfc9145380a75e42cd91882e?s=96&d=mm&r=g","contentUrl":"https:\/\/secure.gravatar.com\/avatar\/cc1c3adf9a9f6e969d3da7b6b34ec66f5f4a6844dfc9145380a75e42cd91882e?s=96&d=mm&r=g","caption":"Monique STUTZMANN"},"url":"http:\/\/www.pamina-business.com\/de\/author\/monique\/"}]}},"_links":{"self":[{"href":"http:\/\/www.pamina-business.com\/de\/wp-json\/wp\/v2\/posts\/2591","targetHints":{"allow":["GET"]}}],"collection":[{"href":"http:\/\/www.pamina-business.com\/de\/wp-json\/wp\/v2\/posts"}],"about":[{"href":"http:\/\/www.pamina-business.com\/de\/wp-json\/wp\/v2\/types\/post"}],"author":[{"embeddable":true,"href":"http:\/\/www.pamina-business.com\/de\/wp-json\/wp\/v2\/users\/3"}],"replies":[{"embeddable":true,"href":"http:\/\/www.pamina-business.com\/de\/wp-json\/wp\/v2\/comments?post=2591"}],"version-history":[{"count":1,"href":"http:\/\/www.pamina-business.com\/de\/wp-json\/wp\/v2\/posts\/2591\/revisions"}],"predecessor-version":[{"id":2592,"href":"http:\/\/www.pamina-business.com\/de\/wp-json\/wp\/v2\/posts\/2591\/revisions\/2592"}],"wp:attachment":[{"href":"http:\/\/www.pamina-business.com\/de\/wp-json\/wp\/v2\/media?parent=2591"}],"wp:term":[{"taxonomy":"category","embeddable":true,"href":"http:\/\/www.pamina-business.com\/de\/wp-json\/wp\/v2\/categories?post=2591"},{"taxonomy":"post_tag","embeddable":true,"href":"http:\/\/www.pamina-business.com\/de\/wp-json\/wp\/v2\/tags?post=2591"}],"curies":[{"name":"wp","href":"https:\/\/api.w.org\/{rel}","templated":true}]}}