{"id":2527,"date":"2017-05-29T09:59:44","date_gmt":"2017-05-29T09:59:44","guid":{"rendered":"http:\/\/www.pamina-business.com\/?p=2527"},"modified":"2017-05-02T10:05:18","modified_gmt":"2017-05-02T10:05:18","slug":"bedarf-weltweiter-auslandsaufenthalt-fur-azubis","status":"publish","type":"post","link":"http:\/\/www.pamina-business.com\/de\/bedarf-weltweiter-auslandsaufenthalt-fur-azubis\/","title":{"rendered":"Bedarf weltweiter Auslandsaufenthalt f\u00fcr Azubis"},"content":{"rendered":"<header class=\"page-header\">\n<div class=\"container\"><\/div>\n<\/header>\n<div class=\"container\">\n<div class=\"row\">\n<div class=\"col-xs-12\">\n<hr \/>\n<\/div>\n<\/div>\n<div class=\"row\">\n<div class=\"col-xs-12 col-sm-12 col-md-9\">\n<section class=\"key-detail\">\n<div id=\"c11073\">\n<div class=\"key-detail-with-title\">\n<div class=\"csc-textpic csc-textpic-responsive csc-textpic-left csc-textpic-above\">\n<div class=\"csc-textpic-imagewrap\">\n<div class=\"csc-textpic-center-outer\">\n<div class=\"csc-textpic-center-inner\">\n<figure class=\"csc-textpic-image csc-textpic-last\"><picture><source srcset=\"\/fileadmin\/_processed_\/csm_Erasmus_BB-Mobil_Durchfuehrg_DS_922x403px_cd3a2e23bd.jpg\" media=\"(max-width: 768px)\" \/><source srcset=\"\/fileadmin\/user_upload\/ibs_de\/Startseite\/Meta_Navi\/Erasmus_BB-Mobil_Durchfuehrg_DS_922x403px.jpg\" media=\"(max-width: 768px) AND (min-resolution: 96dpi)\" \/><source srcset=\"\/fileadmin\/user_upload\/ibs_de\/Startseite\/Meta_Navi\/Erasmus_BB-Mobil_Durchfuehrg_DS_922x403px.jpg\" media=\"(min-width: 993px)\" \/><source srcset=\"\/fileadmin\/user_upload\/ibs_de\/Startseite\/Meta_Navi\/Erasmus_BB-Mobil_Durchfuehrg_DS_922x403px.jpg\" media=\"(min-width: 993px) AND (min-resolution: 96dpi)\" \/><img decoding=\"async\" src=\"https:\/\/www.go-ibs.de\/fileadmin\/user_upload\/ibs_de\/Startseite\/Meta_Navi\/Erasmus_BB-Mobil_Durchfuehrg_DS_922x403px.jpg\" srcset=\"\/fileadmin\/user_upload\/ibs_de\/Startseite\/Meta_Navi\/Erasmus_BB-Mobil_Durchfuehrg_DS_922x403px.jpg\" alt=\"\" \/> <\/picture><\/figure>\n<\/div>\n<\/div>\n<\/div>\n<div class=\"slogan\"><\/div>\n<\/div>\n<\/div>\n<\/div>\n<\/section>\n<h1>Bedarfsabfrage Ausbildung Weltweit<\/h1>\n<div class=\"multicolumn-text\">\n<div id=\"c11075\">\n<div class=\"csc-default\">\n<div class=\"csc-textBody\">\n<p>Die Nachfrage nach Auslandsaufenthalten w\u00e4hrend der Ausbildung in Europa ist in den letzten Jahren stark gestiegen. Doch gibt es einen zus\u00e4tzlichen Bedarf f\u00fcr die F\u00f6rderung weltweiter Auslandsaufenthalte von Auszubildenden?<\/p>\n<p>Um dies absch\u00e4tzen zu k\u00f6nnen und derzeitige F\u00f6rderm\u00f6glichkeiten evenuell zu erweitern, startet die <acronym title=\"Nationale Agentur beim Bundesinstitut f\u00fcr Berufsbildung\">NA beim BIBB<\/acronym> eine Bedarfsabfrage. Bis zum 30. April 2017 k\u00f6nnen Sie als interessiertes Unternehmen und nichtschulische Berufsbildungseinrichtung an der Befragung teilnehmen und unverbindlich Ihr Interesse an weltweiten Auslandspraktika f\u00fcr Ihre Auszubildenden bekunden. Bitte leiten Sie diese Bedarfsabfrage an interessierte Parteien weiter.<\/p>\n<\/div>\n<\/div>\n<\/div>\n<\/div>\n<div class=\"multicolumn-text\">\n<div id=\"c11074\">\n<div class=\"overview\">\n<div class=\"csc-textBody\">\n<div class=\"colored\">\n<h2><a class=\"extern\" title=\"\u00d6ffnet einen externen Link im neuen Fenster\" href=\"https:\/\/www.na-bibb.de\/umfragen\/781863\" target=\"_blank\">Link zur Bedarfsabfrage Ausbildung Weltweit<\/a><\/h2>\n<\/div>\n<\/div>\n<\/div>\n<\/div>\n<\/div>\n<\/div>\n<\/div>\n<\/div>\n<p><em>Quelle<\/em> : IHK Pfalz<\/p>\n<p><a href=\"http:\/\/www.pfalz.ihk24.de\">www.pfalz.ihk24.de<\/a><\/p>\n<p><em>Kontakt<\/em> : <a href=\"&#109;&#x61;&#105;&#x6c;&#116;&#x6f;&#58;&#x49;H&#x4b;-&#x41;k&#x74;u&#101;&#x6c;&#108;&#x40;&#112;&#x66;&#97;&#x6c;&#122;&#x2e;i&#x68;k&#x32;4&#x2e;d&#101;\">I&#72;&#x4b;&#x2d;A&#107;&#116;&#x75;&#x65;l&#108;&#x40;&#x70;f&#97;&#108;&#x7a;&#x2e;i&#104;&#x6b;&#x32;4&#46;&#100;&#x65;<\/a><\/p>\n<p>&nbsp;<\/p>\n<p>&nbsp;<\/p>\n","protected":false},"excerpt":{"rendered":"<p>Bedarfsabfrage Ausbildung Weltweit Die Nachfrage nach Auslandsaufenthalten w\u00e4hrend der Ausbildung in Europa ist in den letzten Jahren stark gestiegen. Doch gibt es einen zus\u00e4tzlichen Bedarf f\u00fcr die F\u00f6rderung weltweiter Auslandsaufenthalte von Auszubildenden? Um dies absch\u00e4tzen zu k\u00f6nnen und derzeitige F\u00f6rderm\u00f6glichkeiten evenuell zu erweitern, startet die NA beim BIBB eine Bedarfsabfrage. Bis zum 30. April 2017 [&hellip;]<\/p>\n","protected":false},"author":3,"featured_media":0,"comment_status":"open","ping_status":"open","sticky":false,"template":"","format":"standard","meta":{"_exactmetrics_skip_tracking":false,"_exactmetrics_sitenote_active":false,"_exactmetrics_sitenote_note":"","_exactmetrics_sitenote_category":0,"footnotes":""},"categories":[57],"tags":[],"class_list":["post-2527","post","type-post","status-publish","format-standard","hentry","category-berufsbildung-de"],"yoast_head":"<!-- This site is optimized with the Yoast SEO plugin v23.5 - https:\/\/yoast.com\/wordpress\/plugins\/seo\/ -->\n<title>Bedarf weltweiter Auslandsaufenthalt f\u00fcr Azubis - PAMINA Business Club<\/title>\n<meta name=\"robots\" content=\"index, follow, max-snippet:-1, max-image-preview:large, max-video-preview:-1\" \/>\n<link rel=\"canonical\" href=\"http:\/\/www.pamina-business.com\/de\/bedarf-weltweiter-auslandsaufenthalt-fur-azubis\/\" \/>\n<meta property=\"og:locale\" content=\"de_DE\" \/>\n<meta property=\"og:type\" content=\"article\" \/>\n<meta property=\"og:title\" content=\"Bedarf weltweiter Auslandsaufenthalt f\u00fcr Azubis - PAMINA Business Club\" \/>\n<meta property=\"og:description\" content=\"Bedarfsabfrage Ausbildung Weltweit Die Nachfrage nach Auslandsaufenthalten w\u00e4hrend der Ausbildung in Europa ist in den letzten Jahren stark gestiegen. Doch gibt es einen zus\u00e4tzlichen Bedarf f\u00fcr die F\u00f6rderung weltweiter Auslandsaufenthalte von Auszubildenden? Um dies absch\u00e4tzen zu k\u00f6nnen und derzeitige F\u00f6rderm\u00f6glichkeiten evenuell zu erweitern, startet die NA beim BIBB eine Bedarfsabfrage. Bis zum 30. April 2017 [&hellip;]\" \/>\n<meta property=\"og:url\" content=\"http:\/\/www.pamina-business.com\/de\/bedarf-weltweiter-auslandsaufenthalt-fur-azubis\/\" \/>\n<meta property=\"og:site_name\" content=\"PAMINA Business Club\" \/>\n<meta property=\"article:published_time\" content=\"2017-05-29T09:59:44+00:00\" \/>\n<meta property=\"article:modified_time\" content=\"2017-05-02T10:05:18+00:00\" \/>\n<meta property=\"og:image\" content=\"https:\/\/www.go-ibs.de\/fileadmin\/user_upload\/ibs_de\/Startseite\/Meta_Navi\/Erasmus_BB-Mobil_Durchfuehrg_DS_922x403px.jpg\" \/>\n<meta name=\"author\" content=\"Monique STUTZMANN\" \/>\n<meta name=\"twitter:card\" content=\"summary_large_image\" \/>\n<meta name=\"twitter:label1\" content=\"Verfasst von\" \/>\n\t<meta name=\"twitter:data1\" content=\"Monique STUTZMANN\" \/>\n\t<meta name=\"twitter:label2\" content=\"Gesch\u00e4tzte Lesezeit\" \/>\n\t<meta name=\"twitter:data2\" content=\"1\u00a0Minute\" \/>\n<script type=\"application\/ld+json\" class=\"yoast-schema-graph\">{\"@context\":\"https:\/\/schema.org\",\"@graph\":[{\"@type\":\"WebPage\",\"@id\":\"http:\/\/www.pamina-business.com\/de\/bedarf-weltweiter-auslandsaufenthalt-fur-azubis\/\",\"url\":\"http:\/\/www.pamina-business.com\/de\/bedarf-weltweiter-auslandsaufenthalt-fur-azubis\/\",\"name\":\"Bedarf weltweiter Auslandsaufenthalt f\u00fcr Azubis - PAMINA Business Club\",\"isPartOf\":{\"@id\":\"http:\/\/www.pamina-business.com\/de\/#website\"},\"primaryImageOfPage\":{\"@id\":\"http:\/\/www.pamina-business.com\/de\/bedarf-weltweiter-auslandsaufenthalt-fur-azubis\/#primaryimage\"},\"image\":{\"@id\":\"http:\/\/www.pamina-business.com\/de\/bedarf-weltweiter-auslandsaufenthalt-fur-azubis\/#primaryimage\"},\"thumbnailUrl\":\"https:\/\/www.go-ibs.de\/fileadmin\/user_upload\/ibs_de\/Startseite\/Meta_Navi\/Erasmus_BB-Mobil_Durchfuehrg_DS_922x403px.jpg\",\"datePublished\":\"2017-05-29T09:59:44+00:00\",\"dateModified\":\"2017-05-02T10:05:18+00:00\",\"author\":{\"@id\":\"http:\/\/www.pamina-business.com\/de\/#\/schema\/person\/9ab02536dbdbc5e3ef40bbc3452c8c69\"},\"breadcrumb\":{\"@id\":\"http:\/\/www.pamina-business.com\/de\/bedarf-weltweiter-auslandsaufenthalt-fur-azubis\/#breadcrumb\"},\"inLanguage\":\"de\",\"potentialAction\":[{\"@type\":\"ReadAction\",\"target\":[\"http:\/\/www.pamina-business.com\/de\/bedarf-weltweiter-auslandsaufenthalt-fur-azubis\/\"]}]},{\"@type\":\"ImageObject\",\"inLanguage\":\"de\",\"@id\":\"http:\/\/www.pamina-business.com\/de\/bedarf-weltweiter-auslandsaufenthalt-fur-azubis\/#primaryimage\",\"url\":\"https:\/\/www.go-ibs.de\/fileadmin\/user_upload\/ibs_de\/Startseite\/Meta_Navi\/Erasmus_BB-Mobil_Durchfuehrg_DS_922x403px.jpg\",\"contentUrl\":\"https:\/\/www.go-ibs.de\/fileadmin\/user_upload\/ibs_de\/Startseite\/Meta_Navi\/Erasmus_BB-Mobil_Durchfuehrg_DS_922x403px.jpg\"},{\"@type\":\"BreadcrumbList\",\"@id\":\"http:\/\/www.pamina-business.com\/de\/bedarf-weltweiter-auslandsaufenthalt-fur-azubis\/#breadcrumb\",\"itemListElement\":[{\"@type\":\"ListItem\",\"position\":1,\"name\":\"Accueil\",\"item\":\"http:\/\/www.pamina-business.com\/de\/\"},{\"@type\":\"ListItem\",\"position\":2,\"name\":\"Bedarf weltweiter Auslandsaufenthalt f\u00fcr Azubis\"}]},{\"@type\":\"WebSite\",\"@id\":\"http:\/\/www.pamina-business.com\/de\/#website\",\"url\":\"http:\/\/www.pamina-business.com\/de\/\",\"name\":\"PAMINA Business Club\",\"description\":\"Un site utilisant WordPress\",\"potentialAction\":[{\"@type\":\"SearchAction\",\"target\":{\"@type\":\"EntryPoint\",\"urlTemplate\":\"http:\/\/www.pamina-business.com\/de\/?s={search_term_string}\"},\"query-input\":{\"@type\":\"PropertyValueSpecification\",\"valueRequired\":true,\"valueName\":\"search_term_string\"}}],\"inLanguage\":\"de\"},{\"@type\":\"Person\",\"@id\":\"http:\/\/www.pamina-business.com\/de\/#\/schema\/person\/9ab02536dbdbc5e3ef40bbc3452c8c69\",\"name\":\"Monique STUTZMANN\",\"image\":{\"@type\":\"ImageObject\",\"inLanguage\":\"de\",\"@id\":\"http:\/\/www.pamina-business.com\/de\/#\/schema\/person\/image\/\",\"url\":\"https:\/\/secure.gravatar.com\/avatar\/cc1c3adf9a9f6e969d3da7b6b34ec66f5f4a6844dfc9145380a75e42cd91882e?s=96&d=mm&r=g\",\"contentUrl\":\"https:\/\/secure.gravatar.com\/avatar\/cc1c3adf9a9f6e969d3da7b6b34ec66f5f4a6844dfc9145380a75e42cd91882e?s=96&d=mm&r=g\",\"caption\":\"Monique STUTZMANN\"},\"url\":\"http:\/\/www.pamina-business.com\/de\/author\/monique\/\"}]}<\/script>\n<!-- \/ Yoast SEO plugin. -->","yoast_head_json":{"title":"Bedarf weltweiter Auslandsaufenthalt f\u00fcr Azubis - PAMINA Business Club","robots":{"index":"index","follow":"follow","max-snippet":"max-snippet:-1","max-image-preview":"max-image-preview:large","max-video-preview":"max-video-preview:-1"},"canonical":"http:\/\/www.pamina-business.com\/de\/bedarf-weltweiter-auslandsaufenthalt-fur-azubis\/","og_locale":"de_DE","og_type":"article","og_title":"Bedarf weltweiter Auslandsaufenthalt f\u00fcr Azubis - PAMINA Business Club","og_description":"Bedarfsabfrage Ausbildung Weltweit Die Nachfrage nach Auslandsaufenthalten w\u00e4hrend der Ausbildung in Europa ist in den letzten Jahren stark gestiegen. Doch gibt es einen zus\u00e4tzlichen Bedarf f\u00fcr die F\u00f6rderung weltweiter Auslandsaufenthalte von Auszubildenden? Um dies absch\u00e4tzen zu k\u00f6nnen und derzeitige F\u00f6rderm\u00f6glichkeiten evenuell zu erweitern, startet die NA beim BIBB eine Bedarfsabfrage. Bis zum 30. April 2017 [&hellip;]","og_url":"http:\/\/www.pamina-business.com\/de\/bedarf-weltweiter-auslandsaufenthalt-fur-azubis\/","og_site_name":"PAMINA Business Club","article_published_time":"2017-05-29T09:59:44+00:00","article_modified_time":"2017-05-02T10:05:18+00:00","og_image":[{"url":"https:\/\/www.go-ibs.de\/fileadmin\/user_upload\/ibs_de\/Startseite\/Meta_Navi\/Erasmus_BB-Mobil_Durchfuehrg_DS_922x403px.jpg"}],"author":"Monique STUTZMANN","twitter_card":"summary_large_image","twitter_misc":{"Verfasst von":"Monique STUTZMANN","Gesch\u00e4tzte Lesezeit":"1\u00a0Minute"},"schema":{"@context":"https:\/\/schema.org","@graph":[{"@type":"WebPage","@id":"http:\/\/www.pamina-business.com\/de\/bedarf-weltweiter-auslandsaufenthalt-fur-azubis\/","url":"http:\/\/www.pamina-business.com\/de\/bedarf-weltweiter-auslandsaufenthalt-fur-azubis\/","name":"Bedarf weltweiter Auslandsaufenthalt f\u00fcr Azubis - PAMINA Business Club","isPartOf":{"@id":"http:\/\/www.pamina-business.com\/de\/#website"},"primaryImageOfPage":{"@id":"http:\/\/www.pamina-business.com\/de\/bedarf-weltweiter-auslandsaufenthalt-fur-azubis\/#primaryimage"},"image":{"@id":"http:\/\/www.pamina-business.com\/de\/bedarf-weltweiter-auslandsaufenthalt-fur-azubis\/#primaryimage"},"thumbnailUrl":"https:\/\/www.go-ibs.de\/fileadmin\/user_upload\/ibs_de\/Startseite\/Meta_Navi\/Erasmus_BB-Mobil_Durchfuehrg_DS_922x403px.jpg","datePublished":"2017-05-29T09:59:44+00:00","dateModified":"2017-05-02T10:05:18+00:00","author":{"@id":"http:\/\/www.pamina-business.com\/de\/#\/schema\/person\/9ab02536dbdbc5e3ef40bbc3452c8c69"},"breadcrumb":{"@id":"http:\/\/www.pamina-business.com\/de\/bedarf-weltweiter-auslandsaufenthalt-fur-azubis\/#breadcrumb"},"inLanguage":"de","potentialAction":[{"@type":"ReadAction","target":["http:\/\/www.pamina-business.com\/de\/bedarf-weltweiter-auslandsaufenthalt-fur-azubis\/"]}]},{"@type":"ImageObject","inLanguage":"de","@id":"http:\/\/www.pamina-business.com\/de\/bedarf-weltweiter-auslandsaufenthalt-fur-azubis\/#primaryimage","url":"https:\/\/www.go-ibs.de\/fileadmin\/user_upload\/ibs_de\/Startseite\/Meta_Navi\/Erasmus_BB-Mobil_Durchfuehrg_DS_922x403px.jpg","contentUrl":"https:\/\/www.go-ibs.de\/fileadmin\/user_upload\/ibs_de\/Startseite\/Meta_Navi\/Erasmus_BB-Mobil_Durchfuehrg_DS_922x403px.jpg"},{"@type":"BreadcrumbList","@id":"http:\/\/www.pamina-business.com\/de\/bedarf-weltweiter-auslandsaufenthalt-fur-azubis\/#breadcrumb","itemListElement":[{"@type":"ListItem","position":1,"name":"Accueil","item":"http:\/\/www.pamina-business.com\/de\/"},{"@type":"ListItem","position":2,"name":"Bedarf weltweiter Auslandsaufenthalt f\u00fcr Azubis"}]},{"@type":"WebSite","@id":"http:\/\/www.pamina-business.com\/de\/#website","url":"http:\/\/www.pamina-business.com\/de\/","name":"PAMINA Business Club","description":"Un site utilisant WordPress","potentialAction":[{"@type":"SearchAction","target":{"@type":"EntryPoint","urlTemplate":"http:\/\/www.pamina-business.com\/de\/?s={search_term_string}"},"query-input":{"@type":"PropertyValueSpecification","valueRequired":true,"valueName":"search_term_string"}}],"inLanguage":"de"},{"@type":"Person","@id":"http:\/\/www.pamina-business.com\/de\/#\/schema\/person\/9ab02536dbdbc5e3ef40bbc3452c8c69","name":"Monique STUTZMANN","image":{"@type":"ImageObject","inLanguage":"de","@id":"http:\/\/www.pamina-business.com\/de\/#\/schema\/person\/image\/","url":"https:\/\/secure.gravatar.com\/avatar\/cc1c3adf9a9f6e969d3da7b6b34ec66f5f4a6844dfc9145380a75e42cd91882e?s=96&d=mm&r=g","contentUrl":"https:\/\/secure.gravatar.com\/avatar\/cc1c3adf9a9f6e969d3da7b6b34ec66f5f4a6844dfc9145380a75e42cd91882e?s=96&d=mm&r=g","caption":"Monique STUTZMANN"},"url":"http:\/\/www.pamina-business.com\/de\/author\/monique\/"}]}},"_links":{"self":[{"href":"http:\/\/www.pamina-business.com\/de\/wp-json\/wp\/v2\/posts\/2527","targetHints":{"allow":["GET"]}}],"collection":[{"href":"http:\/\/www.pamina-business.com\/de\/wp-json\/wp\/v2\/posts"}],"about":[{"href":"http:\/\/www.pamina-business.com\/de\/wp-json\/wp\/v2\/types\/post"}],"author":[{"embeddable":true,"href":"http:\/\/www.pamina-business.com\/de\/wp-json\/wp\/v2\/users\/3"}],"replies":[{"embeddable":true,"href":"http:\/\/www.pamina-business.com\/de\/wp-json\/wp\/v2\/comments?post=2527"}],"version-history":[{"count":2,"href":"http:\/\/www.pamina-business.com\/de\/wp-json\/wp\/v2\/posts\/2527\/revisions"}],"predecessor-version":[{"id":2529,"href":"http:\/\/www.pamina-business.com\/de\/wp-json\/wp\/v2\/posts\/2527\/revisions\/2529"}],"wp:attachment":[{"href":"http:\/\/www.pamina-business.com\/de\/wp-json\/wp\/v2\/media?parent=2527"}],"wp:term":[{"taxonomy":"category","embeddable":true,"href":"http:\/\/www.pamina-business.com\/de\/wp-json\/wp\/v2\/categories?post=2527"},{"taxonomy":"post_tag","embeddable":true,"href":"http:\/\/www.pamina-business.com\/de\/wp-json\/wp\/v2\/tags?post=2527"}],"curies":[{"name":"wp","href":"https:\/\/api.w.org\/{rel}","templated":true}]}}