{"id":2514,"date":"2017-05-19T08:32:08","date_gmt":"2017-05-19T08:32:08","guid":{"rendered":"http:\/\/www.pamina-business.com\/?p=2514"},"modified":"2017-05-02T08:40:24","modified_gmt":"2017-05-02T08:40:24","slug":"journee-franco-allemande-de-leconomie-2017-le-31-mai-a-paris","status":"publish","type":"post","link":"http:\/\/www.pamina-business.com\/de\/journee-franco-allemande-de-leconomie-2017-le-31-mai-a-paris\/","title":{"rendered":"Journ\u00e9e Franco-Allemande de l&#8217;\u00e9conomie 2017 le 31 mai \u00e0 Paris"},"content":{"rendered":"<table width=\"100%\">\n<tbody>\n<tr>\n<td>La Chambre Franco-Allemande de Commerce et d&#8217;Industrie pr\u00e9sente la prochaine \u00e9dition de la<\/p>\n<p><a href=\"http:\/\/jochenwilhelm.us11.list-manage2.com\/track\/click?u=fec1916fb79df1dad88c284dc&amp;id=a3f44193ae&amp;e=58bd7fe5d6\"><strong>Journ\u00e9e Franco-Allemande de l&#8217;Economie 2017<\/strong><\/a><br \/>\nqui se d\u00e9roulera le <strong>mercredi 31 mai 2017<\/strong><br \/>\nau Conseil \u00e9conomique, social et environnemental<br \/>\n9, place d\u2019Iena &#8211; 75016 Paris<\/p>\n<p>De nombreux experts d\u00e9battront <strong>de 13h30 \u00e0 18h30<\/strong> sur les enjeux politiques, \u00e9conomiques et digitaux de nos deux pays et de l\u2019Europe : <strong>Michel Barnier, Prof. Christian de Boissieu, Thierry Breton, Elizabeth Ducottet, Christophe Fourtet, Ulrike Gu\u00e9rot, Gaspard Koenig, Frauke Mispagel, Nicolas Sadirac, Prof. Christoph M. Schmidt <\/strong>et <strong>Ludovic Subran<\/strong><\/p>\n<p>Plus d&#8217;informations :<br \/>\n<a href=\"http:\/\/jochenwilhelm.us11.list-manage1.com\/track\/click?u=fec1916fb79df1dad88c284dc&amp;id=95fb123574&amp;e=58bd7fe5d6\"><strong>www.francoallemand.com\/journeedeleconomie2017<\/strong><\/a><br \/>\nContact \/ Relations Publiques : <a href=\"&#x6d;a&#x69;&#108;&#x74;&#111;&#x3a;&#x77;k&#x72;&#105;&#x6c;&#108;&#x40;&#102;r&#x61;&#110;&#x63;&#111;&#x61;&#108;l&#x65;&#109;&#x61;&#110;&#x64;&#46;c&#x6f;m\">w&#107;&#114;&#x69;&#x6c;&#x6c;&#64;f&#114;&#97;&#x6e;&#x63;&#x6f;a&#108;&#108;&#101;&#x6d;&#x61;&#x6e;d&#46;&#99;&#x6f;&#x6d;<\/a><\/td>\n<\/tr>\n<\/tbody>\n<\/table>\n<p><em>Source<\/em> : @journal de la Chambre Franco-Allemande de Commerce et d&#8217;Industrie<\/p>\n<p><a href=\"http:\/\/www.francoallemand.com\">www.francoallemand.com<\/a><\/p>\n<p><em>Contact<\/em> : <a href=\"&#x6d;&#97;&#105;&#x6c;&#x74;&#111;&#58;&#x61;&#x68;&#107;&#64;&#x66;&#x72;&#97;&#110;&#x63;&#x6f;&#97;&#108;&#x6c;&#x65;&#109;&#97;&#x6e;&#x64;&#46;&#99;&#x6f;&#x6d;\">ahk&#64;&#102;&#114;&#97;&#x6e;&#x63;&#x6f;&#x61;&#x6c;&#x6c;&#x65;man&#100;&#46;&#99;&#111;&#109;<\/a><\/p>\n","protected":false},"excerpt":{"rendered":"<p>La Chambre Franco-Allemande de Commerce et d&#8217;Industrie pr\u00e9sente la prochaine \u00e9dition de la Journ\u00e9e Franco-Allemande de l&#8217;Economie 2017 qui se d\u00e9roulera le mercredi 31 mai 2017 au Conseil \u00e9conomique, social et environnemental 9, place d\u2019Iena &#8211; 75016 Paris De nombreux experts d\u00e9battront de 13h30 \u00e0 18h30 sur les enjeux politiques, \u00e9conomiques et digitaux de nos [&hellip;]<\/p>\n","protected":false},"author":3,"featured_media":0,"comment_status":"open","ping_status":"open","sticky":false,"template":"","format":"standard","meta":{"_exactmetrics_skip_tracking":false,"_exactmetrics_sitenote_active":false,"_exactmetrics_sitenote_note":"","_exactmetrics_sitenote_category":0,"footnotes":""},"categories":[65,7,47],"tags":[],"class_list":["post-2514","post","type-post","status-publish","format-standard","hentry","category-economie","category-evenements-fr","category-industrie-fr"],"yoast_head":"<!-- This site is optimized with the Yoast SEO plugin v23.5 - https:\/\/yoast.com\/wordpress\/plugins\/seo\/ -->\n<title>Journ\u00e9e Franco-Allemande de l&#039;\u00e9conomie 2017 le 31 mai \u00e0 Paris - PAMINA Business Club<\/title>\n<meta name=\"robots\" content=\"index, follow, max-snippet:-1, max-image-preview:large, max-video-preview:-1\" \/>\n<link rel=\"canonical\" href=\"http:\/\/www.pamina-business.com\/de\/journee-franco-allemande-de-leconomie-2017-le-31-mai-a-paris\/\" \/>\n<meta property=\"og:locale\" content=\"de_DE\" \/>\n<meta property=\"og:type\" content=\"article\" \/>\n<meta property=\"og:title\" content=\"Journ\u00e9e Franco-Allemande de l&#039;\u00e9conomie 2017 le 31 mai \u00e0 Paris - PAMINA Business Club\" \/>\n<meta property=\"og:description\" content=\"La Chambre Franco-Allemande de Commerce et d&#8217;Industrie pr\u00e9sente la prochaine \u00e9dition de la Journ\u00e9e Franco-Allemande de l&#8217;Economie 2017 qui se d\u00e9roulera le mercredi 31 mai 2017 au Conseil \u00e9conomique, social et environnemental 9, place d\u2019Iena &#8211; 75016 Paris De nombreux experts d\u00e9battront de 13h30 \u00e0 18h30 sur les enjeux politiques, \u00e9conomiques et digitaux de nos [&hellip;]\" \/>\n<meta property=\"og:url\" content=\"http:\/\/www.pamina-business.com\/de\/journee-franco-allemande-de-leconomie-2017-le-31-mai-a-paris\/\" \/>\n<meta property=\"og:site_name\" content=\"PAMINA Business Club\" \/>\n<meta property=\"article:published_time\" content=\"2017-05-19T08:32:08+00:00\" \/>\n<meta property=\"article:modified_time\" content=\"2017-05-02T08:40:24+00:00\" \/>\n<meta name=\"author\" content=\"Monique STUTZMANN\" \/>\n<meta name=\"twitter:card\" content=\"summary_large_image\" \/>\n<meta name=\"twitter:label1\" content=\"Verfasst von\" \/>\n\t<meta name=\"twitter:data1\" content=\"Monique STUTZMANN\" \/>\n\t<meta name=\"twitter:label2\" content=\"Gesch\u00e4tzte Lesezeit\" \/>\n\t<meta name=\"twitter:data2\" content=\"1\u00a0Minute\" \/>\n<script type=\"application\/ld+json\" class=\"yoast-schema-graph\">{\"@context\":\"https:\/\/schema.org\",\"@graph\":[{\"@type\":\"WebPage\",\"@id\":\"http:\/\/www.pamina-business.com\/de\/journee-franco-allemande-de-leconomie-2017-le-31-mai-a-paris\/\",\"url\":\"http:\/\/www.pamina-business.com\/de\/journee-franco-allemande-de-leconomie-2017-le-31-mai-a-paris\/\",\"name\":\"Journ\u00e9e Franco-Allemande de l'\u00e9conomie 2017 le 31 mai \u00e0 Paris - PAMINA Business Club\",\"isPartOf\":{\"@id\":\"http:\/\/www.pamina-business.com\/de\/#website\"},\"datePublished\":\"2017-05-19T08:32:08+00:00\",\"dateModified\":\"2017-05-02T08:40:24+00:00\",\"author\":{\"@id\":\"http:\/\/www.pamina-business.com\/de\/#\/schema\/person\/9ab02536dbdbc5e3ef40bbc3452c8c69\"},\"breadcrumb\":{\"@id\":\"http:\/\/www.pamina-business.com\/de\/journee-franco-allemande-de-leconomie-2017-le-31-mai-a-paris\/#breadcrumb\"},\"inLanguage\":\"de\",\"potentialAction\":[{\"@type\":\"ReadAction\",\"target\":[\"http:\/\/www.pamina-business.com\/de\/journee-franco-allemande-de-leconomie-2017-le-31-mai-a-paris\/\"]}]},{\"@type\":\"BreadcrumbList\",\"@id\":\"http:\/\/www.pamina-business.com\/de\/journee-franco-allemande-de-leconomie-2017-le-31-mai-a-paris\/#breadcrumb\",\"itemListElement\":[{\"@type\":\"ListItem\",\"position\":1,\"name\":\"Accueil\",\"item\":\"http:\/\/www.pamina-business.com\/de\/\"},{\"@type\":\"ListItem\",\"position\":2,\"name\":\"Journ\u00e9e Franco-Allemande de l&#8217;\u00e9conomie 2017 le 31 mai \u00e0 Paris\"}]},{\"@type\":\"WebSite\",\"@id\":\"http:\/\/www.pamina-business.com\/de\/#website\",\"url\":\"http:\/\/www.pamina-business.com\/de\/\",\"name\":\"PAMINA Business Club\",\"description\":\"Un site utilisant WordPress\",\"potentialAction\":[{\"@type\":\"SearchAction\",\"target\":{\"@type\":\"EntryPoint\",\"urlTemplate\":\"http:\/\/www.pamina-business.com\/de\/?s={search_term_string}\"},\"query-input\":{\"@type\":\"PropertyValueSpecification\",\"valueRequired\":true,\"valueName\":\"search_term_string\"}}],\"inLanguage\":\"de\"},{\"@type\":\"Person\",\"@id\":\"http:\/\/www.pamina-business.com\/de\/#\/schema\/person\/9ab02536dbdbc5e3ef40bbc3452c8c69\",\"name\":\"Monique STUTZMANN\",\"image\":{\"@type\":\"ImageObject\",\"inLanguage\":\"de\",\"@id\":\"http:\/\/www.pamina-business.com\/de\/#\/schema\/person\/image\/\",\"url\":\"https:\/\/secure.gravatar.com\/avatar\/cc1c3adf9a9f6e969d3da7b6b34ec66f5f4a6844dfc9145380a75e42cd91882e?s=96&d=mm&r=g\",\"contentUrl\":\"https:\/\/secure.gravatar.com\/avatar\/cc1c3adf9a9f6e969d3da7b6b34ec66f5f4a6844dfc9145380a75e42cd91882e?s=96&d=mm&r=g\",\"caption\":\"Monique STUTZMANN\"},\"url\":\"http:\/\/www.pamina-business.com\/de\/author\/monique\/\"}]}<\/script>\n<!-- \/ Yoast SEO plugin. -->","yoast_head_json":{"title":"Journ\u00e9e Franco-Allemande de l'\u00e9conomie 2017 le 31 mai \u00e0 Paris - PAMINA Business Club","robots":{"index":"index","follow":"follow","max-snippet":"max-snippet:-1","max-image-preview":"max-image-preview:large","max-video-preview":"max-video-preview:-1"},"canonical":"http:\/\/www.pamina-business.com\/de\/journee-franco-allemande-de-leconomie-2017-le-31-mai-a-paris\/","og_locale":"de_DE","og_type":"article","og_title":"Journ\u00e9e Franco-Allemande de l'\u00e9conomie 2017 le 31 mai \u00e0 Paris - PAMINA Business Club","og_description":"La Chambre Franco-Allemande de Commerce et d&#8217;Industrie pr\u00e9sente la prochaine \u00e9dition de la Journ\u00e9e Franco-Allemande de l&#8217;Economie 2017 qui se d\u00e9roulera le mercredi 31 mai 2017 au Conseil \u00e9conomique, social et environnemental 9, place d\u2019Iena &#8211; 75016 Paris De nombreux experts d\u00e9battront de 13h30 \u00e0 18h30 sur les enjeux politiques, \u00e9conomiques et digitaux de nos [&hellip;]","og_url":"http:\/\/www.pamina-business.com\/de\/journee-franco-allemande-de-leconomie-2017-le-31-mai-a-paris\/","og_site_name":"PAMINA Business Club","article_published_time":"2017-05-19T08:32:08+00:00","article_modified_time":"2017-05-02T08:40:24+00:00","author":"Monique STUTZMANN","twitter_card":"summary_large_image","twitter_misc":{"Verfasst von":"Monique STUTZMANN","Gesch\u00e4tzte Lesezeit":"1\u00a0Minute"},"schema":{"@context":"https:\/\/schema.org","@graph":[{"@type":"WebPage","@id":"http:\/\/www.pamina-business.com\/de\/journee-franco-allemande-de-leconomie-2017-le-31-mai-a-paris\/","url":"http:\/\/www.pamina-business.com\/de\/journee-franco-allemande-de-leconomie-2017-le-31-mai-a-paris\/","name":"Journ\u00e9e Franco-Allemande de l'\u00e9conomie 2017 le 31 mai \u00e0 Paris - PAMINA Business Club","isPartOf":{"@id":"http:\/\/www.pamina-business.com\/de\/#website"},"datePublished":"2017-05-19T08:32:08+00:00","dateModified":"2017-05-02T08:40:24+00:00","author":{"@id":"http:\/\/www.pamina-business.com\/de\/#\/schema\/person\/9ab02536dbdbc5e3ef40bbc3452c8c69"},"breadcrumb":{"@id":"http:\/\/www.pamina-business.com\/de\/journee-franco-allemande-de-leconomie-2017-le-31-mai-a-paris\/#breadcrumb"},"inLanguage":"de","potentialAction":[{"@type":"ReadAction","target":["http:\/\/www.pamina-business.com\/de\/journee-franco-allemande-de-leconomie-2017-le-31-mai-a-paris\/"]}]},{"@type":"BreadcrumbList","@id":"http:\/\/www.pamina-business.com\/de\/journee-franco-allemande-de-leconomie-2017-le-31-mai-a-paris\/#breadcrumb","itemListElement":[{"@type":"ListItem","position":1,"name":"Accueil","item":"http:\/\/www.pamina-business.com\/de\/"},{"@type":"ListItem","position":2,"name":"Journ\u00e9e Franco-Allemande de l&#8217;\u00e9conomie 2017 le 31 mai \u00e0 Paris"}]},{"@type":"WebSite","@id":"http:\/\/www.pamina-business.com\/de\/#website","url":"http:\/\/www.pamina-business.com\/de\/","name":"PAMINA Business Club","description":"Un site utilisant WordPress","potentialAction":[{"@type":"SearchAction","target":{"@type":"EntryPoint","urlTemplate":"http:\/\/www.pamina-business.com\/de\/?s={search_term_string}"},"query-input":{"@type":"PropertyValueSpecification","valueRequired":true,"valueName":"search_term_string"}}],"inLanguage":"de"},{"@type":"Person","@id":"http:\/\/www.pamina-business.com\/de\/#\/schema\/person\/9ab02536dbdbc5e3ef40bbc3452c8c69","name":"Monique STUTZMANN","image":{"@type":"ImageObject","inLanguage":"de","@id":"http:\/\/www.pamina-business.com\/de\/#\/schema\/person\/image\/","url":"https:\/\/secure.gravatar.com\/avatar\/cc1c3adf9a9f6e969d3da7b6b34ec66f5f4a6844dfc9145380a75e42cd91882e?s=96&d=mm&r=g","contentUrl":"https:\/\/secure.gravatar.com\/avatar\/cc1c3adf9a9f6e969d3da7b6b34ec66f5f4a6844dfc9145380a75e42cd91882e?s=96&d=mm&r=g","caption":"Monique STUTZMANN"},"url":"http:\/\/www.pamina-business.com\/de\/author\/monique\/"}]}},"_links":{"self":[{"href":"http:\/\/www.pamina-business.com\/de\/wp-json\/wp\/v2\/posts\/2514","targetHints":{"allow":["GET"]}}],"collection":[{"href":"http:\/\/www.pamina-business.com\/de\/wp-json\/wp\/v2\/posts"}],"about":[{"href":"http:\/\/www.pamina-business.com\/de\/wp-json\/wp\/v2\/types\/post"}],"author":[{"embeddable":true,"href":"http:\/\/www.pamina-business.com\/de\/wp-json\/wp\/v2\/users\/3"}],"replies":[{"embeddable":true,"href":"http:\/\/www.pamina-business.com\/de\/wp-json\/wp\/v2\/comments?post=2514"}],"version-history":[{"count":1,"href":"http:\/\/www.pamina-business.com\/de\/wp-json\/wp\/v2\/posts\/2514\/revisions"}],"predecessor-version":[{"id":2515,"href":"http:\/\/www.pamina-business.com\/de\/wp-json\/wp\/v2\/posts\/2514\/revisions\/2515"}],"wp:attachment":[{"href":"http:\/\/www.pamina-business.com\/de\/wp-json\/wp\/v2\/media?parent=2514"}],"wp:term":[{"taxonomy":"category","embeddable":true,"href":"http:\/\/www.pamina-business.com\/de\/wp-json\/wp\/v2\/categories?post=2514"},{"taxonomy":"post_tag","embeddable":true,"href":"http:\/\/www.pamina-business.com\/de\/wp-json\/wp\/v2\/tags?post=2514"}],"curies":[{"name":"wp","href":"https:\/\/api.w.org\/{rel}","templated":true}]}}