{"id":2191,"date":"2017-01-16T08:53:55","date_gmt":"2017-01-16T08:53:55","guid":{"rendered":"http:\/\/www.pamina-business.com\/?p=2191"},"modified":"2017-01-12T09:05:45","modified_gmt":"2017-01-12T09:05:45","slug":"portes-ouvertes-dans-les-locaux-de-leurodistrict-pamina-le-22-janvier-2017","status":"publish","type":"post","link":"http:\/\/www.pamina-business.com\/de\/portes-ouvertes-dans-les-locaux-de-leurodistrict-pamina-le-22-janvier-2017\/","title":{"rendered":"Portes ouvertes dans les locaux de l&#8217;Eurodistrict Pamina le 22 janvier 2017"},"content":{"rendered":"<div class=\"media-object\"><img decoding=\"async\" src=\"http:\/\/www.eurodistrict-pamina.eu\/globalflexit\/images\/img_base\/agendas\/835_556_1_portes-ouvertes-internet.PNG\" alt=\"Flyer Tag der offenen T\u00fcr\" \/><\/div>\n<div class=\"media-body\">\n<h1 class=\"media-heading\">Portes ouvertes<\/h1>\n<div class=\"date\"><\/div>\n<div class=\"contenu\">\n<p>La 7\u00e8me journ\u00e9e portes ouvertes \u00e0 l&#8217;ancienne douane de Lauterbourg aura lieu le <strong>dimanche 22 janvier 2017, 11h &#8211; 17h<\/strong> &#8211; co\u00efncidant avec la 14\u00e8me \u00e9dition de la journ\u00e9e franco-allemande (la date symbolique du 22 janvier a \u00e9t\u00e9 choisie en 2003 lors du 40e anniversaire du Trait\u00e9 de l&#8217;\u00c9lys\u00e9e).<\/p>\n<p>Comme dans les ann\u00e9es pr\u00e9c\u00e9dentes l&#8217;Eurodistrict PAMINA, l&#8217;Infobest PAMINA et l&#8217;association touristique Vis-\u00e0-Vis invite le grand public \u00e0 d\u00e9couvrir dans leurs locaux communs, dans une ambiance familiale PAMINA, la vari\u00e9t\u00e9 et richesse de l&#8217;espace PAMINA \u00e0 travers des stands d&#8217;informations, des animations et de produits r\u00e9gionaux.<\/p>\n<p>Vous trouverez ci-apr\u00e8s la <a class=\"flexit_ico_file pdf\" href=\"http:\/\/www.eurodistrict-pamina.eu\/UserFiles\/File\/aktivitaten\/partenaires-programme-2017-mise-a-jour-29-decembre.pdf\">liste des exposants avec leurs actions propos\u00e9es<\/a>\u00a0\u00a0\u00a0 (sous r\u00e9serve de modifications).<\/p>\n<p>Animation musiacale : l&#8217;ensemble\u00a0de cors de chasse <a href=\"http:\/\/www.cornidipamina.eu\" target=\"_blank\">Corni di Pamina<\/a>.<\/p>\n<p>A noter que dans le contexte de cette journ\u00e9e portes ouvertes la Commission Football PAMINA organisera un programme futsal \u00e0 la salle polyvalente de Lauterbourg (\u00e0 proximit\u00e9 de l&#8217;ancienne douane). Plus d&#8217;informations dans le <a class=\"flexit_ico_file pdf\" href=\"http:\/\/www.eurodistrict-pamina.eu\/UserFiles\/File\/aktivitaten\/programme-futsal-pamina-22-janvier-2016.pdf\">programme\u00a0\u00a0\u00a0 <\/a>et l&#8216;<a class=\"flexit_ico_file pdf\" href=\"http:\/\/www.eurodistrict-pamina.eu\/UserFiles\/File\/aktivitaten\/affiche-futsal-22-01-17.pdf\">affiche<\/a>.<\/p>\n<\/div>\n<\/div>\n<div class=\"contenu\"><\/div>\n<div class=\"contenu\"><em>Source<\/em> : <a href=\"http:\/\/www.pamina-eurodistrict.eu\">www.pamina-eurodistrict.eu <\/a><\/div>\n<div class=\"contenu\"><\/div>\n","protected":false},"excerpt":{"rendered":"<p>Portes ouvertes La 7\u00e8me journ\u00e9e portes ouvertes \u00e0 l&#8217;ancienne douane de Lauterbourg aura lieu le dimanche 22 janvier 2017, 11h &#8211; 17h &#8211; co\u00efncidant avec la 14\u00e8me \u00e9dition de la journ\u00e9e franco-allemande (la date symbolique du 22 janvier a \u00e9t\u00e9 choisie en 2003 lors du 40e anniversaire du Trait\u00e9 de l&#8217;\u00c9lys\u00e9e). Comme dans les ann\u00e9es [&hellip;]<\/p>\n","protected":false},"author":3,"featured_media":0,"comment_status":"open","ping_status":"open","sticky":false,"template":"","format":"standard","meta":{"_exactmetrics_skip_tracking":false,"_exactmetrics_sitenote_active":false,"_exactmetrics_sitenote_note":"","_exactmetrics_sitenote_category":0,"footnotes":""},"categories":[65,7],"tags":[],"class_list":["post-2191","post","type-post","status-publish","format-standard","hentry","category-economie","category-evenements-fr"],"yoast_head":"<!-- This site is optimized with the Yoast SEO plugin v23.5 - https:\/\/yoast.com\/wordpress\/plugins\/seo\/ -->\n<title>Portes ouvertes dans les locaux de l&#039;Eurodistrict Pamina le 22 janvier 2017 - PAMINA Business Club<\/title>\n<meta name=\"robots\" content=\"index, follow, max-snippet:-1, max-image-preview:large, max-video-preview:-1\" \/>\n<link rel=\"canonical\" href=\"http:\/\/www.pamina-business.com\/en\/portes-ouvertes-dans-les-locaux-de-leurodistrict-pamina-le-22-janvier-2017\/\" \/>\n<meta property=\"og:locale\" content=\"de_DE\" \/>\n<meta property=\"og:type\" content=\"article\" \/>\n<meta property=\"og:title\" content=\"Portes ouvertes dans les locaux de l&#039;Eurodistrict Pamina le 22 janvier 2017 - PAMINA Business Club\" \/>\n<meta property=\"og:description\" content=\"Portes ouvertes La 7\u00e8me journ\u00e9e portes ouvertes \u00e0 l&#8217;ancienne douane de Lauterbourg aura lieu le dimanche 22 janvier 2017, 11h &#8211; 17h &#8211; co\u00efncidant avec la 14\u00e8me \u00e9dition de la journ\u00e9e franco-allemande (la date symbolique du 22 janvier a \u00e9t\u00e9 choisie en 2003 lors du 40e anniversaire du Trait\u00e9 de l&#8217;\u00c9lys\u00e9e). Comme dans les ann\u00e9es [&hellip;]\" \/>\n<meta property=\"og:url\" content=\"http:\/\/www.pamina-business.com\/en\/portes-ouvertes-dans-les-locaux-de-leurodistrict-pamina-le-22-janvier-2017\/\" \/>\n<meta property=\"og:site_name\" content=\"PAMINA Business Club\" \/>\n<meta property=\"article:published_time\" content=\"2017-01-16T08:53:55+00:00\" \/>\n<meta property=\"article:modified_time\" content=\"2017-01-12T09:05:45+00:00\" \/>\n<meta property=\"og:image\" content=\"http:\/\/www.eurodistrict-pamina.eu\/globalflexit\/images\/img_base\/agendas\/835_556_1_portes-ouvertes-internet.PNG\" \/>\n<meta name=\"author\" content=\"Monique STUTZMANN\" \/>\n<meta name=\"twitter:card\" content=\"summary_large_image\" \/>\n<meta name=\"twitter:label1\" content=\"Verfasst von\" \/>\n\t<meta name=\"twitter:data1\" content=\"Monique STUTZMANN\" \/>\n\t<meta name=\"twitter:label2\" content=\"Gesch\u00e4tzte Lesezeit\" \/>\n\t<meta name=\"twitter:data2\" content=\"1\u00a0Minute\" \/>\n<script type=\"application\/ld+json\" class=\"yoast-schema-graph\">{\"@context\":\"https:\/\/schema.org\",\"@graph\":[{\"@type\":\"WebPage\",\"@id\":\"http:\/\/www.pamina-business.com\/en\/portes-ouvertes-dans-les-locaux-de-leurodistrict-pamina-le-22-janvier-2017\/\",\"url\":\"http:\/\/www.pamina-business.com\/en\/portes-ouvertes-dans-les-locaux-de-leurodistrict-pamina-le-22-janvier-2017\/\",\"name\":\"Portes ouvertes dans les locaux de l'Eurodistrict Pamina le 22 janvier 2017 - PAMINA Business Club\",\"isPartOf\":{\"@id\":\"http:\/\/www.pamina-business.com\/de\/#website\"},\"primaryImageOfPage\":{\"@id\":\"http:\/\/www.pamina-business.com\/en\/portes-ouvertes-dans-les-locaux-de-leurodistrict-pamina-le-22-janvier-2017\/#primaryimage\"},\"image\":{\"@id\":\"http:\/\/www.pamina-business.com\/en\/portes-ouvertes-dans-les-locaux-de-leurodistrict-pamina-le-22-janvier-2017\/#primaryimage\"},\"thumbnailUrl\":\"http:\/\/www.eurodistrict-pamina.eu\/globalflexit\/images\/img_base\/agendas\/835_556_1_portes-ouvertes-internet.PNG\",\"datePublished\":\"2017-01-16T08:53:55+00:00\",\"dateModified\":\"2017-01-12T09:05:45+00:00\",\"author\":{\"@id\":\"http:\/\/www.pamina-business.com\/de\/#\/schema\/person\/9ab02536dbdbc5e3ef40bbc3452c8c69\"},\"breadcrumb\":{\"@id\":\"http:\/\/www.pamina-business.com\/en\/portes-ouvertes-dans-les-locaux-de-leurodistrict-pamina-le-22-janvier-2017\/#breadcrumb\"},\"inLanguage\":\"de\",\"potentialAction\":[{\"@type\":\"ReadAction\",\"target\":[\"http:\/\/www.pamina-business.com\/en\/portes-ouvertes-dans-les-locaux-de-leurodistrict-pamina-le-22-janvier-2017\/\"]}]},{\"@type\":\"ImageObject\",\"inLanguage\":\"de\",\"@id\":\"http:\/\/www.pamina-business.com\/en\/portes-ouvertes-dans-les-locaux-de-leurodistrict-pamina-le-22-janvier-2017\/#primaryimage\",\"url\":\"http:\/\/www.eurodistrict-pamina.eu\/globalflexit\/images\/img_base\/agendas\/835_556_1_portes-ouvertes-internet.PNG\",\"contentUrl\":\"http:\/\/www.eurodistrict-pamina.eu\/globalflexit\/images\/img_base\/agendas\/835_556_1_portes-ouvertes-internet.PNG\"},{\"@type\":\"BreadcrumbList\",\"@id\":\"http:\/\/www.pamina-business.com\/en\/portes-ouvertes-dans-les-locaux-de-leurodistrict-pamina-le-22-janvier-2017\/#breadcrumb\",\"itemListElement\":[{\"@type\":\"ListItem\",\"position\":1,\"name\":\"Accueil\",\"item\":\"http:\/\/www.pamina-business.com\/de\/\"},{\"@type\":\"ListItem\",\"position\":2,\"name\":\"Portes ouvertes dans les locaux de l&#8217;Eurodistrict Pamina le 22 janvier 2017\"}]},{\"@type\":\"WebSite\",\"@id\":\"http:\/\/www.pamina-business.com\/de\/#website\",\"url\":\"http:\/\/www.pamina-business.com\/de\/\",\"name\":\"PAMINA Business Club\",\"description\":\"Un site utilisant WordPress\",\"potentialAction\":[{\"@type\":\"SearchAction\",\"target\":{\"@type\":\"EntryPoint\",\"urlTemplate\":\"http:\/\/www.pamina-business.com\/de\/?s={search_term_string}\"},\"query-input\":{\"@type\":\"PropertyValueSpecification\",\"valueRequired\":true,\"valueName\":\"search_term_string\"}}],\"inLanguage\":\"de\"},{\"@type\":\"Person\",\"@id\":\"http:\/\/www.pamina-business.com\/de\/#\/schema\/person\/9ab02536dbdbc5e3ef40bbc3452c8c69\",\"name\":\"Monique STUTZMANN\",\"image\":{\"@type\":\"ImageObject\",\"inLanguage\":\"de\",\"@id\":\"http:\/\/www.pamina-business.com\/de\/#\/schema\/person\/image\/\",\"url\":\"https:\/\/secure.gravatar.com\/avatar\/cc1c3adf9a9f6e969d3da7b6b34ec66f5f4a6844dfc9145380a75e42cd91882e?s=96&d=mm&r=g\",\"contentUrl\":\"https:\/\/secure.gravatar.com\/avatar\/cc1c3adf9a9f6e969d3da7b6b34ec66f5f4a6844dfc9145380a75e42cd91882e?s=96&d=mm&r=g\",\"caption\":\"Monique STUTZMANN\"},\"url\":\"http:\/\/www.pamina-business.com\/de\/author\/monique\/\"}]}<\/script>\n<!-- \/ Yoast SEO plugin. -->","yoast_head_json":{"title":"Portes ouvertes dans les locaux de l'Eurodistrict Pamina le 22 janvier 2017 - PAMINA Business Club","robots":{"index":"index","follow":"follow","max-snippet":"max-snippet:-1","max-image-preview":"max-image-preview:large","max-video-preview":"max-video-preview:-1"},"canonical":"http:\/\/www.pamina-business.com\/en\/portes-ouvertes-dans-les-locaux-de-leurodistrict-pamina-le-22-janvier-2017\/","og_locale":"de_DE","og_type":"article","og_title":"Portes ouvertes dans les locaux de l'Eurodistrict Pamina le 22 janvier 2017 - PAMINA Business Club","og_description":"Portes ouvertes La 7\u00e8me journ\u00e9e portes ouvertes \u00e0 l&#8217;ancienne douane de Lauterbourg aura lieu le dimanche 22 janvier 2017, 11h &#8211; 17h &#8211; co\u00efncidant avec la 14\u00e8me \u00e9dition de la journ\u00e9e franco-allemande (la date symbolique du 22 janvier a \u00e9t\u00e9 choisie en 2003 lors du 40e anniversaire du Trait\u00e9 de l&#8217;\u00c9lys\u00e9e). Comme dans les ann\u00e9es [&hellip;]","og_url":"http:\/\/www.pamina-business.com\/en\/portes-ouvertes-dans-les-locaux-de-leurodistrict-pamina-le-22-janvier-2017\/","og_site_name":"PAMINA Business Club","article_published_time":"2017-01-16T08:53:55+00:00","article_modified_time":"2017-01-12T09:05:45+00:00","og_image":[{"url":"http:\/\/www.eurodistrict-pamina.eu\/globalflexit\/images\/img_base\/agendas\/835_556_1_portes-ouvertes-internet.PNG"}],"author":"Monique STUTZMANN","twitter_card":"summary_large_image","twitter_misc":{"Verfasst von":"Monique STUTZMANN","Gesch\u00e4tzte Lesezeit":"1\u00a0Minute"},"schema":{"@context":"https:\/\/schema.org","@graph":[{"@type":"WebPage","@id":"http:\/\/www.pamina-business.com\/en\/portes-ouvertes-dans-les-locaux-de-leurodistrict-pamina-le-22-janvier-2017\/","url":"http:\/\/www.pamina-business.com\/en\/portes-ouvertes-dans-les-locaux-de-leurodistrict-pamina-le-22-janvier-2017\/","name":"Portes ouvertes dans les locaux de l'Eurodistrict Pamina le 22 janvier 2017 - PAMINA Business Club","isPartOf":{"@id":"http:\/\/www.pamina-business.com\/de\/#website"},"primaryImageOfPage":{"@id":"http:\/\/www.pamina-business.com\/en\/portes-ouvertes-dans-les-locaux-de-leurodistrict-pamina-le-22-janvier-2017\/#primaryimage"},"image":{"@id":"http:\/\/www.pamina-business.com\/en\/portes-ouvertes-dans-les-locaux-de-leurodistrict-pamina-le-22-janvier-2017\/#primaryimage"},"thumbnailUrl":"http:\/\/www.eurodistrict-pamina.eu\/globalflexit\/images\/img_base\/agendas\/835_556_1_portes-ouvertes-internet.PNG","datePublished":"2017-01-16T08:53:55+00:00","dateModified":"2017-01-12T09:05:45+00:00","author":{"@id":"http:\/\/www.pamina-business.com\/de\/#\/schema\/person\/9ab02536dbdbc5e3ef40bbc3452c8c69"},"breadcrumb":{"@id":"http:\/\/www.pamina-business.com\/en\/portes-ouvertes-dans-les-locaux-de-leurodistrict-pamina-le-22-janvier-2017\/#breadcrumb"},"inLanguage":"de","potentialAction":[{"@type":"ReadAction","target":["http:\/\/www.pamina-business.com\/en\/portes-ouvertes-dans-les-locaux-de-leurodistrict-pamina-le-22-janvier-2017\/"]}]},{"@type":"ImageObject","inLanguage":"de","@id":"http:\/\/www.pamina-business.com\/en\/portes-ouvertes-dans-les-locaux-de-leurodistrict-pamina-le-22-janvier-2017\/#primaryimage","url":"http:\/\/www.eurodistrict-pamina.eu\/globalflexit\/images\/img_base\/agendas\/835_556_1_portes-ouvertes-internet.PNG","contentUrl":"http:\/\/www.eurodistrict-pamina.eu\/globalflexit\/images\/img_base\/agendas\/835_556_1_portes-ouvertes-internet.PNG"},{"@type":"BreadcrumbList","@id":"http:\/\/www.pamina-business.com\/en\/portes-ouvertes-dans-les-locaux-de-leurodistrict-pamina-le-22-janvier-2017\/#breadcrumb","itemListElement":[{"@type":"ListItem","position":1,"name":"Accueil","item":"http:\/\/www.pamina-business.com\/de\/"},{"@type":"ListItem","position":2,"name":"Portes ouvertes dans les locaux de l&#8217;Eurodistrict Pamina le 22 janvier 2017"}]},{"@type":"WebSite","@id":"http:\/\/www.pamina-business.com\/de\/#website","url":"http:\/\/www.pamina-business.com\/de\/","name":"PAMINA Business Club","description":"Un site utilisant WordPress","potentialAction":[{"@type":"SearchAction","target":{"@type":"EntryPoint","urlTemplate":"http:\/\/www.pamina-business.com\/de\/?s={search_term_string}"},"query-input":{"@type":"PropertyValueSpecification","valueRequired":true,"valueName":"search_term_string"}}],"inLanguage":"de"},{"@type":"Person","@id":"http:\/\/www.pamina-business.com\/de\/#\/schema\/person\/9ab02536dbdbc5e3ef40bbc3452c8c69","name":"Monique STUTZMANN","image":{"@type":"ImageObject","inLanguage":"de","@id":"http:\/\/www.pamina-business.com\/de\/#\/schema\/person\/image\/","url":"https:\/\/secure.gravatar.com\/avatar\/cc1c3adf9a9f6e969d3da7b6b34ec66f5f4a6844dfc9145380a75e42cd91882e?s=96&d=mm&r=g","contentUrl":"https:\/\/secure.gravatar.com\/avatar\/cc1c3adf9a9f6e969d3da7b6b34ec66f5f4a6844dfc9145380a75e42cd91882e?s=96&d=mm&r=g","caption":"Monique STUTZMANN"},"url":"http:\/\/www.pamina-business.com\/de\/author\/monique\/"}]}},"_links":{"self":[{"href":"http:\/\/www.pamina-business.com\/de\/wp-json\/wp\/v2\/posts\/2191","targetHints":{"allow":["GET"]}}],"collection":[{"href":"http:\/\/www.pamina-business.com\/de\/wp-json\/wp\/v2\/posts"}],"about":[{"href":"http:\/\/www.pamina-business.com\/de\/wp-json\/wp\/v2\/types\/post"}],"author":[{"embeddable":true,"href":"http:\/\/www.pamina-business.com\/de\/wp-json\/wp\/v2\/users\/3"}],"replies":[{"embeddable":true,"href":"http:\/\/www.pamina-business.com\/de\/wp-json\/wp\/v2\/comments?post=2191"}],"version-history":[{"count":2,"href":"http:\/\/www.pamina-business.com\/de\/wp-json\/wp\/v2\/posts\/2191\/revisions"}],"predecessor-version":[{"id":2196,"href":"http:\/\/www.pamina-business.com\/de\/wp-json\/wp\/v2\/posts\/2191\/revisions\/2196"}],"wp:attachment":[{"href":"http:\/\/www.pamina-business.com\/de\/wp-json\/wp\/v2\/media?parent=2191"}],"wp:term":[{"taxonomy":"category","embeddable":true,"href":"http:\/\/www.pamina-business.com\/de\/wp-json\/wp\/v2\/categories?post=2191"},{"taxonomy":"post_tag","embeddable":true,"href":"http:\/\/www.pamina-business.com\/de\/wp-json\/wp\/v2\/tags?post=2191"}],"curies":[{"name":"wp","href":"https:\/\/api.w.org\/{rel}","templated":true}]}}