{"id":2150,"date":"2017-01-03T08:16:00","date_gmt":"2017-01-03T08:16:00","guid":{"rendered":"http:\/\/www.pamina-business.com\/?p=2150"},"modified":"2016-12-13T08:18:44","modified_gmt":"2016-12-13T08:18:44","slug":"austausch-zur-aufnahme-unbegleiteter-minderjahriger-asylsuchender-uma-zwischen-dem-bas-rhin-und-dem-landkreis-karlsruhe","status":"publish","type":"post","link":"http:\/\/www.pamina-business.com\/de\/austausch-zur-aufnahme-unbegleiteter-minderjahriger-asylsuchender-uma-zwischen-dem-bas-rhin-und-dem-landkreis-karlsruhe\/","title":{"rendered":"Austausch zur Aufnahme unbegleiteter minderj\u00e4hriger Asylsuchender (UMA) zwischen dem Bas-Rhin und dem Landkreis Karlsruhe"},"content":{"rendered":"<div class=\"titre-article\"><\/div>\n<div class=\"chapo-article\"><span class=\"spip_document_4582 spip_documents spip_documents_left\"> <img loading=\"lazy\" decoding=\"async\" src=\"http:\/\/www.eurodistrict-pamina.eu\/pamina\/IMG\/jpg\/122106_original_R_by_Fionn_Grosse_pixelio.de_-_Copie.jpg\" alt=\"\" width=\"113\" height=\"150\" \/><\/span><\/div>\n<div class=\"chapo-article\"><\/div>\n<div class=\"chapo-article\">Bereits im Jahr 2010 gab es erste Gespr\u00e4che zwischen dem Conseil D\u00e9partemental du Bas-Rhin und dem Landkreis Karlsruhe zum Thema Jugendschutz. Hierauf aufbauend trafen sich am 28. Oktober 2016 die beiden Verwaltungseinheiten, insgesamt 15 Personen, vertreten durch die Amtsleiterin des Jugendamtes des Landratsamtes Karlsruhe, Margit Freund, sowie Eric Mallet vom Mission de l\u2019enfance et de la famille und Christiane Gur vom Service de la protection de l\u2019enfance des Conseil D\u00e9partemental du Bas-Rhin, um sich \u00fcber die Begleitung von unbegleiteten minderj\u00e4hrigen Asylsuchenden (UMA) auszutauschen und die Unterschiede und Gemeinsamkeiten der verschiedenen Asylsysteme und Vorgehensweisen mit UMA zu er\u00f6rtern.<\/div>\n<div class=\"texte-article\">\n<p class=\"spip\">Begleitet wurden Frau Freund, Herr Mallet und Frau Gur von ihren Mitarbeitern sowie Sozialarbeitern der jeweilig zust\u00e4ndigen Jugendeinrichtung, dem Schloss Stutensee und der Association du Foyer Notre Dame. Der Eurodistrikt PAMINA organisierte und begleitete den zweisprachigen Austausch.<\/p>\n<p class=\"spip\">Die Problematik der UMA besch\u00e4ftigt die Akteure auf beiden Seiten der Grenze nun seit einigen Jahren. W\u00e4hrend Frankreich jedoch bereits seit geraumer Zeit regelm\u00e4\u00dfig Ank\u00fcnfte von UMA zu verzeichnen hatte (im D\u00e9partement du Bas-Rhin in etwa 50 UMA im Jahr), kamen im Landkreis Karlsruhe bis 2013 pro Jahr nur vier bis f\u00fcnf minderj\u00e4hrige Asylsuchende ohne Begleitung eines f\u00fcr sie verantwortlichen Erwachsenen an. Mit dem enormen Anstieg der Fl\u00fcchtlingszahlen in Europa hat sich jedoch die Zahl der UMA besonders in Deutschland, aber auch in Frankreich, deutlich erh\u00f6ht. So ist der Landkreis Karlsruhe im Moment f\u00fcr 310 Jugendliche zust\u00e4ndig, die in Jugendeinrichtungen und Gastfamilien untergebracht sind (knapp 300 im Bas-Rhin).<\/p>\n<p class=\"spip\">W\u00e4hrend im Landkreis Karlsruhe und in Deutschland sehr viele UMA aus Syrien stammen, beherbergt der Bas-Rhin kaum syrische UMA, sondern vor allem UMA aus Afghanistan und Pakistan. Nat\u00fcrlich gebe es syrische Fl\u00fcchtlinge im D\u00e9partement, jedoch handele es sich bei ihnen \u00fcberwiegend um Erwachsene oder Familien, teilte Frau Gur den deutschen Gespr\u00e4chspartnern mit.<\/p>\n<p class=\"spip\">Weitere Unterschiede gibt es bei der Feststellung des Alters, also der Pr\u00fcfung, ob es sich tats\u00e4chlich um Minderj\u00e4hrige handelt. W\u00e4hrend diese Entscheidung in Deutschland bereits innerhalb eines Tages getroffen wird, \u00fcberpr\u00fcfen die Sozialarbeiter und Beh\u00f6rden in Frankreich ihre erste Einsch\u00e4tzung \u00fcber einen l\u00e4ngeren Zeitraum, um so gut wie m\u00f6glich den Tatsachen zu entsprechen. Zudem ergeben sich unweigerlich Unterschiede beim Zugang zu Bildung f\u00fcr UMA, da in Frankreich bis zum Alter von 16 Jahren Schulpflicht besteht. In Deutschland dagegen m\u00fcssen Jugendliche i.d.R. bis 18 Jahre eine Schule besuchen. \u00dcber all diesen nationalen Regelungen steht weiterhin das Europ\u00e4ische Recht mit dem Gemeinsamen Europ\u00e4ischen Asylsystem.<\/p>\n<p class=\"spip\">Der lebendige Austausch, der von vielen Fragen von beiden Seiten gef\u00fcllt wurde und als erster Schritt angesehen wurde, um so ein komplexes Thema anzugehen, hat sich f\u00fcr beide Seiten als ein Zugewinn an Erfahrungswerten vom \u201eNachbaramt&#8220; herausgestellt und lie\u00df zwischen den Zeilen St\u00e4rken und Schw\u00e4chen beider Systeme erkennen. Der Eurodistrikt PAMINA wird die zuk\u00fcnftige Zusammenarbeit der Verwaltungseinheiten weiterhin unterst\u00fctzen.<\/p>\n<p class=\"spip\"><i class=\"spip\">Bild\u00a0: Fionn Gro\u00dfe\/<a class=\"spip_out\" href=\"http:\/\/www.pixelio.de\" target=\"_blank\">pixelio.de<\/a><\/i><\/p>\n<p class=\"spip\">Quelle : Eurodistrict Pamina <a href=\"http:\/\/www.eurodistrict-pamina.eu\">www.eurodistrict-pamina.eu <\/a><\/p>\n<\/div>\n","protected":false},"excerpt":{"rendered":"<p>Bereits im Jahr 2010 gab es erste Gespr\u00e4che zwischen dem Conseil D\u00e9partemental du Bas-Rhin und dem Landkreis Karlsruhe zum Thema Jugendschutz. Hierauf aufbauend trafen sich am 28. Oktober 2016 die beiden Verwaltungseinheiten, insgesamt 15 Personen, vertreten durch die Amtsleiterin des Jugendamtes des Landratsamtes Karlsruhe, Margit Freund, sowie Eric Mallet vom Mission de l\u2019enfance et de [&hellip;]<\/p>\n","protected":false},"author":3,"featured_media":0,"comment_status":"open","ping_status":"open","sticky":false,"template":"","format":"standard","meta":{"_exactmetrics_skip_tracking":false,"_exactmetrics_sitenote_active":false,"_exactmetrics_sitenote_note":"","_exactmetrics_sitenote_category":0,"footnotes":""},"categories":[57],"tags":[],"class_list":["post-2150","post","type-post","status-publish","format-standard","hentry","category-berufsbildung-de"],"yoast_head":"<!-- This site is optimized with the Yoast SEO plugin v23.5 - https:\/\/yoast.com\/wordpress\/plugins\/seo\/ -->\n<title>Austausch zur Aufnahme unbegleiteter minderj\u00e4hriger Asylsuchender (UMA) zwischen dem Bas-Rhin und dem Landkreis Karlsruhe - PAMINA Business Club<\/title>\n<meta name=\"robots\" content=\"index, follow, max-snippet:-1, max-image-preview:large, max-video-preview:-1\" \/>\n<link rel=\"canonical\" href=\"https:\/\/www.pamina-business.com\/de\/austausch-zur-aufnahme-unbegleiteter-minderjahriger-asylsuchender-uma-zwischen-dem-bas-rhin-und-dem-landkreis-karlsruhe\/\" \/>\n<meta property=\"og:locale\" content=\"de_DE\" \/>\n<meta property=\"og:type\" content=\"article\" \/>\n<meta property=\"og:title\" content=\"Austausch zur Aufnahme unbegleiteter minderj\u00e4hriger Asylsuchender (UMA) zwischen dem Bas-Rhin und dem Landkreis Karlsruhe - PAMINA Business Club\" \/>\n<meta property=\"og:description\" content=\"Bereits im Jahr 2010 gab es erste Gespr\u00e4che zwischen dem Conseil D\u00e9partemental du Bas-Rhin und dem Landkreis Karlsruhe zum Thema Jugendschutz. Hierauf aufbauend trafen sich am 28. Oktober 2016 die beiden Verwaltungseinheiten, insgesamt 15 Personen, vertreten durch die Amtsleiterin des Jugendamtes des Landratsamtes Karlsruhe, Margit Freund, sowie Eric Mallet vom Mission de l\u2019enfance et de [&hellip;]\" \/>\n<meta property=\"og:url\" content=\"https:\/\/www.pamina-business.com\/de\/austausch-zur-aufnahme-unbegleiteter-minderjahriger-asylsuchender-uma-zwischen-dem-bas-rhin-und-dem-landkreis-karlsruhe\/\" \/>\n<meta property=\"og:site_name\" content=\"PAMINA Business Club\" \/>\n<meta property=\"article:published_time\" content=\"2017-01-03T08:16:00+00:00\" \/>\n<meta property=\"article:modified_time\" content=\"2016-12-13T08:18:44+00:00\" \/>\n<meta property=\"og:image\" content=\"http:\/\/www.eurodistrict-pamina.eu\/pamina\/IMG\/jpg\/122106_original_R_by_Fionn_Grosse_pixelio.de_-_Copie.jpg\" \/>\n<meta name=\"author\" content=\"Monique STUTZMANN\" \/>\n<meta name=\"twitter:card\" content=\"summary_large_image\" \/>\n<meta name=\"twitter:label1\" content=\"Verfasst von\" \/>\n\t<meta name=\"twitter:data1\" content=\"Monique STUTZMANN\" \/>\n\t<meta name=\"twitter:label2\" content=\"Gesch\u00e4tzte Lesezeit\" \/>\n\t<meta name=\"twitter:data2\" content=\"3\u00a0Minuten\" \/>\n<script type=\"application\/ld+json\" class=\"yoast-schema-graph\">{\"@context\":\"https:\/\/schema.org\",\"@graph\":[{\"@type\":\"WebPage\",\"@id\":\"https:\/\/www.pamina-business.com\/de\/austausch-zur-aufnahme-unbegleiteter-minderjahriger-asylsuchender-uma-zwischen-dem-bas-rhin-und-dem-landkreis-karlsruhe\/\",\"url\":\"https:\/\/www.pamina-business.com\/de\/austausch-zur-aufnahme-unbegleiteter-minderjahriger-asylsuchender-uma-zwischen-dem-bas-rhin-und-dem-landkreis-karlsruhe\/\",\"name\":\"Austausch zur Aufnahme unbegleiteter minderj\u00e4hriger Asylsuchender (UMA) zwischen dem Bas-Rhin und dem Landkreis Karlsruhe - PAMINA Business Club\",\"isPartOf\":{\"@id\":\"https:\/\/www.pamina-business.com\/de\/#website\"},\"primaryImageOfPage\":{\"@id\":\"https:\/\/www.pamina-business.com\/de\/austausch-zur-aufnahme-unbegleiteter-minderjahriger-asylsuchender-uma-zwischen-dem-bas-rhin-und-dem-landkreis-karlsruhe\/#primaryimage\"},\"image\":{\"@id\":\"https:\/\/www.pamina-business.com\/de\/austausch-zur-aufnahme-unbegleiteter-minderjahriger-asylsuchender-uma-zwischen-dem-bas-rhin-und-dem-landkreis-karlsruhe\/#primaryimage\"},\"thumbnailUrl\":\"http:\/\/www.eurodistrict-pamina.eu\/pamina\/IMG\/jpg\/122106_original_R_by_Fionn_Grosse_pixelio.de_-_Copie.jpg\",\"datePublished\":\"2017-01-03T08:16:00+00:00\",\"dateModified\":\"2016-12-13T08:18:44+00:00\",\"author\":{\"@id\":\"https:\/\/www.pamina-business.com\/de\/#\/schema\/person\/9ab02536dbdbc5e3ef40bbc3452c8c69\"},\"breadcrumb\":{\"@id\":\"https:\/\/www.pamina-business.com\/de\/austausch-zur-aufnahme-unbegleiteter-minderjahriger-asylsuchender-uma-zwischen-dem-bas-rhin-und-dem-landkreis-karlsruhe\/#breadcrumb\"},\"inLanguage\":\"de\",\"potentialAction\":[{\"@type\":\"ReadAction\",\"target\":[\"https:\/\/www.pamina-business.com\/de\/austausch-zur-aufnahme-unbegleiteter-minderjahriger-asylsuchender-uma-zwischen-dem-bas-rhin-und-dem-landkreis-karlsruhe\/\"]}]},{\"@type\":\"ImageObject\",\"inLanguage\":\"de\",\"@id\":\"https:\/\/www.pamina-business.com\/de\/austausch-zur-aufnahme-unbegleiteter-minderjahriger-asylsuchender-uma-zwischen-dem-bas-rhin-und-dem-landkreis-karlsruhe\/#primaryimage\",\"url\":\"http:\/\/www.eurodistrict-pamina.eu\/pamina\/IMG\/jpg\/122106_original_R_by_Fionn_Grosse_pixelio.de_-_Copie.jpg\",\"contentUrl\":\"http:\/\/www.eurodistrict-pamina.eu\/pamina\/IMG\/jpg\/122106_original_R_by_Fionn_Grosse_pixelio.de_-_Copie.jpg\"},{\"@type\":\"BreadcrumbList\",\"@id\":\"https:\/\/www.pamina-business.com\/de\/austausch-zur-aufnahme-unbegleiteter-minderjahriger-asylsuchender-uma-zwischen-dem-bas-rhin-und-dem-landkreis-karlsruhe\/#breadcrumb\",\"itemListElement\":[{\"@type\":\"ListItem\",\"position\":1,\"name\":\"Accueil\",\"item\":\"https:\/\/www.pamina-business.com\/de\/\"},{\"@type\":\"ListItem\",\"position\":2,\"name\":\"Austausch zur Aufnahme unbegleiteter minderj\u00e4hriger Asylsuchender (UMA) zwischen dem Bas-Rhin und dem Landkreis Karlsruhe\"}]},{\"@type\":\"WebSite\",\"@id\":\"https:\/\/www.pamina-business.com\/de\/#website\",\"url\":\"https:\/\/www.pamina-business.com\/de\/\",\"name\":\"PAMINA Business Club\",\"description\":\"Un site utilisant WordPress\",\"potentialAction\":[{\"@type\":\"SearchAction\",\"target\":{\"@type\":\"EntryPoint\",\"urlTemplate\":\"https:\/\/www.pamina-business.com\/de\/?s={search_term_string}\"},\"query-input\":{\"@type\":\"PropertyValueSpecification\",\"valueRequired\":true,\"valueName\":\"search_term_string\"}}],\"inLanguage\":\"de\"},{\"@type\":\"Person\",\"@id\":\"https:\/\/www.pamina-business.com\/de\/#\/schema\/person\/9ab02536dbdbc5e3ef40bbc3452c8c69\",\"name\":\"Monique STUTZMANN\",\"image\":{\"@type\":\"ImageObject\",\"inLanguage\":\"de\",\"@id\":\"https:\/\/www.pamina-business.com\/de\/#\/schema\/person\/image\/\",\"url\":\"https:\/\/secure.gravatar.com\/avatar\/cc1c3adf9a9f6e969d3da7b6b34ec66f5f4a6844dfc9145380a75e42cd91882e?s=96&d=mm&r=g\",\"contentUrl\":\"https:\/\/secure.gravatar.com\/avatar\/cc1c3adf9a9f6e969d3da7b6b34ec66f5f4a6844dfc9145380a75e42cd91882e?s=96&d=mm&r=g\",\"caption\":\"Monique STUTZMANN\"},\"url\":\"http:\/\/www.pamina-business.com\/de\/author\/monique\/\"}]}<\/script>\n<!-- \/ Yoast SEO plugin. -->","yoast_head_json":{"title":"Austausch zur Aufnahme unbegleiteter minderj\u00e4hriger Asylsuchender (UMA) zwischen dem Bas-Rhin und dem Landkreis Karlsruhe - PAMINA Business Club","robots":{"index":"index","follow":"follow","max-snippet":"max-snippet:-1","max-image-preview":"max-image-preview:large","max-video-preview":"max-video-preview:-1"},"canonical":"https:\/\/www.pamina-business.com\/de\/austausch-zur-aufnahme-unbegleiteter-minderjahriger-asylsuchender-uma-zwischen-dem-bas-rhin-und-dem-landkreis-karlsruhe\/","og_locale":"de_DE","og_type":"article","og_title":"Austausch zur Aufnahme unbegleiteter minderj\u00e4hriger Asylsuchender (UMA) zwischen dem Bas-Rhin und dem Landkreis Karlsruhe - PAMINA Business Club","og_description":"Bereits im Jahr 2010 gab es erste Gespr\u00e4che zwischen dem Conseil D\u00e9partemental du Bas-Rhin und dem Landkreis Karlsruhe zum Thema Jugendschutz. Hierauf aufbauend trafen sich am 28. Oktober 2016 die beiden Verwaltungseinheiten, insgesamt 15 Personen, vertreten durch die Amtsleiterin des Jugendamtes des Landratsamtes Karlsruhe, Margit Freund, sowie Eric Mallet vom Mission de l\u2019enfance et de [&hellip;]","og_url":"https:\/\/www.pamina-business.com\/de\/austausch-zur-aufnahme-unbegleiteter-minderjahriger-asylsuchender-uma-zwischen-dem-bas-rhin-und-dem-landkreis-karlsruhe\/","og_site_name":"PAMINA Business Club","article_published_time":"2017-01-03T08:16:00+00:00","article_modified_time":"2016-12-13T08:18:44+00:00","og_image":[{"url":"http:\/\/www.eurodistrict-pamina.eu\/pamina\/IMG\/jpg\/122106_original_R_by_Fionn_Grosse_pixelio.de_-_Copie.jpg"}],"author":"Monique STUTZMANN","twitter_card":"summary_large_image","twitter_misc":{"Verfasst von":"Monique STUTZMANN","Gesch\u00e4tzte Lesezeit":"3\u00a0Minuten"},"schema":{"@context":"https:\/\/schema.org","@graph":[{"@type":"WebPage","@id":"https:\/\/www.pamina-business.com\/de\/austausch-zur-aufnahme-unbegleiteter-minderjahriger-asylsuchender-uma-zwischen-dem-bas-rhin-und-dem-landkreis-karlsruhe\/","url":"https:\/\/www.pamina-business.com\/de\/austausch-zur-aufnahme-unbegleiteter-minderjahriger-asylsuchender-uma-zwischen-dem-bas-rhin-und-dem-landkreis-karlsruhe\/","name":"Austausch zur Aufnahme unbegleiteter minderj\u00e4hriger Asylsuchender (UMA) zwischen dem Bas-Rhin und dem Landkreis Karlsruhe - PAMINA Business Club","isPartOf":{"@id":"https:\/\/www.pamina-business.com\/de\/#website"},"primaryImageOfPage":{"@id":"https:\/\/www.pamina-business.com\/de\/austausch-zur-aufnahme-unbegleiteter-minderjahriger-asylsuchender-uma-zwischen-dem-bas-rhin-und-dem-landkreis-karlsruhe\/#primaryimage"},"image":{"@id":"https:\/\/www.pamina-business.com\/de\/austausch-zur-aufnahme-unbegleiteter-minderjahriger-asylsuchender-uma-zwischen-dem-bas-rhin-und-dem-landkreis-karlsruhe\/#primaryimage"},"thumbnailUrl":"http:\/\/www.eurodistrict-pamina.eu\/pamina\/IMG\/jpg\/122106_original_R_by_Fionn_Grosse_pixelio.de_-_Copie.jpg","datePublished":"2017-01-03T08:16:00+00:00","dateModified":"2016-12-13T08:18:44+00:00","author":{"@id":"https:\/\/www.pamina-business.com\/de\/#\/schema\/person\/9ab02536dbdbc5e3ef40bbc3452c8c69"},"breadcrumb":{"@id":"https:\/\/www.pamina-business.com\/de\/austausch-zur-aufnahme-unbegleiteter-minderjahriger-asylsuchender-uma-zwischen-dem-bas-rhin-und-dem-landkreis-karlsruhe\/#breadcrumb"},"inLanguage":"de","potentialAction":[{"@type":"ReadAction","target":["https:\/\/www.pamina-business.com\/de\/austausch-zur-aufnahme-unbegleiteter-minderjahriger-asylsuchender-uma-zwischen-dem-bas-rhin-und-dem-landkreis-karlsruhe\/"]}]},{"@type":"ImageObject","inLanguage":"de","@id":"https:\/\/www.pamina-business.com\/de\/austausch-zur-aufnahme-unbegleiteter-minderjahriger-asylsuchender-uma-zwischen-dem-bas-rhin-und-dem-landkreis-karlsruhe\/#primaryimage","url":"http:\/\/www.eurodistrict-pamina.eu\/pamina\/IMG\/jpg\/122106_original_R_by_Fionn_Grosse_pixelio.de_-_Copie.jpg","contentUrl":"http:\/\/www.eurodistrict-pamina.eu\/pamina\/IMG\/jpg\/122106_original_R_by_Fionn_Grosse_pixelio.de_-_Copie.jpg"},{"@type":"BreadcrumbList","@id":"https:\/\/www.pamina-business.com\/de\/austausch-zur-aufnahme-unbegleiteter-minderjahriger-asylsuchender-uma-zwischen-dem-bas-rhin-und-dem-landkreis-karlsruhe\/#breadcrumb","itemListElement":[{"@type":"ListItem","position":1,"name":"Accueil","item":"https:\/\/www.pamina-business.com\/de\/"},{"@type":"ListItem","position":2,"name":"Austausch zur Aufnahme unbegleiteter minderj\u00e4hriger Asylsuchender (UMA) zwischen dem Bas-Rhin und dem Landkreis Karlsruhe"}]},{"@type":"WebSite","@id":"https:\/\/www.pamina-business.com\/de\/#website","url":"https:\/\/www.pamina-business.com\/de\/","name":"PAMINA Business Club","description":"Un site utilisant WordPress","potentialAction":[{"@type":"SearchAction","target":{"@type":"EntryPoint","urlTemplate":"https:\/\/www.pamina-business.com\/de\/?s={search_term_string}"},"query-input":{"@type":"PropertyValueSpecification","valueRequired":true,"valueName":"search_term_string"}}],"inLanguage":"de"},{"@type":"Person","@id":"https:\/\/www.pamina-business.com\/de\/#\/schema\/person\/9ab02536dbdbc5e3ef40bbc3452c8c69","name":"Monique STUTZMANN","image":{"@type":"ImageObject","inLanguage":"de","@id":"https:\/\/www.pamina-business.com\/de\/#\/schema\/person\/image\/","url":"https:\/\/secure.gravatar.com\/avatar\/cc1c3adf9a9f6e969d3da7b6b34ec66f5f4a6844dfc9145380a75e42cd91882e?s=96&d=mm&r=g","contentUrl":"https:\/\/secure.gravatar.com\/avatar\/cc1c3adf9a9f6e969d3da7b6b34ec66f5f4a6844dfc9145380a75e42cd91882e?s=96&d=mm&r=g","caption":"Monique STUTZMANN"},"url":"http:\/\/www.pamina-business.com\/de\/author\/monique\/"}]}},"_links":{"self":[{"href":"http:\/\/www.pamina-business.com\/de\/wp-json\/wp\/v2\/posts\/2150","targetHints":{"allow":["GET"]}}],"collection":[{"href":"http:\/\/www.pamina-business.com\/de\/wp-json\/wp\/v2\/posts"}],"about":[{"href":"http:\/\/www.pamina-business.com\/de\/wp-json\/wp\/v2\/types\/post"}],"author":[{"embeddable":true,"href":"http:\/\/www.pamina-business.com\/de\/wp-json\/wp\/v2\/users\/3"}],"replies":[{"embeddable":true,"href":"http:\/\/www.pamina-business.com\/de\/wp-json\/wp\/v2\/comments?post=2150"}],"version-history":[{"count":1,"href":"http:\/\/www.pamina-business.com\/de\/wp-json\/wp\/v2\/posts\/2150\/revisions"}],"predecessor-version":[{"id":2151,"href":"http:\/\/www.pamina-business.com\/de\/wp-json\/wp\/v2\/posts\/2150\/revisions\/2151"}],"wp:attachment":[{"href":"http:\/\/www.pamina-business.com\/de\/wp-json\/wp\/v2\/media?parent=2150"}],"wp:term":[{"taxonomy":"category","embeddable":true,"href":"http:\/\/www.pamina-business.com\/de\/wp-json\/wp\/v2\/categories?post=2150"},{"taxonomy":"post_tag","embeddable":true,"href":"http:\/\/www.pamina-business.com\/de\/wp-json\/wp\/v2\/tags?post=2150"}],"curies":[{"name":"wp","href":"https:\/\/api.w.org\/{rel}","templated":true}]}}