{"id":2147,"date":"2017-01-05T08:09:50","date_gmt":"2017-01-05T08:09:50","guid":{"rendered":"http:\/\/www.pamina-business.com\/?p=2147"},"modified":"2016-12-13T08:12:07","modified_gmt":"2016-12-13T08:12:07","slug":"seminaire-transfrontalier-le-travail-jeunesse-avec-les-mineurs-etrangers-isoles","status":"publish","type":"post","link":"http:\/\/www.pamina-business.com\/de\/seminaire-transfrontalier-le-travail-jeunesse-avec-les-mineurs-etrangers-isoles\/","title":{"rendered":"S\u00e9minaire transfrontalier : Le travail jeunesse avec les mineurs \u00e9trangers isol\u00e9s"},"content":{"rendered":"<div class=\"titre-article\"><\/div>\n<div class=\"chapo-article\"><span class=\"spip_document_4588 spip_documents spip_documents_left\"> <img loading=\"lazy\" decoding=\"async\" src=\"http:\/\/www.eurodistrict-pamina.eu\/pamina\/IMG\/jpg\/CIMG0065_ancien_site_web.jpg\" alt=\"\" width=\"150\" height=\"113\" \/><\/span><\/div>\n<div class=\"chapo-article\"><\/div>\n<div class=\"chapo-article\">L\u2019arriv\u00e9e des r\u00e9fugi\u00e9s en Europe et particuli\u00e8rement en Allemagne soul\u00e8ve des questions dans de nombreux domaines. Les acteurs jeunesse, aussi ceux du R\u00e9seau-Jeunesse-PAMINA, sont avant tout concern\u00e9s par l\u2019accueil et la prise en charge des mineurs \u00e9trangers isol\u00e9s. C\u2019est la raison pour laquelle, le 24 novembre 2016, un s\u00e9minaire d\u2019\u00e9change franco-allemand a eu lieu, permettant aux travailleurs jeunesse allemands et fran\u00e7ais d\u2019\u00e9changer leurs exp\u00e9riences et de conna\u00eetre des nouvelles pratiques.<\/div>\n<div class=\"texte-article\">\n<p class=\"spip\">Une pr\u00e9sentation introductive de Nadine Lyamouri-Bajja, psychologue interculturelle du c\u00f4t\u00e9 allemand, a mis l\u2019accent sur les sp\u00e9cificit\u00e9s de l\u2019encadrement des jeunes r\u00e9fugi\u00e9s. Elle a donn\u00e9 des exemples de son travail, o\u00f9 les plus jeunes r\u00e9fugi\u00e9s qui sont arriv\u00e9s en Allemagne sans leur famille n\u2019avaient que 9 ans. Ces enfants sont compl\u00e8tement arrach\u00e9s de leur contexte habituel et il leur faut alors tout d\u2019abord de la stabilit\u00e9 dans leur nouvel environnement.<\/p>\n<p class=\"spip\">Thierno a confirm\u00e9 ces propos de la psychologue interculturelle. Il avait 15 ans quand il avait fui la Guin\u00e9e et il a soulign\u00e9 que la scolarisation \u00e9tait tr\u00e8s importante pour lui apr\u00e8s son arriv\u00e9e en France, car elle lui permettait de trouver des amis fran\u00e7ais qui \u00e9taient presque comme une famille de substitution. Thierno et trois autres jeunes r\u00e9fugi\u00e9s ont ainsi donn\u00e9 des t\u00e9moignages \u00e9mouvants de leurs v\u00e9cus.<\/p>\n<p class=\"spip\">Pour finir la journ\u00e9e, les acteurs jeunesse fran\u00e7ais et allemands ont pu s\u2019\u00e9changer sur leurs exp\u00e9riences de travail avec les jeunes r\u00e9fugi\u00e9s dans leurs structures. Lors de ces \u00e9changes, des id\u00e9es concr\u00e8tes pour de nouveaux projets ont \u00e9t\u00e9 discut\u00e9es, comme par exemple, un atelier franco-allemand de hip-hop sur le sujet de la migration.<\/p>\n<p class=\"spip\">Plus de photos sur notre <a class=\"spip_out\" href=\"https:\/\/www.facebook.com\/eurodistrictpamina\/posts\/1271571606239644\" target=\"_blank\">page Facebook<\/a>.<\/p>\n<p class=\"spip\">Source : Eurodistrict Pamina <a href=\"http:\/\/www.eurodistrict-pamina.eu\">www.eurodistrict-pamina.eu <\/a><\/p>\n<\/div>\n","protected":false},"excerpt":{"rendered":"<p>L\u2019arriv\u00e9e des r\u00e9fugi\u00e9s en Europe et particuli\u00e8rement en Allemagne soul\u00e8ve des questions dans de nombreux domaines. Les acteurs jeunesse, aussi ceux du R\u00e9seau-Jeunesse-PAMINA, sont avant tout concern\u00e9s par l\u2019accueil et la prise en charge des mineurs \u00e9trangers isol\u00e9s. C\u2019est la raison pour laquelle, le 24 novembre 2016, un s\u00e9minaire d\u2019\u00e9change franco-allemand a eu lieu, permettant [&hellip;]<\/p>\n","protected":false},"author":3,"featured_media":0,"comment_status":"open","ping_status":"open","sticky":false,"template":"","format":"standard","meta":{"_exactmetrics_skip_tracking":false,"_exactmetrics_sitenote_active":false,"_exactmetrics_sitenote_note":"","_exactmetrics_sitenote_category":0,"footnotes":""},"categories":[4],"tags":[],"class_list":["post-2147","post","type-post","status-publish","format-standard","hentry","category-education-fr"],"yoast_head":"<!-- This site is optimized with the Yoast SEO plugin v23.5 - https:\/\/yoast.com\/wordpress\/plugins\/seo\/ -->\n<title>S\u00e9minaire transfrontalier : Le travail jeunesse avec les mineurs \u00e9trangers isol\u00e9s - PAMINA Business Club<\/title>\n<meta name=\"robots\" content=\"index, follow, max-snippet:-1, max-image-preview:large, max-video-preview:-1\" \/>\n<link rel=\"canonical\" href=\"https:\/\/www.pamina-business.com\/de\/seminaire-transfrontalier-le-travail-jeunesse-avec-les-mineurs-etrangers-isoles\/\" \/>\n<meta property=\"og:locale\" content=\"de_DE\" \/>\n<meta property=\"og:type\" content=\"article\" \/>\n<meta property=\"og:title\" content=\"S\u00e9minaire transfrontalier : Le travail jeunesse avec les mineurs \u00e9trangers isol\u00e9s - PAMINA Business Club\" \/>\n<meta property=\"og:description\" content=\"L\u2019arriv\u00e9e des r\u00e9fugi\u00e9s en Europe et particuli\u00e8rement en Allemagne soul\u00e8ve des questions dans de nombreux domaines. Les acteurs jeunesse, aussi ceux du R\u00e9seau-Jeunesse-PAMINA, sont avant tout concern\u00e9s par l\u2019accueil et la prise en charge des mineurs \u00e9trangers isol\u00e9s. C\u2019est la raison pour laquelle, le 24 novembre 2016, un s\u00e9minaire d\u2019\u00e9change franco-allemand a eu lieu, permettant [&hellip;]\" \/>\n<meta property=\"og:url\" content=\"https:\/\/www.pamina-business.com\/de\/seminaire-transfrontalier-le-travail-jeunesse-avec-les-mineurs-etrangers-isoles\/\" \/>\n<meta property=\"og:site_name\" content=\"PAMINA Business Club\" \/>\n<meta property=\"article:published_time\" content=\"2017-01-05T08:09:50+00:00\" \/>\n<meta property=\"article:modified_time\" content=\"2016-12-13T08:12:07+00:00\" \/>\n<meta property=\"og:image\" content=\"http:\/\/www.eurodistrict-pamina.eu\/pamina\/IMG\/jpg\/CIMG0065_ancien_site_web.jpg\" \/>\n<meta name=\"author\" content=\"Monique STUTZMANN\" \/>\n<meta name=\"twitter:card\" content=\"summary_large_image\" \/>\n<meta name=\"twitter:label1\" content=\"Verfasst von\" \/>\n\t<meta name=\"twitter:data1\" content=\"Monique STUTZMANN\" \/>\n\t<meta name=\"twitter:label2\" content=\"Gesch\u00e4tzte Lesezeit\" \/>\n\t<meta name=\"twitter:data2\" content=\"2\u00a0Minuten\" \/>\n<script type=\"application\/ld+json\" class=\"yoast-schema-graph\">{\"@context\":\"https:\/\/schema.org\",\"@graph\":[{\"@type\":\"WebPage\",\"@id\":\"https:\/\/www.pamina-business.com\/de\/seminaire-transfrontalier-le-travail-jeunesse-avec-les-mineurs-etrangers-isoles\/\",\"url\":\"https:\/\/www.pamina-business.com\/de\/seminaire-transfrontalier-le-travail-jeunesse-avec-les-mineurs-etrangers-isoles\/\",\"name\":\"S\u00e9minaire transfrontalier : Le travail jeunesse avec les mineurs \u00e9trangers isol\u00e9s - PAMINA Business Club\",\"isPartOf\":{\"@id\":\"https:\/\/www.pamina-business.com\/de\/#website\"},\"primaryImageOfPage\":{\"@id\":\"https:\/\/www.pamina-business.com\/de\/seminaire-transfrontalier-le-travail-jeunesse-avec-les-mineurs-etrangers-isoles\/#primaryimage\"},\"image\":{\"@id\":\"https:\/\/www.pamina-business.com\/de\/seminaire-transfrontalier-le-travail-jeunesse-avec-les-mineurs-etrangers-isoles\/#primaryimage\"},\"thumbnailUrl\":\"http:\/\/www.eurodistrict-pamina.eu\/pamina\/IMG\/jpg\/CIMG0065_ancien_site_web.jpg\",\"datePublished\":\"2017-01-05T08:09:50+00:00\",\"dateModified\":\"2016-12-13T08:12:07+00:00\",\"author\":{\"@id\":\"https:\/\/www.pamina-business.com\/de\/#\/schema\/person\/9ab02536dbdbc5e3ef40bbc3452c8c69\"},\"breadcrumb\":{\"@id\":\"https:\/\/www.pamina-business.com\/de\/seminaire-transfrontalier-le-travail-jeunesse-avec-les-mineurs-etrangers-isoles\/#breadcrumb\"},\"inLanguage\":\"de\",\"potentialAction\":[{\"@type\":\"ReadAction\",\"target\":[\"https:\/\/www.pamina-business.com\/de\/seminaire-transfrontalier-le-travail-jeunesse-avec-les-mineurs-etrangers-isoles\/\"]}]},{\"@type\":\"ImageObject\",\"inLanguage\":\"de\",\"@id\":\"https:\/\/www.pamina-business.com\/de\/seminaire-transfrontalier-le-travail-jeunesse-avec-les-mineurs-etrangers-isoles\/#primaryimage\",\"url\":\"http:\/\/www.eurodistrict-pamina.eu\/pamina\/IMG\/jpg\/CIMG0065_ancien_site_web.jpg\",\"contentUrl\":\"http:\/\/www.eurodistrict-pamina.eu\/pamina\/IMG\/jpg\/CIMG0065_ancien_site_web.jpg\"},{\"@type\":\"BreadcrumbList\",\"@id\":\"https:\/\/www.pamina-business.com\/de\/seminaire-transfrontalier-le-travail-jeunesse-avec-les-mineurs-etrangers-isoles\/#breadcrumb\",\"itemListElement\":[{\"@type\":\"ListItem\",\"position\":1,\"name\":\"Accueil\",\"item\":\"https:\/\/www.pamina-business.com\/de\/\"},{\"@type\":\"ListItem\",\"position\":2,\"name\":\"S\u00e9minaire transfrontalier : Le travail jeunesse avec les mineurs \u00e9trangers isol\u00e9s\"}]},{\"@type\":\"WebSite\",\"@id\":\"https:\/\/www.pamina-business.com\/de\/#website\",\"url\":\"https:\/\/www.pamina-business.com\/de\/\",\"name\":\"PAMINA Business Club\",\"description\":\"Un site utilisant WordPress\",\"potentialAction\":[{\"@type\":\"SearchAction\",\"target\":{\"@type\":\"EntryPoint\",\"urlTemplate\":\"https:\/\/www.pamina-business.com\/de\/?s={search_term_string}\"},\"query-input\":{\"@type\":\"PropertyValueSpecification\",\"valueRequired\":true,\"valueName\":\"search_term_string\"}}],\"inLanguage\":\"de\"},{\"@type\":\"Person\",\"@id\":\"https:\/\/www.pamina-business.com\/de\/#\/schema\/person\/9ab02536dbdbc5e3ef40bbc3452c8c69\",\"name\":\"Monique STUTZMANN\",\"image\":{\"@type\":\"ImageObject\",\"inLanguage\":\"de\",\"@id\":\"https:\/\/www.pamina-business.com\/de\/#\/schema\/person\/image\/\",\"url\":\"https:\/\/secure.gravatar.com\/avatar\/cc1c3adf9a9f6e969d3da7b6b34ec66f5f4a6844dfc9145380a75e42cd91882e?s=96&d=mm&r=g\",\"contentUrl\":\"https:\/\/secure.gravatar.com\/avatar\/cc1c3adf9a9f6e969d3da7b6b34ec66f5f4a6844dfc9145380a75e42cd91882e?s=96&d=mm&r=g\",\"caption\":\"Monique STUTZMANN\"},\"url\":\"http:\/\/www.pamina-business.com\/de\/author\/monique\/\"}]}<\/script>\n<!-- \/ Yoast SEO plugin. -->","yoast_head_json":{"title":"S\u00e9minaire transfrontalier : Le travail jeunesse avec les mineurs \u00e9trangers isol\u00e9s - PAMINA Business Club","robots":{"index":"index","follow":"follow","max-snippet":"max-snippet:-1","max-image-preview":"max-image-preview:large","max-video-preview":"max-video-preview:-1"},"canonical":"https:\/\/www.pamina-business.com\/de\/seminaire-transfrontalier-le-travail-jeunesse-avec-les-mineurs-etrangers-isoles\/","og_locale":"de_DE","og_type":"article","og_title":"S\u00e9minaire transfrontalier : Le travail jeunesse avec les mineurs \u00e9trangers isol\u00e9s - PAMINA Business Club","og_description":"L\u2019arriv\u00e9e des r\u00e9fugi\u00e9s en Europe et particuli\u00e8rement en Allemagne soul\u00e8ve des questions dans de nombreux domaines. Les acteurs jeunesse, aussi ceux du R\u00e9seau-Jeunesse-PAMINA, sont avant tout concern\u00e9s par l\u2019accueil et la prise en charge des mineurs \u00e9trangers isol\u00e9s. C\u2019est la raison pour laquelle, le 24 novembre 2016, un s\u00e9minaire d\u2019\u00e9change franco-allemand a eu lieu, permettant [&hellip;]","og_url":"https:\/\/www.pamina-business.com\/de\/seminaire-transfrontalier-le-travail-jeunesse-avec-les-mineurs-etrangers-isoles\/","og_site_name":"PAMINA Business Club","article_published_time":"2017-01-05T08:09:50+00:00","article_modified_time":"2016-12-13T08:12:07+00:00","og_image":[{"url":"http:\/\/www.eurodistrict-pamina.eu\/pamina\/IMG\/jpg\/CIMG0065_ancien_site_web.jpg"}],"author":"Monique STUTZMANN","twitter_card":"summary_large_image","twitter_misc":{"Verfasst von":"Monique STUTZMANN","Gesch\u00e4tzte Lesezeit":"2\u00a0Minuten"},"schema":{"@context":"https:\/\/schema.org","@graph":[{"@type":"WebPage","@id":"https:\/\/www.pamina-business.com\/de\/seminaire-transfrontalier-le-travail-jeunesse-avec-les-mineurs-etrangers-isoles\/","url":"https:\/\/www.pamina-business.com\/de\/seminaire-transfrontalier-le-travail-jeunesse-avec-les-mineurs-etrangers-isoles\/","name":"S\u00e9minaire transfrontalier : Le travail jeunesse avec les mineurs \u00e9trangers isol\u00e9s - PAMINA Business Club","isPartOf":{"@id":"https:\/\/www.pamina-business.com\/de\/#website"},"primaryImageOfPage":{"@id":"https:\/\/www.pamina-business.com\/de\/seminaire-transfrontalier-le-travail-jeunesse-avec-les-mineurs-etrangers-isoles\/#primaryimage"},"image":{"@id":"https:\/\/www.pamina-business.com\/de\/seminaire-transfrontalier-le-travail-jeunesse-avec-les-mineurs-etrangers-isoles\/#primaryimage"},"thumbnailUrl":"http:\/\/www.eurodistrict-pamina.eu\/pamina\/IMG\/jpg\/CIMG0065_ancien_site_web.jpg","datePublished":"2017-01-05T08:09:50+00:00","dateModified":"2016-12-13T08:12:07+00:00","author":{"@id":"https:\/\/www.pamina-business.com\/de\/#\/schema\/person\/9ab02536dbdbc5e3ef40bbc3452c8c69"},"breadcrumb":{"@id":"https:\/\/www.pamina-business.com\/de\/seminaire-transfrontalier-le-travail-jeunesse-avec-les-mineurs-etrangers-isoles\/#breadcrumb"},"inLanguage":"de","potentialAction":[{"@type":"ReadAction","target":["https:\/\/www.pamina-business.com\/de\/seminaire-transfrontalier-le-travail-jeunesse-avec-les-mineurs-etrangers-isoles\/"]}]},{"@type":"ImageObject","inLanguage":"de","@id":"https:\/\/www.pamina-business.com\/de\/seminaire-transfrontalier-le-travail-jeunesse-avec-les-mineurs-etrangers-isoles\/#primaryimage","url":"http:\/\/www.eurodistrict-pamina.eu\/pamina\/IMG\/jpg\/CIMG0065_ancien_site_web.jpg","contentUrl":"http:\/\/www.eurodistrict-pamina.eu\/pamina\/IMG\/jpg\/CIMG0065_ancien_site_web.jpg"},{"@type":"BreadcrumbList","@id":"https:\/\/www.pamina-business.com\/de\/seminaire-transfrontalier-le-travail-jeunesse-avec-les-mineurs-etrangers-isoles\/#breadcrumb","itemListElement":[{"@type":"ListItem","position":1,"name":"Accueil","item":"https:\/\/www.pamina-business.com\/de\/"},{"@type":"ListItem","position":2,"name":"S\u00e9minaire transfrontalier : Le travail jeunesse avec les mineurs \u00e9trangers isol\u00e9s"}]},{"@type":"WebSite","@id":"https:\/\/www.pamina-business.com\/de\/#website","url":"https:\/\/www.pamina-business.com\/de\/","name":"PAMINA Business Club","description":"Un site utilisant WordPress","potentialAction":[{"@type":"SearchAction","target":{"@type":"EntryPoint","urlTemplate":"https:\/\/www.pamina-business.com\/de\/?s={search_term_string}"},"query-input":{"@type":"PropertyValueSpecification","valueRequired":true,"valueName":"search_term_string"}}],"inLanguage":"de"},{"@type":"Person","@id":"https:\/\/www.pamina-business.com\/de\/#\/schema\/person\/9ab02536dbdbc5e3ef40bbc3452c8c69","name":"Monique STUTZMANN","image":{"@type":"ImageObject","inLanguage":"de","@id":"https:\/\/www.pamina-business.com\/de\/#\/schema\/person\/image\/","url":"https:\/\/secure.gravatar.com\/avatar\/cc1c3adf9a9f6e969d3da7b6b34ec66f5f4a6844dfc9145380a75e42cd91882e?s=96&d=mm&r=g","contentUrl":"https:\/\/secure.gravatar.com\/avatar\/cc1c3adf9a9f6e969d3da7b6b34ec66f5f4a6844dfc9145380a75e42cd91882e?s=96&d=mm&r=g","caption":"Monique STUTZMANN"},"url":"http:\/\/www.pamina-business.com\/de\/author\/monique\/"}]}},"_links":{"self":[{"href":"http:\/\/www.pamina-business.com\/de\/wp-json\/wp\/v2\/posts\/2147","targetHints":{"allow":["GET"]}}],"collection":[{"href":"http:\/\/www.pamina-business.com\/de\/wp-json\/wp\/v2\/posts"}],"about":[{"href":"http:\/\/www.pamina-business.com\/de\/wp-json\/wp\/v2\/types\/post"}],"author":[{"embeddable":true,"href":"http:\/\/www.pamina-business.com\/de\/wp-json\/wp\/v2\/users\/3"}],"replies":[{"embeddable":true,"href":"http:\/\/www.pamina-business.com\/de\/wp-json\/wp\/v2\/comments?post=2147"}],"version-history":[{"count":1,"href":"http:\/\/www.pamina-business.com\/de\/wp-json\/wp\/v2\/posts\/2147\/revisions"}],"predecessor-version":[{"id":2148,"href":"http:\/\/www.pamina-business.com\/de\/wp-json\/wp\/v2\/posts\/2147\/revisions\/2148"}],"wp:attachment":[{"href":"http:\/\/www.pamina-business.com\/de\/wp-json\/wp\/v2\/media?parent=2147"}],"wp:term":[{"taxonomy":"category","embeddable":true,"href":"http:\/\/www.pamina-business.com\/de\/wp-json\/wp\/v2\/categories?post=2147"},{"taxonomy":"post_tag","embeddable":true,"href":"http:\/\/www.pamina-business.com\/de\/wp-json\/wp\/v2\/tags?post=2147"}],"curies":[{"name":"wp","href":"https:\/\/api.w.org\/{rel}","templated":true}]}}