{"id":2095,"date":"2016-12-05T09:16:09","date_gmt":"2016-12-05T09:16:09","guid":{"rendered":"http:\/\/www.pamina-business.com\/?p=2095"},"modified":"2016-12-05T09:24:08","modified_gmt":"2016-12-05T09:24:08","slug":"soiree-de-lapprentissage-a-haguenau-le-6122016","status":"publish","type":"post","link":"http:\/\/www.pamina-business.com\/de\/soiree-de-lapprentissage-a-haguenau-le-6122016\/","title":{"rendered":"Soir\u00e9e de l&#8217;apprentissage \u00e0 Haguenau le 6\/12\/2016."},"content":{"rendered":"<h1>Soir\u00e9e de l\u2019apprentissage<\/h1>\n<div class=\"article-content\">\n<p>Les\u00a0deux Centres de Formation d\u2019Apprentis de Haguenau, le CFA Heinrich-Nessel et le CFA Andr\u00e9 Siegfried organisent la 6\u00e8me \u00e9dition de la <strong>Soir\u00e9e de l\u2019Apprentissage<\/strong> qui se tiendra le<strong> mardi 6 d\u00e9cembre<\/strong> 2016 de 17h30 \u00e0 20h (en acc\u00e8s libre) au CFA du lyc\u00e9e des m\u00e9tiers Heinrich-Nessel, 123 Route de Strasbourg \u00e0 Haguenau (parking assur\u00e9)<\/p>\n<p>Il s\u2019agit d\u2019un temps d\u2019\u00e9change important pour les jeunes et les familles cherchant des informations sur les formations en apprentissage et sur les m\u00e9tiers auxquels on peut se former sur Haguenau<\/p>\n<p>3 conf\u00e9rences seront tenues \u00e0 17h45, 18h30 et 19h15. Y seront pr\u00e9sent\u00e9es la sp\u00e9cificit\u00e9 de cette voie de formation et la m\u00e9thodologie de recherche d\u2019un contrat d\u2019apprentissage.<\/p>\n<section id=\"infoEvents\"><span class=\"date\"> <strong>Quand : <\/strong> <time class=\"start-date \" datetime=\"2016-12-06T17:30:00+00:00\">Le 6 d\u00e9cembre de 17h30 \u00e0 20h00 <\/time> <\/span> <span class=\"public\"><strong>Qui :<\/strong> Tout public<\/span> <span class=\"price \"><strong>Combien :<\/strong> Gratuit<\/span><\/section>\n<\/div>\n<p><em>Source<\/em> : Newsletter de la Ville de Haguenau E-Hebdo N\u00b0 373 du 1 er d\u00e9cembre 2016<\/p>\n<p><em>Contact<\/em> : <a href=\"&#x6d;&#97;i&#x6c;&#x74;&#111;:&#x63;&#x6f;&#109;&#64;&#x68;&#x61;&#103;u&#x65;&#x6e;&#97;u&#x2e;&#102;&#114;\">&#x63;&#x6f;&#109;&#64;h&#x61;&#x67;&#x75;&#101;na&#x75;&#x2e;&#102;&#114; <\/a><\/p>\n","protected":false},"excerpt":{"rendered":"<p>Soir\u00e9e de l\u2019apprentissage Les\u00a0deux Centres de Formation d\u2019Apprentis de Haguenau, le CFA Heinrich-Nessel et le CFA Andr\u00e9 Siegfried organisent la 6\u00e8me \u00e9dition de la Soir\u00e9e de l\u2019Apprentissage qui se tiendra le mardi 6 d\u00e9cembre 2016 de 17h30 \u00e0 20h (en acc\u00e8s libre) au CFA du lyc\u00e9e des m\u00e9tiers Heinrich-Nessel, 123 Route de Strasbourg \u00e0 Haguenau [&hellip;]<\/p>\n","protected":false},"author":3,"featured_media":0,"comment_status":"open","ping_status":"open","sticky":false,"template":"","format":"standard","meta":{"_exactmetrics_skip_tracking":false,"_exactmetrics_sitenote_active":false,"_exactmetrics_sitenote_note":"","_exactmetrics_sitenote_category":0,"footnotes":""},"categories":[4,7],"tags":[],"class_list":["post-2095","post","type-post","status-publish","format-standard","hentry","category-education-fr","category-evenements-fr"],"yoast_head":"<!-- This site is optimized with the Yoast SEO plugin v23.5 - https:\/\/yoast.com\/wordpress\/plugins\/seo\/ -->\n<title>Soir\u00e9e de l&#039;apprentissage \u00e0 Haguenau le 6\/12\/2016. - PAMINA Business Club<\/title>\n<meta name=\"robots\" content=\"index, follow, max-snippet:-1, max-image-preview:large, max-video-preview:-1\" \/>\n<link rel=\"canonical\" href=\"https:\/\/www.pamina-business.com\/soiree-de-lapprentissage-a-haguenau-le-6122016\/\" \/>\n<meta property=\"og:locale\" content=\"de_DE\" \/>\n<meta property=\"og:type\" content=\"article\" \/>\n<meta property=\"og:title\" content=\"Soir\u00e9e de l&#039;apprentissage \u00e0 Haguenau le 6\/12\/2016. - PAMINA Business Club\" \/>\n<meta property=\"og:description\" content=\"Soir\u00e9e de l\u2019apprentissage Les\u00a0deux Centres de Formation d\u2019Apprentis de Haguenau, le CFA Heinrich-Nessel et le CFA Andr\u00e9 Siegfried organisent la 6\u00e8me \u00e9dition de la Soir\u00e9e de l\u2019Apprentissage qui se tiendra le mardi 6 d\u00e9cembre 2016 de 17h30 \u00e0 20h (en acc\u00e8s libre) au CFA du lyc\u00e9e des m\u00e9tiers Heinrich-Nessel, 123 Route de Strasbourg \u00e0 Haguenau [&hellip;]\" \/>\n<meta property=\"og:url\" content=\"https:\/\/www.pamina-business.com\/soiree-de-lapprentissage-a-haguenau-le-6122016\/\" \/>\n<meta property=\"og:site_name\" content=\"PAMINA Business Club\" \/>\n<meta property=\"article:published_time\" content=\"2016-12-05T09:16:09+00:00\" \/>\n<meta property=\"article:modified_time\" content=\"2016-12-05T09:24:08+00:00\" \/>\n<meta name=\"author\" content=\"Monique STUTZMANN\" \/>\n<meta name=\"twitter:card\" content=\"summary_large_image\" \/>\n<meta name=\"twitter:label1\" content=\"Verfasst von\" \/>\n\t<meta name=\"twitter:data1\" content=\"Monique STUTZMANN\" \/>\n\t<meta name=\"twitter:label2\" content=\"Gesch\u00e4tzte Lesezeit\" \/>\n\t<meta name=\"twitter:data2\" content=\"1\u00a0Minute\" \/>\n<script type=\"application\/ld+json\" class=\"yoast-schema-graph\">{\"@context\":\"https:\/\/schema.org\",\"@graph\":[{\"@type\":\"WebPage\",\"@id\":\"https:\/\/www.pamina-business.com\/soiree-de-lapprentissage-a-haguenau-le-6122016\/\",\"url\":\"https:\/\/www.pamina-business.com\/soiree-de-lapprentissage-a-haguenau-le-6122016\/\",\"name\":\"Soir\u00e9e de l'apprentissage \u00e0 Haguenau le 6\/12\/2016. - PAMINA Business Club\",\"isPartOf\":{\"@id\":\"https:\/\/www.pamina-business.com\/de\/#website\"},\"datePublished\":\"2016-12-05T09:16:09+00:00\",\"dateModified\":\"2016-12-05T09:24:08+00:00\",\"author\":{\"@id\":\"https:\/\/www.pamina-business.com\/de\/#\/schema\/person\/9ab02536dbdbc5e3ef40bbc3452c8c69\"},\"breadcrumb\":{\"@id\":\"https:\/\/www.pamina-business.com\/soiree-de-lapprentissage-a-haguenau-le-6122016\/#breadcrumb\"},\"inLanguage\":\"de\",\"potentialAction\":[{\"@type\":\"ReadAction\",\"target\":[\"https:\/\/www.pamina-business.com\/soiree-de-lapprentissage-a-haguenau-le-6122016\/\"]}]},{\"@type\":\"BreadcrumbList\",\"@id\":\"https:\/\/www.pamina-business.com\/soiree-de-lapprentissage-a-haguenau-le-6122016\/#breadcrumb\",\"itemListElement\":[{\"@type\":\"ListItem\",\"position\":1,\"name\":\"Accueil\",\"item\":\"https:\/\/www.pamina-business.com\/de\/\"},{\"@type\":\"ListItem\",\"position\":2,\"name\":\"Soir\u00e9e de l&rsquo;apprentissage \u00e0 Haguenau le 6\/12\/2016.\"}]},{\"@type\":\"WebSite\",\"@id\":\"https:\/\/www.pamina-business.com\/de\/#website\",\"url\":\"https:\/\/www.pamina-business.com\/de\/\",\"name\":\"PAMINA Business Club\",\"description\":\"Un site utilisant WordPress\",\"potentialAction\":[{\"@type\":\"SearchAction\",\"target\":{\"@type\":\"EntryPoint\",\"urlTemplate\":\"https:\/\/www.pamina-business.com\/de\/?s={search_term_string}\"},\"query-input\":{\"@type\":\"PropertyValueSpecification\",\"valueRequired\":true,\"valueName\":\"search_term_string\"}}],\"inLanguage\":\"de\"},{\"@type\":\"Person\",\"@id\":\"https:\/\/www.pamina-business.com\/de\/#\/schema\/person\/9ab02536dbdbc5e3ef40bbc3452c8c69\",\"name\":\"Monique STUTZMANN\",\"image\":{\"@type\":\"ImageObject\",\"inLanguage\":\"de\",\"@id\":\"https:\/\/www.pamina-business.com\/de\/#\/schema\/person\/image\/\",\"url\":\"https:\/\/secure.gravatar.com\/avatar\/cc1c3adf9a9f6e969d3da7b6b34ec66f5f4a6844dfc9145380a75e42cd91882e?s=96&d=mm&r=g\",\"contentUrl\":\"https:\/\/secure.gravatar.com\/avatar\/cc1c3adf9a9f6e969d3da7b6b34ec66f5f4a6844dfc9145380a75e42cd91882e?s=96&d=mm&r=g\",\"caption\":\"Monique STUTZMANN\"},\"url\":\"http:\/\/www.pamina-business.com\/de\/author\/monique\/\"}]}<\/script>\n<!-- \/ Yoast SEO plugin. -->","yoast_head_json":{"title":"Soir\u00e9e de l'apprentissage \u00e0 Haguenau le 6\/12\/2016. - PAMINA Business Club","robots":{"index":"index","follow":"follow","max-snippet":"max-snippet:-1","max-image-preview":"max-image-preview:large","max-video-preview":"max-video-preview:-1"},"canonical":"https:\/\/www.pamina-business.com\/soiree-de-lapprentissage-a-haguenau-le-6122016\/","og_locale":"de_DE","og_type":"article","og_title":"Soir\u00e9e de l'apprentissage \u00e0 Haguenau le 6\/12\/2016. - PAMINA Business Club","og_description":"Soir\u00e9e de l\u2019apprentissage Les\u00a0deux Centres de Formation d\u2019Apprentis de Haguenau, le CFA Heinrich-Nessel et le CFA Andr\u00e9 Siegfried organisent la 6\u00e8me \u00e9dition de la Soir\u00e9e de l\u2019Apprentissage qui se tiendra le mardi 6 d\u00e9cembre 2016 de 17h30 \u00e0 20h (en acc\u00e8s libre) au CFA du lyc\u00e9e des m\u00e9tiers Heinrich-Nessel, 123 Route de Strasbourg \u00e0 Haguenau [&hellip;]","og_url":"https:\/\/www.pamina-business.com\/soiree-de-lapprentissage-a-haguenau-le-6122016\/","og_site_name":"PAMINA Business Club","article_published_time":"2016-12-05T09:16:09+00:00","article_modified_time":"2016-12-05T09:24:08+00:00","author":"Monique STUTZMANN","twitter_card":"summary_large_image","twitter_misc":{"Verfasst von":"Monique STUTZMANN","Gesch\u00e4tzte Lesezeit":"1\u00a0Minute"},"schema":{"@context":"https:\/\/schema.org","@graph":[{"@type":"WebPage","@id":"https:\/\/www.pamina-business.com\/soiree-de-lapprentissage-a-haguenau-le-6122016\/","url":"https:\/\/www.pamina-business.com\/soiree-de-lapprentissage-a-haguenau-le-6122016\/","name":"Soir\u00e9e de l'apprentissage \u00e0 Haguenau le 6\/12\/2016. - PAMINA Business Club","isPartOf":{"@id":"https:\/\/www.pamina-business.com\/de\/#website"},"datePublished":"2016-12-05T09:16:09+00:00","dateModified":"2016-12-05T09:24:08+00:00","author":{"@id":"https:\/\/www.pamina-business.com\/de\/#\/schema\/person\/9ab02536dbdbc5e3ef40bbc3452c8c69"},"breadcrumb":{"@id":"https:\/\/www.pamina-business.com\/soiree-de-lapprentissage-a-haguenau-le-6122016\/#breadcrumb"},"inLanguage":"de","potentialAction":[{"@type":"ReadAction","target":["https:\/\/www.pamina-business.com\/soiree-de-lapprentissage-a-haguenau-le-6122016\/"]}]},{"@type":"BreadcrumbList","@id":"https:\/\/www.pamina-business.com\/soiree-de-lapprentissage-a-haguenau-le-6122016\/#breadcrumb","itemListElement":[{"@type":"ListItem","position":1,"name":"Accueil","item":"https:\/\/www.pamina-business.com\/de\/"},{"@type":"ListItem","position":2,"name":"Soir\u00e9e de l&rsquo;apprentissage \u00e0 Haguenau le 6\/12\/2016."}]},{"@type":"WebSite","@id":"https:\/\/www.pamina-business.com\/de\/#website","url":"https:\/\/www.pamina-business.com\/de\/","name":"PAMINA Business Club","description":"Un site utilisant WordPress","potentialAction":[{"@type":"SearchAction","target":{"@type":"EntryPoint","urlTemplate":"https:\/\/www.pamina-business.com\/de\/?s={search_term_string}"},"query-input":{"@type":"PropertyValueSpecification","valueRequired":true,"valueName":"search_term_string"}}],"inLanguage":"de"},{"@type":"Person","@id":"https:\/\/www.pamina-business.com\/de\/#\/schema\/person\/9ab02536dbdbc5e3ef40bbc3452c8c69","name":"Monique STUTZMANN","image":{"@type":"ImageObject","inLanguage":"de","@id":"https:\/\/www.pamina-business.com\/de\/#\/schema\/person\/image\/","url":"https:\/\/secure.gravatar.com\/avatar\/cc1c3adf9a9f6e969d3da7b6b34ec66f5f4a6844dfc9145380a75e42cd91882e?s=96&d=mm&r=g","contentUrl":"https:\/\/secure.gravatar.com\/avatar\/cc1c3adf9a9f6e969d3da7b6b34ec66f5f4a6844dfc9145380a75e42cd91882e?s=96&d=mm&r=g","caption":"Monique STUTZMANN"},"url":"http:\/\/www.pamina-business.com\/de\/author\/monique\/"}]}},"_links":{"self":[{"href":"http:\/\/www.pamina-business.com\/de\/wp-json\/wp\/v2\/posts\/2095","targetHints":{"allow":["GET"]}}],"collection":[{"href":"http:\/\/www.pamina-business.com\/de\/wp-json\/wp\/v2\/posts"}],"about":[{"href":"http:\/\/www.pamina-business.com\/de\/wp-json\/wp\/v2\/types\/post"}],"author":[{"embeddable":true,"href":"http:\/\/www.pamina-business.com\/de\/wp-json\/wp\/v2\/users\/3"}],"replies":[{"embeddable":true,"href":"http:\/\/www.pamina-business.com\/de\/wp-json\/wp\/v2\/comments?post=2095"}],"version-history":[{"count":1,"href":"http:\/\/www.pamina-business.com\/de\/wp-json\/wp\/v2\/posts\/2095\/revisions"}],"predecessor-version":[{"id":2096,"href":"http:\/\/www.pamina-business.com\/de\/wp-json\/wp\/v2\/posts\/2095\/revisions\/2096"}],"wp:attachment":[{"href":"http:\/\/www.pamina-business.com\/de\/wp-json\/wp\/v2\/media?parent=2095"}],"wp:term":[{"taxonomy":"category","embeddable":true,"href":"http:\/\/www.pamina-business.com\/de\/wp-json\/wp\/v2\/categories?post=2095"},{"taxonomy":"post_tag","embeddable":true,"href":"http:\/\/www.pamina-business.com\/de\/wp-json\/wp\/v2\/tags?post=2095"}],"curies":[{"name":"wp","href":"https:\/\/api.w.org\/{rel}","templated":true}]}}