{"id":2053,"date":"2016-11-16T09:29:51","date_gmt":"2016-11-16T09:29:51","guid":{"rendered":"http:\/\/www.pamina-business.com\/?p=2053"},"modified":"2016-11-08T09:31:30","modified_gmt":"2016-11-08T09:31:30","slug":"kleiner-delegationsbesuch-in-brussel-eurodistrict-pamina","status":"publish","type":"post","link":"http:\/\/www.pamina-business.com\/de\/kleiner-delegationsbesuch-in-brussel-eurodistrict-pamina\/","title":{"rendered":"\u201eKleiner\u201c Delegationsbesuch in Br\u00fcssel &#8211; EURODISTRICT PAMINA"},"content":{"rendered":"<p><script src=\"http:\/\/www.eurodistrict-pamina.eu\/pamina\/spip.php?page=jquery.js\" type=\"text\/javascript\"><\/script> <!-- insert_head --> <script type=\"text\/javascript\">var musicplayerurl=\"plugins\/Lecteur_multimedia\/eraplayer_playlist.swf\"<\/script> <script src=\"plugins\/Lecteur_multimedia\/soundmanager\/soundmanager2.js\" type=\"text\/javascript\"><\/script> <script type=\"text\/javascript\"> \n\tsoundManager.url = \"plugins\/Lecteur_multimedia\/soundmanager\/soundmanager2.swf\";\n\tsoundManager.consoleOnly = true;\n  \tsoundManager.debugMode = false; \n\t<\/script> <script src=\"plugins\/Lecteur_multimedia\/player_enclosure.js\" type=\"text\/javascript\"><\/script> <script type=\"text\/javascript\">\n\t<!-- \n\t$(document).ready(function(){\n\tsoundManager.onload = function() {  \n  \/\/ soundManager is initialised, ready to use. Create a sound for this demo page.\n \/\/ soundManager.createSound(\"aDrumSound\", \"plugins\/Lecteur_multimedia\/soundmanager\/mpc\/audio\/SPLASH_1.mp3\");\n  }\n\t\/\/Player_init(\"plugins\/Lecteur_multimedia\/soundmanager\/mpc\/audio\/AMB_SN13.mp3\");\n\t});\n\t\/\/ --><\/script><\/p>\n<div id=\"conteneur\">\n<table border=\"0\" width=\"HEIGHT=\" cellspacing=\"0\" cellpadding=\"0\" bgcolor=\"\">\n<tbody>\n<tr>\n<td valign=\"TOP\">\n<div id=\"centre\">\n<div class=\"titre-article\">\u201eKleiner\u201c Delegationsbesuch in Br\u00fcssel <!-- Traduction article --><\/div>\n<div class=\"titre-article\"><\/div>\n<div class=\"chapo-article\"><span class=\"spip_document_4550 spip_documents spip_documents_left\"><img loading=\"lazy\" decoding=\"async\" src=\"http:\/\/www.eurodistrict-pamina.eu\/pamina\/IMG\/jpg\/14567438_1157745724310914_2430693984732082629_o.jpg\" alt=\"\" width=\"150\" height=\"84\" \/><\/span><\/div>\n<div class=\"chapo-article\"><\/div>\n<div class=\"chapo-article\">Im Rahmen der europ\u00e4ischen OPEN DAYS reiste auch 2016 eine kleine Delegation des Eurodistrikts PAMINA vom 10. bis 12. Oktober nach Br\u00fcssel, um dort Vertreter verschiedener Institutionen zu treffen und an mehreren Sitzungen teilzunehmen. Anl\u00e4sslich der OPEN DAYS, welche 2016 zum ersten Mal unter dem Namen <a class=\"spip_out\" href=\"http:\/\/ec.europa.eu\/regional_policy\/regions-and-cities\/2016\/\" target=\"_blank\">\u201eEuropean Week of Regions and Cities\u201c<\/a> firmierten, begeben sich jedes Jahr mehrere Tausend Experten, Fachleute und anderweitige Akteure der Regionalpolitik in die europ\u00e4ische Hauptstadt.<\/div>\n<div class=\"texte-article\">\n<p class=\"spip\">Die Vertreter des Eurodistrikts (R\u00e9mi BERTRAND, Vize-Pr\u00e4sident\u00a0; Patrice HARSTER, Gesch\u00e4ftsf\u00fchrer\u00a0; Fr\u00e9d\u00e9ric SIEBENHAAR, Referent f\u00fcr Europa &amp; Netzwerke) nahmen bei dieser Gelegenheit nicht nur an dem offiziellen Programm der mehrt\u00e4gigen Veranstaltung teil, sondern trafen sich auch mit diversen Pers\u00f6nlichkeiten der Europa-Arbeit.<\/p>\n<p class=\"spip\">So fand am ersten Tag bereits ein Treffen mit Landrat Hans J\u00f6rg DUPPR\u00c9 statt, welcher als kommunaler Vertreter im Ausschuss der Regionen Europas (AdR) t\u00e4tig ist. Hauptthema des Gespr\u00e4chs waren die grenz\u00fcberschreitende Zusammenarbeit im PAMINA-Raum sowie das europ\u00e4ische Investitionspolitik. Erg\u00e4nzt wurde dieser Austausch durch die Teilnahme an einer EVP-Fraktionssitzung (Europ\u00e4ische Volkspartei) am n\u00e4chsten Tag, bei welcher Wilhelm MOLTERER, der gesch\u00e4ftsf\u00fchrende Direktor des EFSI (Europ\u00e4ischer Fonds f\u00fcr strategische Investitionen), zu seinem Aufgabengebiet berichtete. Neben vertiefenden Einblicken in die Thematik gab es auch eine individuelle Begr\u00fc\u00dfung der PAMINA-Delegation durch den EVP-Fraktionsvorsitzenden Michael SCHNEIDER (Staatssekret\u00e4r Sachsen-Anhalt), was einer besonderen Ehre gleichkam.<\/p>\n<p class=\"spip\">Am Nachmittag stand dann ein Workshop zu grenz\u00fcberschreitenden Investitionen auf dem Programm, welcher gemeinsam vom AdR und der <a class=\"spip_out\" href=\"http:\/\/www.espaces-transfrontaliers.org\/\" target=\"_blank\">Mission Op\u00e9rationnelle Transfrontali\u00e8re (MOT)<\/a> ausgerichtet wurde. Hier machten verschiedene Projektbeispiele deutlich, dass grenz\u00fcberschreitende Investitionsprojekte durchaus m\u00f6glich sind, die Arbeit mit den Finanzinstrument der Europ\u00e4ischen Investitionsbank oder des EFSI im grenz\u00fcberschreitenden regionalen bzw. lokalen Kontext allerdings \u00e4u\u00dferst schwierig ist \u2013 dementsprechend gibt es auch noch keine dementsprechenden Initiativen. Eine L\u00f6sung dieser Problematik k\u00f6nnten spezifische Informationsangebote, thematische Investitionsplattformen oder \u201eSonderregelungen\u201c f\u00fcr Grenzregionen bieten. Diese Ans\u00e4tze gilt es nun weiterzuverfolgen. Der Eurodistrikt PAMINA wird in den n\u00e4chsten Monaten Gespr\u00e4che mit der EU-Ebene und den Gebietsk\u00f6rperschaften auf seinem Gebiet f\u00fchren, um abzukl\u00e4ren, ob ein gr\u00f6\u00dferes Investitionsprojekt, z.B. im Bereich der Mobilit\u00e4t, umsetzbar ist.<\/p>\n<p class=\"spip\"><span class=\"spip_document_4551 spip_documents spip_documents_center\"><img loading=\"lazy\" decoding=\"async\" src=\"http:\/\/www.eurodistrict-pamina.eu\/pamina\/IMG\/jpg\/14691316_1157882670963886_177208603226113383_o.jpg\" alt=\"\" width=\"450\" height=\"253\" \/><\/span><\/p>\n<p class=\"spip\">Es folgte ein Arbeitsgespr\u00e4ch mit dem Gesch\u00e4ftsf\u00fchrer der <a class=\"spip_out\" href=\"http:\/\/www.bureau-alsace.eu\/\" target=\"_blank\">Vertretung des Elsass (Bureau Alsace)<\/a> C\u00e9dric VIRCIGLIO, in dessen Rahmen verschiedene Themen von aktueller Bedeutung besprochen. Hier sind bspw. die organisatorischen Konsequenzen f\u00fcr die Europa-Arbeit aus der franz\u00f6sischen Gebietsreform, INTERREG-Projekte des Eurodistrikts PAMINA oder die bessere Koordinierung von EU-Mitteln im PAMINA-Raum zu nennen. Abgerundet wurde der Br\u00fcssel-Besuch durch ein gemeinsames Abendessen auf Einladung des Bureau Alsace, an welchem auch die ehemalige Stra\u00dfburger Oberb\u00fcrgermeisterin und EU-Parlamentarierin Catherine TRAUTMANN teilnahm.<\/p>\n<\/div>\n<p class=\"spip\"><em>Quelle<\/em> : <a href=\"http:\/\/www.eurod\">www.eurodistrict-pamina.eu <\/a><\/p>\n<\/div>\n<\/td>\n<\/tr>\n<\/tbody>\n<\/table>\n<\/div>\n","protected":false},"excerpt":{"rendered":"<p>\u201eKleiner\u201c Delegationsbesuch in Br\u00fcssel Im Rahmen der europ\u00e4ischen OPEN DAYS reiste auch 2016 eine kleine Delegation des Eurodistrikts PAMINA vom 10. bis 12. Oktober nach Br\u00fcssel, um dort Vertreter verschiedener Institutionen zu treffen und an mehreren Sitzungen teilzunehmen. Anl\u00e4sslich der OPEN DAYS, welche 2016 zum ersten Mal unter dem Namen \u201eEuropean Week of Regions and [&hellip;]<\/p>\n","protected":false},"author":3,"featured_media":0,"comment_status":"open","ping_status":"open","sticky":false,"template":"","format":"standard","meta":{"_exactmetrics_skip_tracking":false,"_exactmetrics_sitenote_active":false,"_exactmetrics_sitenote_note":"","_exactmetrics_sitenote_category":0,"footnotes":""},"categories":[59],"tags":[],"class_list":["post-2053","post","type-post","status-publish","format-standard","hentry","category-ereignisse-de"],"yoast_head":"<!-- This site is optimized with the Yoast SEO plugin v23.5 - https:\/\/yoast.com\/wordpress\/plugins\/seo\/ -->\n<title>\u201eKleiner\u201c Delegationsbesuch in Br\u00fcssel - EURODISTRICT PAMINA - PAMINA Business Club<\/title>\n<meta name=\"robots\" content=\"index, follow, max-snippet:-1, max-image-preview:large, max-video-preview:-1\" \/>\n<link rel=\"canonical\" href=\"http:\/\/www.pamina-business.com\/de\/kleiner-delegationsbesuch-in-brussel-eurodistrict-pamina\/\" \/>\n<meta property=\"og:locale\" content=\"de_DE\" \/>\n<meta property=\"og:type\" content=\"article\" \/>\n<meta property=\"og:title\" content=\"\u201eKleiner\u201c Delegationsbesuch in Br\u00fcssel - EURODISTRICT PAMINA - PAMINA Business Club\" \/>\n<meta property=\"og:description\" content=\"\u201eKleiner\u201c Delegationsbesuch in Br\u00fcssel Im Rahmen der europ\u00e4ischen OPEN DAYS reiste auch 2016 eine kleine Delegation des Eurodistrikts PAMINA vom 10. bis 12. Oktober nach Br\u00fcssel, um dort Vertreter verschiedener Institutionen zu treffen und an mehreren Sitzungen teilzunehmen. Anl\u00e4sslich der OPEN DAYS, welche 2016 zum ersten Mal unter dem Namen \u201eEuropean Week of Regions and [&hellip;]\" \/>\n<meta property=\"og:url\" content=\"http:\/\/www.pamina-business.com\/de\/kleiner-delegationsbesuch-in-brussel-eurodistrict-pamina\/\" \/>\n<meta property=\"og:site_name\" content=\"PAMINA Business Club\" \/>\n<meta property=\"article:published_time\" content=\"2016-11-16T09:29:51+00:00\" \/>\n<meta property=\"article:modified_time\" content=\"2016-11-08T09:31:30+00:00\" \/>\n<meta property=\"og:image\" content=\"http:\/\/www.eurodistrict-pamina.eu\/pamina\/IMG\/jpg\/14567438_1157745724310914_2430693984732082629_o.jpg\" \/>\n<meta name=\"author\" content=\"Monique STUTZMANN\" \/>\n<meta name=\"twitter:card\" content=\"summary_large_image\" \/>\n<meta name=\"twitter:label1\" content=\"Verfasst von\" \/>\n\t<meta name=\"twitter:data1\" content=\"Monique STUTZMANN\" \/>\n\t<meta name=\"twitter:label2\" content=\"Gesch\u00e4tzte Lesezeit\" \/>\n\t<meta name=\"twitter:data2\" content=\"2\u00a0Minuten\" \/>\n<script type=\"application\/ld+json\" class=\"yoast-schema-graph\">{\"@context\":\"https:\/\/schema.org\",\"@graph\":[{\"@type\":\"WebPage\",\"@id\":\"http:\/\/www.pamina-business.com\/de\/kleiner-delegationsbesuch-in-brussel-eurodistrict-pamina\/\",\"url\":\"http:\/\/www.pamina-business.com\/de\/kleiner-delegationsbesuch-in-brussel-eurodistrict-pamina\/\",\"name\":\"\u201eKleiner\u201c Delegationsbesuch in Br\u00fcssel - EURODISTRICT PAMINA - PAMINA Business Club\",\"isPartOf\":{\"@id\":\"http:\/\/www.pamina-business.com\/de\/#website\"},\"primaryImageOfPage\":{\"@id\":\"http:\/\/www.pamina-business.com\/de\/kleiner-delegationsbesuch-in-brussel-eurodistrict-pamina\/#primaryimage\"},\"image\":{\"@id\":\"http:\/\/www.pamina-business.com\/de\/kleiner-delegationsbesuch-in-brussel-eurodistrict-pamina\/#primaryimage\"},\"thumbnailUrl\":\"http:\/\/www.eurodistrict-pamina.eu\/pamina\/IMG\/jpg\/14567438_1157745724310914_2430693984732082629_o.jpg\",\"datePublished\":\"2016-11-16T09:29:51+00:00\",\"dateModified\":\"2016-11-08T09:31:30+00:00\",\"author\":{\"@id\":\"http:\/\/www.pamina-business.com\/de\/#\/schema\/person\/9ab02536dbdbc5e3ef40bbc3452c8c69\"},\"breadcrumb\":{\"@id\":\"http:\/\/www.pamina-business.com\/de\/kleiner-delegationsbesuch-in-brussel-eurodistrict-pamina\/#breadcrumb\"},\"inLanguage\":\"de\",\"potentialAction\":[{\"@type\":\"ReadAction\",\"target\":[\"http:\/\/www.pamina-business.com\/de\/kleiner-delegationsbesuch-in-brussel-eurodistrict-pamina\/\"]}]},{\"@type\":\"ImageObject\",\"inLanguage\":\"de\",\"@id\":\"http:\/\/www.pamina-business.com\/de\/kleiner-delegationsbesuch-in-brussel-eurodistrict-pamina\/#primaryimage\",\"url\":\"http:\/\/www.eurodistrict-pamina.eu\/pamina\/IMG\/jpg\/14567438_1157745724310914_2430693984732082629_o.jpg\",\"contentUrl\":\"http:\/\/www.eurodistrict-pamina.eu\/pamina\/IMG\/jpg\/14567438_1157745724310914_2430693984732082629_o.jpg\"},{\"@type\":\"BreadcrumbList\",\"@id\":\"http:\/\/www.pamina-business.com\/de\/kleiner-delegationsbesuch-in-brussel-eurodistrict-pamina\/#breadcrumb\",\"itemListElement\":[{\"@type\":\"ListItem\",\"position\":1,\"name\":\"Accueil\",\"item\":\"http:\/\/www.pamina-business.com\/de\/\"},{\"@type\":\"ListItem\",\"position\":2,\"name\":\"\u201eKleiner\u201c Delegationsbesuch in Br\u00fcssel &#8211; EURODISTRICT PAMINA\"}]},{\"@type\":\"WebSite\",\"@id\":\"http:\/\/www.pamina-business.com\/de\/#website\",\"url\":\"http:\/\/www.pamina-business.com\/de\/\",\"name\":\"PAMINA Business Club\",\"description\":\"Un site utilisant WordPress\",\"potentialAction\":[{\"@type\":\"SearchAction\",\"target\":{\"@type\":\"EntryPoint\",\"urlTemplate\":\"http:\/\/www.pamina-business.com\/de\/?s={search_term_string}\"},\"query-input\":{\"@type\":\"PropertyValueSpecification\",\"valueRequired\":true,\"valueName\":\"search_term_string\"}}],\"inLanguage\":\"de\"},{\"@type\":\"Person\",\"@id\":\"http:\/\/www.pamina-business.com\/de\/#\/schema\/person\/9ab02536dbdbc5e3ef40bbc3452c8c69\",\"name\":\"Monique STUTZMANN\",\"image\":{\"@type\":\"ImageObject\",\"inLanguage\":\"de\",\"@id\":\"http:\/\/www.pamina-business.com\/de\/#\/schema\/person\/image\/\",\"url\":\"https:\/\/secure.gravatar.com\/avatar\/cc1c3adf9a9f6e969d3da7b6b34ec66f5f4a6844dfc9145380a75e42cd91882e?s=96&d=mm&r=g\",\"contentUrl\":\"https:\/\/secure.gravatar.com\/avatar\/cc1c3adf9a9f6e969d3da7b6b34ec66f5f4a6844dfc9145380a75e42cd91882e?s=96&d=mm&r=g\",\"caption\":\"Monique STUTZMANN\"},\"url\":\"http:\/\/www.pamina-business.com\/de\/author\/monique\/\"}]}<\/script>\n<!-- \/ Yoast SEO plugin. -->","yoast_head_json":{"title":"\u201eKleiner\u201c Delegationsbesuch in Br\u00fcssel - EURODISTRICT PAMINA - PAMINA Business Club","robots":{"index":"index","follow":"follow","max-snippet":"max-snippet:-1","max-image-preview":"max-image-preview:large","max-video-preview":"max-video-preview:-1"},"canonical":"http:\/\/www.pamina-business.com\/de\/kleiner-delegationsbesuch-in-brussel-eurodistrict-pamina\/","og_locale":"de_DE","og_type":"article","og_title":"\u201eKleiner\u201c Delegationsbesuch in Br\u00fcssel - EURODISTRICT PAMINA - PAMINA Business Club","og_description":"\u201eKleiner\u201c Delegationsbesuch in Br\u00fcssel Im Rahmen der europ\u00e4ischen OPEN DAYS reiste auch 2016 eine kleine Delegation des Eurodistrikts PAMINA vom 10. bis 12. Oktober nach Br\u00fcssel, um dort Vertreter verschiedener Institutionen zu treffen und an mehreren Sitzungen teilzunehmen. Anl\u00e4sslich der OPEN DAYS, welche 2016 zum ersten Mal unter dem Namen \u201eEuropean Week of Regions and [&hellip;]","og_url":"http:\/\/www.pamina-business.com\/de\/kleiner-delegationsbesuch-in-brussel-eurodistrict-pamina\/","og_site_name":"PAMINA Business Club","article_published_time":"2016-11-16T09:29:51+00:00","article_modified_time":"2016-11-08T09:31:30+00:00","og_image":[{"url":"http:\/\/www.eurodistrict-pamina.eu\/pamina\/IMG\/jpg\/14567438_1157745724310914_2430693984732082629_o.jpg"}],"author":"Monique STUTZMANN","twitter_card":"summary_large_image","twitter_misc":{"Verfasst von":"Monique STUTZMANN","Gesch\u00e4tzte Lesezeit":"2\u00a0Minuten"},"schema":{"@context":"https:\/\/schema.org","@graph":[{"@type":"WebPage","@id":"http:\/\/www.pamina-business.com\/de\/kleiner-delegationsbesuch-in-brussel-eurodistrict-pamina\/","url":"http:\/\/www.pamina-business.com\/de\/kleiner-delegationsbesuch-in-brussel-eurodistrict-pamina\/","name":"\u201eKleiner\u201c Delegationsbesuch in Br\u00fcssel - EURODISTRICT PAMINA - PAMINA Business Club","isPartOf":{"@id":"http:\/\/www.pamina-business.com\/de\/#website"},"primaryImageOfPage":{"@id":"http:\/\/www.pamina-business.com\/de\/kleiner-delegationsbesuch-in-brussel-eurodistrict-pamina\/#primaryimage"},"image":{"@id":"http:\/\/www.pamina-business.com\/de\/kleiner-delegationsbesuch-in-brussel-eurodistrict-pamina\/#primaryimage"},"thumbnailUrl":"http:\/\/www.eurodistrict-pamina.eu\/pamina\/IMG\/jpg\/14567438_1157745724310914_2430693984732082629_o.jpg","datePublished":"2016-11-16T09:29:51+00:00","dateModified":"2016-11-08T09:31:30+00:00","author":{"@id":"http:\/\/www.pamina-business.com\/de\/#\/schema\/person\/9ab02536dbdbc5e3ef40bbc3452c8c69"},"breadcrumb":{"@id":"http:\/\/www.pamina-business.com\/de\/kleiner-delegationsbesuch-in-brussel-eurodistrict-pamina\/#breadcrumb"},"inLanguage":"de","potentialAction":[{"@type":"ReadAction","target":["http:\/\/www.pamina-business.com\/de\/kleiner-delegationsbesuch-in-brussel-eurodistrict-pamina\/"]}]},{"@type":"ImageObject","inLanguage":"de","@id":"http:\/\/www.pamina-business.com\/de\/kleiner-delegationsbesuch-in-brussel-eurodistrict-pamina\/#primaryimage","url":"http:\/\/www.eurodistrict-pamina.eu\/pamina\/IMG\/jpg\/14567438_1157745724310914_2430693984732082629_o.jpg","contentUrl":"http:\/\/www.eurodistrict-pamina.eu\/pamina\/IMG\/jpg\/14567438_1157745724310914_2430693984732082629_o.jpg"},{"@type":"BreadcrumbList","@id":"http:\/\/www.pamina-business.com\/de\/kleiner-delegationsbesuch-in-brussel-eurodistrict-pamina\/#breadcrumb","itemListElement":[{"@type":"ListItem","position":1,"name":"Accueil","item":"http:\/\/www.pamina-business.com\/de\/"},{"@type":"ListItem","position":2,"name":"\u201eKleiner\u201c Delegationsbesuch in Br\u00fcssel &#8211; EURODISTRICT PAMINA"}]},{"@type":"WebSite","@id":"http:\/\/www.pamina-business.com\/de\/#website","url":"http:\/\/www.pamina-business.com\/de\/","name":"PAMINA Business Club","description":"Un site utilisant WordPress","potentialAction":[{"@type":"SearchAction","target":{"@type":"EntryPoint","urlTemplate":"http:\/\/www.pamina-business.com\/de\/?s={search_term_string}"},"query-input":{"@type":"PropertyValueSpecification","valueRequired":true,"valueName":"search_term_string"}}],"inLanguage":"de"},{"@type":"Person","@id":"http:\/\/www.pamina-business.com\/de\/#\/schema\/person\/9ab02536dbdbc5e3ef40bbc3452c8c69","name":"Monique STUTZMANN","image":{"@type":"ImageObject","inLanguage":"de","@id":"http:\/\/www.pamina-business.com\/de\/#\/schema\/person\/image\/","url":"https:\/\/secure.gravatar.com\/avatar\/cc1c3adf9a9f6e969d3da7b6b34ec66f5f4a6844dfc9145380a75e42cd91882e?s=96&d=mm&r=g","contentUrl":"https:\/\/secure.gravatar.com\/avatar\/cc1c3adf9a9f6e969d3da7b6b34ec66f5f4a6844dfc9145380a75e42cd91882e?s=96&d=mm&r=g","caption":"Monique STUTZMANN"},"url":"http:\/\/www.pamina-business.com\/de\/author\/monique\/"}]}},"_links":{"self":[{"href":"http:\/\/www.pamina-business.com\/de\/wp-json\/wp\/v2\/posts\/2053","targetHints":{"allow":["GET"]}}],"collection":[{"href":"http:\/\/www.pamina-business.com\/de\/wp-json\/wp\/v2\/posts"}],"about":[{"href":"http:\/\/www.pamina-business.com\/de\/wp-json\/wp\/v2\/types\/post"}],"author":[{"embeddable":true,"href":"http:\/\/www.pamina-business.com\/de\/wp-json\/wp\/v2\/users\/3"}],"replies":[{"embeddable":true,"href":"http:\/\/www.pamina-business.com\/de\/wp-json\/wp\/v2\/comments?post=2053"}],"version-history":[{"count":1,"href":"http:\/\/www.pamina-business.com\/de\/wp-json\/wp\/v2\/posts\/2053\/revisions"}],"predecessor-version":[{"id":2054,"href":"http:\/\/www.pamina-business.com\/de\/wp-json\/wp\/v2\/posts\/2053\/revisions\/2054"}],"wp:attachment":[{"href":"http:\/\/www.pamina-business.com\/de\/wp-json\/wp\/v2\/media?parent=2053"}],"wp:term":[{"taxonomy":"category","embeddable":true,"href":"http:\/\/www.pamina-business.com\/de\/wp-json\/wp\/v2\/categories?post=2053"},{"taxonomy":"post_tag","embeddable":true,"href":"http:\/\/www.pamina-business.com\/de\/wp-json\/wp\/v2\/tags?post=2053"}],"curies":[{"name":"wp","href":"https:\/\/api.w.org\/{rel}","templated":true}]}}