{"id":1939,"date":"2016-09-29T08:43:43","date_gmt":"2016-09-29T08:43:43","guid":{"rendered":"http:\/\/www.pamina-business.com\/?p=1939"},"modified":"2016-09-20T08:46:47","modified_gmt":"2016-09-20T08:46:47","slug":"studenten-der-universitat-saarbrucken-besuchen-den-eurodistrickt-pamina","status":"publish","type":"post","link":"http:\/\/www.pamina-business.com\/de\/studenten-der-universitat-saarbrucken-besuchen-den-eurodistrickt-pamina\/","title":{"rendered":"Studenten der Universit\u00e4t Saarbrucken besuchen den Eurodistrickt PAMINA."},"content":{"rendered":"<div class=\"titre-article\"><strong>Besuch von Studierenden der Universit\u00e4t Saarbr\u00fccken im Eurodistrikt PAMINA \u2013 Besichtigung der grenz\u00fcberschreitenden Kl\u00e4ranlage Wissembourg<\/strong> <!-- Traduction article --><\/div>\n<div class=\"titre-article\"><\/div>\n<div class=\"chapo-article\"><span class=\"spip_document_4534 spip_documents spip_documents_left\"><img loading=\"lazy\" decoding=\"async\" src=\"http:\/\/www.eurodistrict-pamina.eu\/pamina\/IMG\/jpg\/DSCF7880.jpg\" alt=\"\" width=\"120\" height=\"80\" \/><\/span><\/div>\n<div class=\"chapo-article\"><\/div>\n<div class=\"chapo-article\">Am 6. September 2016 besuchte eine Gruppe Studierender der Universit\u00e4t Saarbr\u00fccken im Rahmen einer Studienreise den Eurodistrikt PAMINA. Gesch\u00e4ftsf\u00fchrer Patrice Harster stellte den Studierenden den Eurodistrikt PAMINA vor und gemeinsam wurde danach die grenz\u00fcberschreitende Kl\u00e4ranlage in Wissembourg besichtigt.<\/div>\n<div class=\"texte-article\">\n<p class=\"spip\">Die Studierenden erhielten durch eine Pr\u00e4sentation des Gesch\u00e4ftsf\u00fchrers Dr. Patrice Harster einen Einblick in die Entstehungsgeschichte, die Arbeitsfelder und die Arbeitsweise des Eurodistrikts. Insbesondere erfuhren die Studierenden inwiefern Fingerspitzengef\u00fchl, Verst\u00e4ndnis f\u00fcr die Beteiligten und ihre Interessen sowie Geduld f\u00fcr die grenz\u00fcberschreitende Kooperation unabdingbar sind.<\/p>\n<p class=\"spip\">Anschlie\u00dfend fand f\u00fcr die Lehramtsstudierenden im Bereich Geographie mit ihrem Dozenten Dr. D\u00f6rrenb\u00e4cher sowie der Mitarbeiter des Eurodistrikts ein Besuch der ersten grenz\u00fcberschreitenden Kl\u00e4ranlage in Wissembourg statt, um die Notwendigkeit und Wirkung von grenz\u00fcberschreitenden Projekten an einem Praxisbeispiel zu erfahren. Herr Reinhold von der Stadt Wissembourg sowie ein Mitarbeiter des Zweckverbands SDEA, \u201eSyndicat des Eaux et de l\u2019Assainissement Alsace-Moselle\u201c, erkl\u00e4rten anschaulich den Entstehungsprozess der vorbildhaften grenz\u00fcberschreitenden deutsch-franz\u00f6sischen Kooperation und die Vorg\u00e4nge der Abwasserreinigung.<\/p>\n<p class=\"spip\"><span class=\"spip_document_4535 spip_documents spip_documents_center\"><img loading=\"lazy\" decoding=\"async\" src=\"http:\/\/www.eurodistrict-pamina.eu\/pamina\/IMG\/jpg\/DSCF7885.jpg\" alt=\"\" width=\"300\" height=\"200\" \/><\/span><span class=\"spip_document_4536 spip_documents spip_documents_center\"><img loading=\"lazy\" decoding=\"async\" src=\"http:\/\/www.eurodistrict-pamina.eu\/pamina\/IMG\/jpg\/DSCF7859-2.jpg\" alt=\"\" width=\"300\" height=\"200\" \/><\/span><\/p>\n<\/div>\n<p><!-- AddThis Button BEGIN --><\/p>\n<div class=\"addthis_toolbox addthis_default_style \"><em>Quelle<\/em> : <a href=\"http:\/\/www.eurodistrict-pamina.eu\" target=\"_blank\">www.eurodistrict-pamina.eu <\/a><\/div>\n","protected":false},"excerpt":{"rendered":"<p>Besuch von Studierenden der Universit\u00e4t Saarbr\u00fccken im Eurodistrikt PAMINA \u2013 Besichtigung der grenz\u00fcberschreitenden Kl\u00e4ranlage Wissembourg Am 6. September 2016 besuchte eine Gruppe Studierender der Universit\u00e4t Saarbr\u00fccken im Rahmen einer Studienreise den Eurodistrikt PAMINA. Gesch\u00e4ftsf\u00fchrer Patrice Harster stellte den Studierenden den Eurodistrikt PAMINA vor und gemeinsam wurde danach die grenz\u00fcberschreitende Kl\u00e4ranlage in Wissembourg besichtigt. Die Studierenden [&hellip;]<\/p>\n","protected":false},"author":2,"featured_media":0,"comment_status":"open","ping_status":"open","sticky":false,"template":"","format":"standard","meta":{"_exactmetrics_skip_tracking":false,"_exactmetrics_sitenote_active":false,"_exactmetrics_sitenote_note":"","_exactmetrics_sitenote_category":0,"footnotes":""},"categories":[57],"tags":[],"class_list":["post-1939","post","type-post","status-publish","format-standard","hentry","category-berufsbildung-de"],"yoast_head":"<!-- This site is optimized with the Yoast SEO plugin v23.5 - https:\/\/yoast.com\/wordpress\/plugins\/seo\/ -->\n<title>Studenten der Universit\u00e4t Saarbrucken besuchen den Eurodistrickt PAMINA. - PAMINA Business Club<\/title>\n<meta name=\"robots\" content=\"index, follow, max-snippet:-1, max-image-preview:large, max-video-preview:-1\" \/>\n<link rel=\"canonical\" href=\"http:\/\/www.pamina-business.com\/de\/studenten-der-universitat-saarbrucken-besuchen-den-eurodistrickt-pamina\/\" \/>\n<meta property=\"og:locale\" content=\"de_DE\" \/>\n<meta property=\"og:type\" content=\"article\" \/>\n<meta property=\"og:title\" content=\"Studenten der Universit\u00e4t Saarbrucken besuchen den Eurodistrickt PAMINA. - PAMINA Business Club\" \/>\n<meta property=\"og:description\" content=\"Besuch von Studierenden der Universit\u00e4t Saarbr\u00fccken im Eurodistrikt PAMINA \u2013 Besichtigung der grenz\u00fcberschreitenden Kl\u00e4ranlage Wissembourg Am 6. September 2016 besuchte eine Gruppe Studierender der Universit\u00e4t Saarbr\u00fccken im Rahmen einer Studienreise den Eurodistrikt PAMINA. Gesch\u00e4ftsf\u00fchrer Patrice Harster stellte den Studierenden den Eurodistrikt PAMINA vor und gemeinsam wurde danach die grenz\u00fcberschreitende Kl\u00e4ranlage in Wissembourg besichtigt. Die Studierenden [&hellip;]\" \/>\n<meta property=\"og:url\" content=\"http:\/\/www.pamina-business.com\/de\/studenten-der-universitat-saarbrucken-besuchen-den-eurodistrickt-pamina\/\" \/>\n<meta property=\"og:site_name\" content=\"PAMINA Business Club\" \/>\n<meta property=\"article:published_time\" content=\"2016-09-29T08:43:43+00:00\" \/>\n<meta property=\"article:modified_time\" content=\"2016-09-20T08:46:47+00:00\" \/>\n<meta property=\"og:image\" content=\"http:\/\/www.eurodistrict-pamina.eu\/pamina\/IMG\/jpg\/DSCF7880.jpg\" \/>\n<meta name=\"author\" content=\"Mathilde Lafaye\" \/>\n<meta name=\"twitter:card\" content=\"summary_large_image\" \/>\n<meta name=\"twitter:label1\" content=\"Verfasst von\" \/>\n\t<meta name=\"twitter:data1\" content=\"Mathilde Lafaye\" \/>\n\t<meta name=\"twitter:label2\" content=\"Gesch\u00e4tzte Lesezeit\" \/>\n\t<meta name=\"twitter:data2\" content=\"1\u00a0Minute\" \/>\n<script type=\"application\/ld+json\" class=\"yoast-schema-graph\">{\"@context\":\"https:\/\/schema.org\",\"@graph\":[{\"@type\":\"WebPage\",\"@id\":\"http:\/\/www.pamina-business.com\/de\/studenten-der-universitat-saarbrucken-besuchen-den-eurodistrickt-pamina\/\",\"url\":\"http:\/\/www.pamina-business.com\/de\/studenten-der-universitat-saarbrucken-besuchen-den-eurodistrickt-pamina\/\",\"name\":\"Studenten der Universit\u00e4t Saarbrucken besuchen den Eurodistrickt PAMINA. - PAMINA Business Club\",\"isPartOf\":{\"@id\":\"https:\/\/www.pamina-business.com\/de\/#website\"},\"primaryImageOfPage\":{\"@id\":\"http:\/\/www.pamina-business.com\/de\/studenten-der-universitat-saarbrucken-besuchen-den-eurodistrickt-pamina\/#primaryimage\"},\"image\":{\"@id\":\"http:\/\/www.pamina-business.com\/de\/studenten-der-universitat-saarbrucken-besuchen-den-eurodistrickt-pamina\/#primaryimage\"},\"thumbnailUrl\":\"http:\/\/www.eurodistrict-pamina.eu\/pamina\/IMG\/jpg\/DSCF7880.jpg\",\"datePublished\":\"2016-09-29T08:43:43+00:00\",\"dateModified\":\"2016-09-20T08:46:47+00:00\",\"author\":{\"@id\":\"https:\/\/www.pamina-business.com\/de\/#\/schema\/person\/184feea9fbad808d50c1eefebdbcd9be\"},\"breadcrumb\":{\"@id\":\"http:\/\/www.pamina-business.com\/de\/studenten-der-universitat-saarbrucken-besuchen-den-eurodistrickt-pamina\/#breadcrumb\"},\"inLanguage\":\"de\",\"potentialAction\":[{\"@type\":\"ReadAction\",\"target\":[\"http:\/\/www.pamina-business.com\/de\/studenten-der-universitat-saarbrucken-besuchen-den-eurodistrickt-pamina\/\"]}]},{\"@type\":\"ImageObject\",\"inLanguage\":\"de\",\"@id\":\"http:\/\/www.pamina-business.com\/de\/studenten-der-universitat-saarbrucken-besuchen-den-eurodistrickt-pamina\/#primaryimage\",\"url\":\"http:\/\/www.eurodistrict-pamina.eu\/pamina\/IMG\/jpg\/DSCF7880.jpg\",\"contentUrl\":\"http:\/\/www.eurodistrict-pamina.eu\/pamina\/IMG\/jpg\/DSCF7880.jpg\"},{\"@type\":\"BreadcrumbList\",\"@id\":\"http:\/\/www.pamina-business.com\/de\/studenten-der-universitat-saarbrucken-besuchen-den-eurodistrickt-pamina\/#breadcrumb\",\"itemListElement\":[{\"@type\":\"ListItem\",\"position\":1,\"name\":\"Accueil\",\"item\":\"https:\/\/www.pamina-business.com\/de\/\"},{\"@type\":\"ListItem\",\"position\":2,\"name\":\"Studenten der Universit\u00e4t Saarbrucken besuchen den Eurodistrickt PAMINA.\"}]},{\"@type\":\"WebSite\",\"@id\":\"https:\/\/www.pamina-business.com\/de\/#website\",\"url\":\"https:\/\/www.pamina-business.com\/de\/\",\"name\":\"PAMINA Business Club\",\"description\":\"Un site utilisant WordPress\",\"potentialAction\":[{\"@type\":\"SearchAction\",\"target\":{\"@type\":\"EntryPoint\",\"urlTemplate\":\"https:\/\/www.pamina-business.com\/de\/?s={search_term_string}\"},\"query-input\":{\"@type\":\"PropertyValueSpecification\",\"valueRequired\":true,\"valueName\":\"search_term_string\"}}],\"inLanguage\":\"de\"},{\"@type\":\"Person\",\"@id\":\"https:\/\/www.pamina-business.com\/de\/#\/schema\/person\/184feea9fbad808d50c1eefebdbcd9be\",\"name\":\"Mathilde Lafaye\",\"image\":{\"@type\":\"ImageObject\",\"inLanguage\":\"de\",\"@id\":\"https:\/\/www.pamina-business.com\/de\/#\/schema\/person\/image\/\",\"url\":\"https:\/\/secure.gravatar.com\/avatar\/8c9e676580786e01744d1678a355283bc36b914e4f9ee0d99e4ba2f24b738831?s=96&d=mm&r=g\",\"contentUrl\":\"https:\/\/secure.gravatar.com\/avatar\/8c9e676580786e01744d1678a355283bc36b914e4f9ee0d99e4ba2f24b738831?s=96&d=mm&r=g\",\"caption\":\"Mathilde Lafaye\"},\"url\":\"http:\/\/www.pamina-business.com\/de\/author\/mathilde\/\"}]}<\/script>\n<!-- \/ Yoast SEO plugin. -->","yoast_head_json":{"title":"Studenten der Universit\u00e4t Saarbrucken besuchen den Eurodistrickt PAMINA. - PAMINA Business Club","robots":{"index":"index","follow":"follow","max-snippet":"max-snippet:-1","max-image-preview":"max-image-preview:large","max-video-preview":"max-video-preview:-1"},"canonical":"http:\/\/www.pamina-business.com\/de\/studenten-der-universitat-saarbrucken-besuchen-den-eurodistrickt-pamina\/","og_locale":"de_DE","og_type":"article","og_title":"Studenten der Universit\u00e4t Saarbrucken besuchen den Eurodistrickt PAMINA. - PAMINA Business Club","og_description":"Besuch von Studierenden der Universit\u00e4t Saarbr\u00fccken im Eurodistrikt PAMINA \u2013 Besichtigung der grenz\u00fcberschreitenden Kl\u00e4ranlage Wissembourg Am 6. September 2016 besuchte eine Gruppe Studierender der Universit\u00e4t Saarbr\u00fccken im Rahmen einer Studienreise den Eurodistrikt PAMINA. Gesch\u00e4ftsf\u00fchrer Patrice Harster stellte den Studierenden den Eurodistrikt PAMINA vor und gemeinsam wurde danach die grenz\u00fcberschreitende Kl\u00e4ranlage in Wissembourg besichtigt. Die Studierenden [&hellip;]","og_url":"http:\/\/www.pamina-business.com\/de\/studenten-der-universitat-saarbrucken-besuchen-den-eurodistrickt-pamina\/","og_site_name":"PAMINA Business Club","article_published_time":"2016-09-29T08:43:43+00:00","article_modified_time":"2016-09-20T08:46:47+00:00","og_image":[{"url":"http:\/\/www.eurodistrict-pamina.eu\/pamina\/IMG\/jpg\/DSCF7880.jpg"}],"author":"Mathilde Lafaye","twitter_card":"summary_large_image","twitter_misc":{"Verfasst von":"Mathilde Lafaye","Gesch\u00e4tzte Lesezeit":"1\u00a0Minute"},"schema":{"@context":"https:\/\/schema.org","@graph":[{"@type":"WebPage","@id":"http:\/\/www.pamina-business.com\/de\/studenten-der-universitat-saarbrucken-besuchen-den-eurodistrickt-pamina\/","url":"http:\/\/www.pamina-business.com\/de\/studenten-der-universitat-saarbrucken-besuchen-den-eurodistrickt-pamina\/","name":"Studenten der Universit\u00e4t Saarbrucken besuchen den Eurodistrickt PAMINA. - PAMINA Business Club","isPartOf":{"@id":"https:\/\/www.pamina-business.com\/de\/#website"},"primaryImageOfPage":{"@id":"http:\/\/www.pamina-business.com\/de\/studenten-der-universitat-saarbrucken-besuchen-den-eurodistrickt-pamina\/#primaryimage"},"image":{"@id":"http:\/\/www.pamina-business.com\/de\/studenten-der-universitat-saarbrucken-besuchen-den-eurodistrickt-pamina\/#primaryimage"},"thumbnailUrl":"http:\/\/www.eurodistrict-pamina.eu\/pamina\/IMG\/jpg\/DSCF7880.jpg","datePublished":"2016-09-29T08:43:43+00:00","dateModified":"2016-09-20T08:46:47+00:00","author":{"@id":"https:\/\/www.pamina-business.com\/de\/#\/schema\/person\/184feea9fbad808d50c1eefebdbcd9be"},"breadcrumb":{"@id":"http:\/\/www.pamina-business.com\/de\/studenten-der-universitat-saarbrucken-besuchen-den-eurodistrickt-pamina\/#breadcrumb"},"inLanguage":"de","potentialAction":[{"@type":"ReadAction","target":["http:\/\/www.pamina-business.com\/de\/studenten-der-universitat-saarbrucken-besuchen-den-eurodistrickt-pamina\/"]}]},{"@type":"ImageObject","inLanguage":"de","@id":"http:\/\/www.pamina-business.com\/de\/studenten-der-universitat-saarbrucken-besuchen-den-eurodistrickt-pamina\/#primaryimage","url":"http:\/\/www.eurodistrict-pamina.eu\/pamina\/IMG\/jpg\/DSCF7880.jpg","contentUrl":"http:\/\/www.eurodistrict-pamina.eu\/pamina\/IMG\/jpg\/DSCF7880.jpg"},{"@type":"BreadcrumbList","@id":"http:\/\/www.pamina-business.com\/de\/studenten-der-universitat-saarbrucken-besuchen-den-eurodistrickt-pamina\/#breadcrumb","itemListElement":[{"@type":"ListItem","position":1,"name":"Accueil","item":"https:\/\/www.pamina-business.com\/de\/"},{"@type":"ListItem","position":2,"name":"Studenten der Universit\u00e4t Saarbrucken besuchen den Eurodistrickt PAMINA."}]},{"@type":"WebSite","@id":"https:\/\/www.pamina-business.com\/de\/#website","url":"https:\/\/www.pamina-business.com\/de\/","name":"PAMINA Business Club","description":"Un site utilisant WordPress","potentialAction":[{"@type":"SearchAction","target":{"@type":"EntryPoint","urlTemplate":"https:\/\/www.pamina-business.com\/de\/?s={search_term_string}"},"query-input":{"@type":"PropertyValueSpecification","valueRequired":true,"valueName":"search_term_string"}}],"inLanguage":"de"},{"@type":"Person","@id":"https:\/\/www.pamina-business.com\/de\/#\/schema\/person\/184feea9fbad808d50c1eefebdbcd9be","name":"Mathilde Lafaye","image":{"@type":"ImageObject","inLanguage":"de","@id":"https:\/\/www.pamina-business.com\/de\/#\/schema\/person\/image\/","url":"https:\/\/secure.gravatar.com\/avatar\/8c9e676580786e01744d1678a355283bc36b914e4f9ee0d99e4ba2f24b738831?s=96&d=mm&r=g","contentUrl":"https:\/\/secure.gravatar.com\/avatar\/8c9e676580786e01744d1678a355283bc36b914e4f9ee0d99e4ba2f24b738831?s=96&d=mm&r=g","caption":"Mathilde Lafaye"},"url":"http:\/\/www.pamina-business.com\/de\/author\/mathilde\/"}]}},"_links":{"self":[{"href":"http:\/\/www.pamina-business.com\/de\/wp-json\/wp\/v2\/posts\/1939","targetHints":{"allow":["GET"]}}],"collection":[{"href":"http:\/\/www.pamina-business.com\/de\/wp-json\/wp\/v2\/posts"}],"about":[{"href":"http:\/\/www.pamina-business.com\/de\/wp-json\/wp\/v2\/types\/post"}],"author":[{"embeddable":true,"href":"http:\/\/www.pamina-business.com\/de\/wp-json\/wp\/v2\/users\/2"}],"replies":[{"embeddable":true,"href":"http:\/\/www.pamina-business.com\/de\/wp-json\/wp\/v2\/comments?post=1939"}],"version-history":[{"count":1,"href":"http:\/\/www.pamina-business.com\/de\/wp-json\/wp\/v2\/posts\/1939\/revisions"}],"predecessor-version":[{"id":1940,"href":"http:\/\/www.pamina-business.com\/de\/wp-json\/wp\/v2\/posts\/1939\/revisions\/1940"}],"wp:attachment":[{"href":"http:\/\/www.pamina-business.com\/de\/wp-json\/wp\/v2\/media?parent=1939"}],"wp:term":[{"taxonomy":"category","embeddable":true,"href":"http:\/\/www.pamina-business.com\/de\/wp-json\/wp\/v2\/categories?post=1939"},{"taxonomy":"post_tag","embeddable":true,"href":"http:\/\/www.pamina-business.com\/de\/wp-json\/wp\/v2\/tags?post=1939"}],"curies":[{"name":"wp","href":"https:\/\/api.w.org\/{rel}","templated":true}]}}