{"id":1763,"date":"2016-07-20T07:42:12","date_gmt":"2016-07-20T07:42:12","guid":{"rendered":"http:\/\/www.pamina-business.com\/?p=1763"},"modified":"2016-07-18T09:29:37","modified_gmt":"2016-07-18T09:29:37","slug":"regionen-fallt-schlusselrolle-bei-der-energiewende-zu","status":"publish","type":"post","link":"http:\/\/www.pamina-business.com\/de\/regionen-fallt-schlusselrolle-bei-der-energiewende-zu\/","title":{"rendered":"Regionen f\u00e4llt Schl\u00fcsselrolle bei der Energiewende zu."},"content":{"rendered":"<div id=\"contentMain\">\n<div id=\"c4265\" class=\"csc-default\">\n<div class=\"csc-textpic csc-textpic-center csc-textpic-above\">\n<div class=\"csc-textpic-imagewrap\">\n<dl class=\"csc-textpic-image csc-textpic-firstcol csc-textpic-lastcol\">\n<dt><img loading=\"lazy\" decoding=\"async\" src=\"http:\/\/www.technologieregion-karlsruhe.de\/uploads\/pics\/425EnergiekonferenzHomepage.jpg\" alt=\"\" width=\"425\" height=\"277\" \/><\/dt>\n<dd class=\"csc-textpic-caption\">Konferenz Smart Energy Regions: Dr. Karl-Friederich Ziegahn, KIT, Maive Rute, stellvertretende Generaldirektorin des JRC, Oberb\u00fcrgermeister und TRK-Vorsitzender Dr. Frank Mentrup, Lambert van Nistelrooij, MdEP, Karl Grei\u00dfing, Ministerium f\u00fcr Umwelt, Klima und Energiewirtschaft Baden W\u00fcrttemberg (v.l.n.r.). Foto: TRK\/Uli Deck<\/dd>\n<\/dl>\n<\/div>\n<div class=\"csc-textpic-text\">\n<p class=\"bodytext\"><strong>Europaweite Konferenz der TechnologieRegion Karlsruhe mit 120 Fachleute aus 20 L\u00e4ndern \/ Veranstaltung f\u00fcr Mentrup starkes Signal: \u201eEuropa lebt\u201c \/ Karlsruhes OB fordert klares Bekenntnis zu dezentralem Ansatz in der Energiepolitik<\/strong><\/p>\n<p class=\"bodytext\">\u201eHow to build Smart Energy Regions\u201c \u2013 unter diesem Titel haben sich rund 120 Fachleute aus 20 L\u00e4ndern in Europa zwei Tage lang in Ettlingen \u00fcber die Rolle und den Stellenwert von Regionen, St\u00e4dten und Gemeinden bei der erfolgreichen Ausgestaltung der Energiewende ausgetauscht.<\/p>\n<p class=\"bodytext\">\u201eDen Regionen f\u00e4llt dabei eine Schl\u00fcsselrolle zu, weil sie Versorgungssicherheit, Effizienz, Steuerung und Integration von erneuerbaren Energien am wirkungsvollsten lenken und umsetzen k\u00f6nnen\u201c, zog Karlsruhes Oberb\u00fcrgermeister Dr. Frank Mentrup Bilanz und betonte: \u201eDie Kommunen in Europa sind dazu auch bereit. Sie brauchen aber ein klares Bekenntnis zu einem dezentralen Ansatz in der Energiepolitik \u2013 und dazu die Unterst\u00fctzung der europ\u00e4ischen und nationalen Ebenen\u201c. Mentrup forderte, auch in seiner Funktion als Vorsitzender der TechnologieRegion Karlsruhe, entsprechende Handlungsspielr\u00e4ume, Experimentierklauseln und finanzielle Anreize, damit Kooperationen auf lokaler und regionaler Ebene entstehen k\u00f6nnen. \u201eDamit erh\u00e4lt die Formel \u201athink global, act local\u2018 eine neue Bedeutung\u201c<\/p>\n<p>Eingeladen zu der zweit\u00e4tigen Konferenz hatten die TechnologieRegion Karlsruhe gemeinsam mit der Gemeinsamen Forschungsstelle der Europ\u00e4ischen Kommission unter der Schirmherrschaft des Ministeriums f\u00fcr Umwelt, Klima und Energiewirtschaft des Landes Baden-W\u00fcrttemberg. Mentrup nannte in seinem Schlusswort die Konferenz \u201edie wichtigste europ\u00e4ische Veranstaltung\u201c in der TechnologieRegion Karlsruhe seit seinem Amtsantritt. Durch die starke Resonanz habe die Konferenz gerade in diesen Tagen ein starkes Signal ausgesandt, unterstrich Mentrup. Der Wille zur europ\u00e4ischen Zusammenarbeit sei ungebrochen, kurz: \u201eEuropa lebt\u201c.<\/p>\n<p>Katrin Sch\u00fctz, Staatssekret\u00e4rin im Ministerium f\u00fcr Wirtschaft, Arbeit und Wohnungsbau von Baden-W\u00fcrttemberg, sieht das Bundesland gut aufgestellt, um die Energiewende zu meistern Sie hob die engen Netzwerke, die exzellente Forschungslandschaft und die motivierten St\u00e4dte und Regionen hervor. Europaweite Kongresse wie der in Ettlingen bez\u00f6gen ihre Bedeutung aus dem direkten Erfahrungsaustausch zu lokalen und regionalen Projekten und Handlungsans\u00e4tzen, denn: \u201eEs gibt keine Patentrezepte f\u00fcr die regionale Ebene\u201c.<\/p>\n<p>Maive Rute, stellvertretende Generaldirektorin des Joint Research Centers (JRC), deutsch: der Gemeinsamen Forschungsstelle der Europ\u00e4ischen Kommission, unterstrich den hohen Stellenwert, den die Fragen in Zusammenhang mit der Energiewende in Europa bes\u00e4\u00dfen. Allein die Energieproduktion wer immer komplexer und dezentralisierter. Die grenze zwischen Verbrauchern und Produzenten ist flie\u00dfend, Fragen zu Transport, Erzeugung \u2013 etwa Solar -, Digitalisierung und Geb\u00e4udegestaltung stellten sich neu. Das JRC sieht sich dabei in der Rolle als Unterst\u00fctzer, der gleichzeitig auf Austausch gerade mit der kommunalen ebene angewiesen ist.<\/p>\n<p>Karl Grei\u00dfing, Abteilungsleiter Energiewirtschaft im Ministerium f\u00fcr Umwelt, Klima und Energiewirtschaft Baden-W\u00fcrttembergs, unterstrich die Bedeutung von Vernetzung der Akteure und Flexibilit\u00e4t. Der Kongress habe dabei besondere Bedeutung. Letztlich komme es darauf an, gute Ideen vor Ort umzusetzen. Die Akzeptanz der B\u00fcrgerinnen und B\u00fcrger sei dabei die Grundlage des Erfolgs.<\/p>\n<\/div>\n<p class=\"bodytext\"><em>Quelle<\/em> : Newsletter der TechnologieRegion Karlsruhe<\/p>\n<p class=\"bodytext\"><a href=\"http:\/\/www.technologieregion-karlsruhe.de\" target=\"_blank\">www.technologieregion-karlsruhe.de<\/a><\/p>\n<p class=\"bodytext\"><a href=\"&#x6d;&#97;i&#x6c;&#x74;&#111;:&#x70;&#x72;&#101;s&#x73;&#x65;&#64;t&#x65;&#x63;&#104;n&#x6f;&#108;&#111;g&#x69;&#101;r&#x65;&#x67;&#105;o&#x6e;&#x2d;&#107;a&#x72;&#x6c;&#115;r&#x75;&#x68;&#101;&#46;&#x64;&#x65;\" target=\"_blank\">Kontakt<\/a> : presse<\/p>\n<\/div>\n<\/div>\n<\/div>\n","protected":false},"excerpt":{"rendered":"<p>Konferenz Smart Energy Regions: Dr. Karl-Friederich Ziegahn, KIT, Maive Rute, stellvertretende Generaldirektorin des JRC, Oberb\u00fcrgermeister und TRK-Vorsitzender Dr. Frank Mentrup, Lambert van Nistelrooij, MdEP, Karl Grei\u00dfing, Ministerium f\u00fcr Umwelt, Klima und Energiewirtschaft Baden W\u00fcrttemberg (v.l.n.r.). Foto: TRK\/Uli Deck Europaweite Konferenz der TechnologieRegion Karlsruhe mit 120 Fachleute aus 20 L\u00e4ndern \/ Veranstaltung f\u00fcr Mentrup starkes Signal: [&hellip;]<\/p>\n","protected":false},"author":3,"featured_media":0,"comment_status":"open","ping_status":"open","sticky":false,"template":"","format":"standard","meta":{"_exactmetrics_skip_tracking":false,"_exactmetrics_sitenote_active":false,"_exactmetrics_sitenote_note":"","_exactmetrics_sitenote_category":0,"footnotes":""},"categories":[58],"tags":[],"class_list":["post-1763","post","type-post","status-publish","format-standard","hentry","category-energie-de"],"yoast_head":"<!-- This site is optimized with the Yoast SEO plugin v23.5 - https:\/\/yoast.com\/wordpress\/plugins\/seo\/ -->\n<title>Regionen f\u00e4llt Schl\u00fcsselrolle bei der Energiewende zu. - PAMINA Business Club<\/title>\n<meta name=\"robots\" content=\"index, follow, max-snippet:-1, max-image-preview:large, max-video-preview:-1\" \/>\n<link rel=\"canonical\" href=\"https:\/\/www.pamina-business.com\/de\/regionen-fallt-schlusselrolle-bei-der-energiewende-zu\/\" \/>\n<meta property=\"og:locale\" content=\"de_DE\" \/>\n<meta property=\"og:type\" content=\"article\" \/>\n<meta property=\"og:title\" content=\"Regionen f\u00e4llt Schl\u00fcsselrolle bei der Energiewende zu. - PAMINA Business Club\" \/>\n<meta property=\"og:description\" content=\"Konferenz Smart Energy Regions: Dr. Karl-Friederich Ziegahn, KIT, Maive Rute, stellvertretende Generaldirektorin des JRC, Oberb\u00fcrgermeister und TRK-Vorsitzender Dr. Frank Mentrup, Lambert van Nistelrooij, MdEP, Karl Grei\u00dfing, Ministerium f\u00fcr Umwelt, Klima und Energiewirtschaft Baden W\u00fcrttemberg (v.l.n.r.). Foto: TRK\/Uli Deck Europaweite Konferenz der TechnologieRegion Karlsruhe mit 120 Fachleute aus 20 L\u00e4ndern \/ Veranstaltung f\u00fcr Mentrup starkes Signal: [&hellip;]\" \/>\n<meta property=\"og:url\" content=\"https:\/\/www.pamina-business.com\/de\/regionen-fallt-schlusselrolle-bei-der-energiewende-zu\/\" \/>\n<meta property=\"og:site_name\" content=\"PAMINA Business Club\" \/>\n<meta property=\"article:published_time\" content=\"2016-07-20T07:42:12+00:00\" \/>\n<meta property=\"article:modified_time\" content=\"2016-07-18T09:29:37+00:00\" \/>\n<meta property=\"og:image\" content=\"http:\/\/www.technologieregion-karlsruhe.de\/uploads\/pics\/425EnergiekonferenzHomepage.jpg\" \/>\n<meta name=\"author\" content=\"Monique STUTZMANN\" \/>\n<meta name=\"twitter:card\" content=\"summary_large_image\" \/>\n<meta name=\"twitter:label1\" content=\"Verfasst von\" \/>\n\t<meta name=\"twitter:data1\" content=\"Monique STUTZMANN\" \/>\n\t<meta name=\"twitter:label2\" content=\"Gesch\u00e4tzte Lesezeit\" \/>\n\t<meta name=\"twitter:data2\" content=\"3\u00a0Minuten\" \/>\n<script type=\"application\/ld+json\" class=\"yoast-schema-graph\">{\"@context\":\"https:\/\/schema.org\",\"@graph\":[{\"@type\":\"WebPage\",\"@id\":\"https:\/\/www.pamina-business.com\/de\/regionen-fallt-schlusselrolle-bei-der-energiewende-zu\/\",\"url\":\"https:\/\/www.pamina-business.com\/de\/regionen-fallt-schlusselrolle-bei-der-energiewende-zu\/\",\"name\":\"Regionen f\u00e4llt Schl\u00fcsselrolle bei der Energiewende zu. - PAMINA Business Club\",\"isPartOf\":{\"@id\":\"https:\/\/www.pamina-business.com\/de\/#website\"},\"primaryImageOfPage\":{\"@id\":\"https:\/\/www.pamina-business.com\/de\/regionen-fallt-schlusselrolle-bei-der-energiewende-zu\/#primaryimage\"},\"image\":{\"@id\":\"https:\/\/www.pamina-business.com\/de\/regionen-fallt-schlusselrolle-bei-der-energiewende-zu\/#primaryimage\"},\"thumbnailUrl\":\"http:\/\/www.technologieregion-karlsruhe.de\/uploads\/pics\/425EnergiekonferenzHomepage.jpg\",\"datePublished\":\"2016-07-20T07:42:12+00:00\",\"dateModified\":\"2016-07-18T09:29:37+00:00\",\"author\":{\"@id\":\"https:\/\/www.pamina-business.com\/de\/#\/schema\/person\/9ab02536dbdbc5e3ef40bbc3452c8c69\"},\"breadcrumb\":{\"@id\":\"https:\/\/www.pamina-business.com\/de\/regionen-fallt-schlusselrolle-bei-der-energiewende-zu\/#breadcrumb\"},\"inLanguage\":\"de\",\"potentialAction\":[{\"@type\":\"ReadAction\",\"target\":[\"https:\/\/www.pamina-business.com\/de\/regionen-fallt-schlusselrolle-bei-der-energiewende-zu\/\"]}]},{\"@type\":\"ImageObject\",\"inLanguage\":\"de\",\"@id\":\"https:\/\/www.pamina-business.com\/de\/regionen-fallt-schlusselrolle-bei-der-energiewende-zu\/#primaryimage\",\"url\":\"http:\/\/www.technologieregion-karlsruhe.de\/uploads\/pics\/425EnergiekonferenzHomepage.jpg\",\"contentUrl\":\"http:\/\/www.technologieregion-karlsruhe.de\/uploads\/pics\/425EnergiekonferenzHomepage.jpg\"},{\"@type\":\"BreadcrumbList\",\"@id\":\"https:\/\/www.pamina-business.com\/de\/regionen-fallt-schlusselrolle-bei-der-energiewende-zu\/#breadcrumb\",\"itemListElement\":[{\"@type\":\"ListItem\",\"position\":1,\"name\":\"Accueil\",\"item\":\"https:\/\/www.pamina-business.com\/de\/\"},{\"@type\":\"ListItem\",\"position\":2,\"name\":\"Regionen f\u00e4llt Schl\u00fcsselrolle bei der Energiewende zu.\"}]},{\"@type\":\"WebSite\",\"@id\":\"https:\/\/www.pamina-business.com\/de\/#website\",\"url\":\"https:\/\/www.pamina-business.com\/de\/\",\"name\":\"PAMINA Business Club\",\"description\":\"Un site utilisant WordPress\",\"potentialAction\":[{\"@type\":\"SearchAction\",\"target\":{\"@type\":\"EntryPoint\",\"urlTemplate\":\"https:\/\/www.pamina-business.com\/de\/?s={search_term_string}\"},\"query-input\":{\"@type\":\"PropertyValueSpecification\",\"valueRequired\":true,\"valueName\":\"search_term_string\"}}],\"inLanguage\":\"de\"},{\"@type\":\"Person\",\"@id\":\"https:\/\/www.pamina-business.com\/de\/#\/schema\/person\/9ab02536dbdbc5e3ef40bbc3452c8c69\",\"name\":\"Monique STUTZMANN\",\"image\":{\"@type\":\"ImageObject\",\"inLanguage\":\"de\",\"@id\":\"https:\/\/www.pamina-business.com\/de\/#\/schema\/person\/image\/\",\"url\":\"https:\/\/secure.gravatar.com\/avatar\/cc1c3adf9a9f6e969d3da7b6b34ec66f5f4a6844dfc9145380a75e42cd91882e?s=96&d=mm&r=g\",\"contentUrl\":\"https:\/\/secure.gravatar.com\/avatar\/cc1c3adf9a9f6e969d3da7b6b34ec66f5f4a6844dfc9145380a75e42cd91882e?s=96&d=mm&r=g\",\"caption\":\"Monique STUTZMANN\"},\"url\":\"http:\/\/www.pamina-business.com\/de\/author\/monique\/\"}]}<\/script>\n<!-- \/ Yoast SEO plugin. -->","yoast_head_json":{"title":"Regionen f\u00e4llt Schl\u00fcsselrolle bei der Energiewende zu. - PAMINA Business Club","robots":{"index":"index","follow":"follow","max-snippet":"max-snippet:-1","max-image-preview":"max-image-preview:large","max-video-preview":"max-video-preview:-1"},"canonical":"https:\/\/www.pamina-business.com\/de\/regionen-fallt-schlusselrolle-bei-der-energiewende-zu\/","og_locale":"de_DE","og_type":"article","og_title":"Regionen f\u00e4llt Schl\u00fcsselrolle bei der Energiewende zu. - PAMINA Business Club","og_description":"Konferenz Smart Energy Regions: Dr. Karl-Friederich Ziegahn, KIT, Maive Rute, stellvertretende Generaldirektorin des JRC, Oberb\u00fcrgermeister und TRK-Vorsitzender Dr. Frank Mentrup, Lambert van Nistelrooij, MdEP, Karl Grei\u00dfing, Ministerium f\u00fcr Umwelt, Klima und Energiewirtschaft Baden W\u00fcrttemberg (v.l.n.r.). Foto: TRK\/Uli Deck Europaweite Konferenz der TechnologieRegion Karlsruhe mit 120 Fachleute aus 20 L\u00e4ndern \/ Veranstaltung f\u00fcr Mentrup starkes Signal: [&hellip;]","og_url":"https:\/\/www.pamina-business.com\/de\/regionen-fallt-schlusselrolle-bei-der-energiewende-zu\/","og_site_name":"PAMINA Business Club","article_published_time":"2016-07-20T07:42:12+00:00","article_modified_time":"2016-07-18T09:29:37+00:00","og_image":[{"url":"http:\/\/www.technologieregion-karlsruhe.de\/uploads\/pics\/425EnergiekonferenzHomepage.jpg"}],"author":"Monique STUTZMANN","twitter_card":"summary_large_image","twitter_misc":{"Verfasst von":"Monique STUTZMANN","Gesch\u00e4tzte Lesezeit":"3\u00a0Minuten"},"schema":{"@context":"https:\/\/schema.org","@graph":[{"@type":"WebPage","@id":"https:\/\/www.pamina-business.com\/de\/regionen-fallt-schlusselrolle-bei-der-energiewende-zu\/","url":"https:\/\/www.pamina-business.com\/de\/regionen-fallt-schlusselrolle-bei-der-energiewende-zu\/","name":"Regionen f\u00e4llt Schl\u00fcsselrolle bei der Energiewende zu. - PAMINA Business Club","isPartOf":{"@id":"https:\/\/www.pamina-business.com\/de\/#website"},"primaryImageOfPage":{"@id":"https:\/\/www.pamina-business.com\/de\/regionen-fallt-schlusselrolle-bei-der-energiewende-zu\/#primaryimage"},"image":{"@id":"https:\/\/www.pamina-business.com\/de\/regionen-fallt-schlusselrolle-bei-der-energiewende-zu\/#primaryimage"},"thumbnailUrl":"http:\/\/www.technologieregion-karlsruhe.de\/uploads\/pics\/425EnergiekonferenzHomepage.jpg","datePublished":"2016-07-20T07:42:12+00:00","dateModified":"2016-07-18T09:29:37+00:00","author":{"@id":"https:\/\/www.pamina-business.com\/de\/#\/schema\/person\/9ab02536dbdbc5e3ef40bbc3452c8c69"},"breadcrumb":{"@id":"https:\/\/www.pamina-business.com\/de\/regionen-fallt-schlusselrolle-bei-der-energiewende-zu\/#breadcrumb"},"inLanguage":"de","potentialAction":[{"@type":"ReadAction","target":["https:\/\/www.pamina-business.com\/de\/regionen-fallt-schlusselrolle-bei-der-energiewende-zu\/"]}]},{"@type":"ImageObject","inLanguage":"de","@id":"https:\/\/www.pamina-business.com\/de\/regionen-fallt-schlusselrolle-bei-der-energiewende-zu\/#primaryimage","url":"http:\/\/www.technologieregion-karlsruhe.de\/uploads\/pics\/425EnergiekonferenzHomepage.jpg","contentUrl":"http:\/\/www.technologieregion-karlsruhe.de\/uploads\/pics\/425EnergiekonferenzHomepage.jpg"},{"@type":"BreadcrumbList","@id":"https:\/\/www.pamina-business.com\/de\/regionen-fallt-schlusselrolle-bei-der-energiewende-zu\/#breadcrumb","itemListElement":[{"@type":"ListItem","position":1,"name":"Accueil","item":"https:\/\/www.pamina-business.com\/de\/"},{"@type":"ListItem","position":2,"name":"Regionen f\u00e4llt Schl\u00fcsselrolle bei der Energiewende zu."}]},{"@type":"WebSite","@id":"https:\/\/www.pamina-business.com\/de\/#website","url":"https:\/\/www.pamina-business.com\/de\/","name":"PAMINA Business Club","description":"Un site utilisant WordPress","potentialAction":[{"@type":"SearchAction","target":{"@type":"EntryPoint","urlTemplate":"https:\/\/www.pamina-business.com\/de\/?s={search_term_string}"},"query-input":{"@type":"PropertyValueSpecification","valueRequired":true,"valueName":"search_term_string"}}],"inLanguage":"de"},{"@type":"Person","@id":"https:\/\/www.pamina-business.com\/de\/#\/schema\/person\/9ab02536dbdbc5e3ef40bbc3452c8c69","name":"Monique STUTZMANN","image":{"@type":"ImageObject","inLanguage":"de","@id":"https:\/\/www.pamina-business.com\/de\/#\/schema\/person\/image\/","url":"https:\/\/secure.gravatar.com\/avatar\/cc1c3adf9a9f6e969d3da7b6b34ec66f5f4a6844dfc9145380a75e42cd91882e?s=96&d=mm&r=g","contentUrl":"https:\/\/secure.gravatar.com\/avatar\/cc1c3adf9a9f6e969d3da7b6b34ec66f5f4a6844dfc9145380a75e42cd91882e?s=96&d=mm&r=g","caption":"Monique STUTZMANN"},"url":"http:\/\/www.pamina-business.com\/de\/author\/monique\/"}]}},"_links":{"self":[{"href":"http:\/\/www.pamina-business.com\/de\/wp-json\/wp\/v2\/posts\/1763","targetHints":{"allow":["GET"]}}],"collection":[{"href":"http:\/\/www.pamina-business.com\/de\/wp-json\/wp\/v2\/posts"}],"about":[{"href":"http:\/\/www.pamina-business.com\/de\/wp-json\/wp\/v2\/types\/post"}],"author":[{"embeddable":true,"href":"http:\/\/www.pamina-business.com\/de\/wp-json\/wp\/v2\/users\/3"}],"replies":[{"embeddable":true,"href":"http:\/\/www.pamina-business.com\/de\/wp-json\/wp\/v2\/comments?post=1763"}],"version-history":[{"count":3,"href":"http:\/\/www.pamina-business.com\/de\/wp-json\/wp\/v2\/posts\/1763\/revisions"}],"predecessor-version":[{"id":1766,"href":"http:\/\/www.pamina-business.com\/de\/wp-json\/wp\/v2\/posts\/1763\/revisions\/1766"}],"wp:attachment":[{"href":"http:\/\/www.pamina-business.com\/de\/wp-json\/wp\/v2\/media?parent=1763"}],"wp:term":[{"taxonomy":"category","embeddable":true,"href":"http:\/\/www.pamina-business.com\/de\/wp-json\/wp\/v2\/categories?post=1763"},{"taxonomy":"post_tag","embeddable":true,"href":"http:\/\/www.pamina-business.com\/de\/wp-json\/wp\/v2\/tags?post=1763"}],"curies":[{"name":"wp","href":"https:\/\/api.w.org\/{rel}","templated":true}]}}