{"id":172,"date":"2014-12-05T13:42:00","date_gmt":"2014-12-05T13:42:00","guid":{"rendered":"http:\/\/www.pamina-business.com\/?p=172"},"modified":"2015-02-11T15:02:00","modified_gmt":"2015-02-11T15:02:00","slug":"eurodistrict-regio-pamina-une-journee-sous-le-signe-de-lemploi-transfrontalier","status":"publish","type":"post","link":"http:\/\/www.pamina-business.com\/de\/eurodistrict-regio-pamina-une-journee-sous-le-signe-de-lemploi-transfrontalier\/","title":{"rendered":"Eurodistrict REGIO PAMINA : une journ\u00e9e sous le signe de l&#8217;emploi transfrontalier"},"content":{"rendered":"<p>Le march\u00e9 du travail transfrontalier a \u00e9t\u00e9 le leitmotiv de la manifestation organis\u00e9e jeudi 27 novembre 2014 par l\u2019Eurodistrict REGIO PAMINA et l\u2019entreprise sociale Neue Arbeit \u00e0 Lauterbourg. Environ 60 acteurs fran\u00e7ais et allemands issus du monde politique, de l\u2019administration et de l\u2019\u00e9conomie se sont retrouv\u00e9s pour \u00e9changer autour de deux tables-rondes sur ce sujet.<\/p>\n<p>Pour lire l&#8217;article dans son int\u00e9gralit\u00e9 : <a title=\"Mission Op\u00e9rationnelle Transfrontali\u00e8re\" href=\"www.espaces-transfrontaliers.org\/actualites\/news\/news\/show\/eurodistrict-regio-pamina-une-journee-sous-le-signe-de-lemploi-transfrontalier\/\" target=\"_blank\">Mission Op\u00e9rationnelle Transfrontali\u00e8re<\/a><\/p>\n<h2><\/h2>\n","protected":false},"excerpt":{"rendered":"<p>Le march\u00e9 du travail transfrontalier a \u00e9t\u00e9 le leitmotiv de la manifestation organis\u00e9e jeudi 27 novembre 2014 par l\u2019Eurodistrict REGIO PAMINA et l\u2019entreprise sociale Neue Arbeit \u00e0 Lauterbourg. Environ 60 acteurs fran\u00e7ais et allemands issus du monde politique, de l\u2019administration et de l\u2019\u00e9conomie se sont retrouv\u00e9s pour \u00e9changer autour de deux tables-rondes sur ce sujet. [&hellip;]<\/p>\n","protected":false},"author":2,"featured_media":0,"comment_status":"open","ping_status":"open","sticky":false,"template":"","format":"standard","meta":{"_exactmetrics_skip_tracking":false,"_exactmetrics_sitenote_active":false,"_exactmetrics_sitenote_note":"","_exactmetrics_sitenote_category":0,"footnotes":""},"categories":[7],"tags":[],"class_list":["post-172","post","type-post","status-publish","format-standard","hentry","category-evenements-fr"],"yoast_head":"<!-- This site is optimized with the Yoast SEO plugin v23.5 - https:\/\/yoast.com\/wordpress\/plugins\/seo\/ -->\n<title>Eurodistrict REGIO PAMINA : une journ\u00e9e sous le signe de l&#039;emploi transfrontalier - PAMINA Business Club<\/title>\n<meta name=\"robots\" content=\"index, follow, max-snippet:-1, max-image-preview:large, max-video-preview:-1\" \/>\n<link rel=\"canonical\" href=\"http:\/\/www.pamina-business.com\/de\/eurodistrict-regio-pamina-une-journee-sous-le-signe-de-lemploi-transfrontalier\/\" \/>\n<meta property=\"og:locale\" content=\"de_DE\" \/>\n<meta property=\"og:type\" content=\"article\" \/>\n<meta property=\"og:title\" content=\"Eurodistrict REGIO PAMINA : une journ\u00e9e sous le signe de l&#039;emploi transfrontalier - PAMINA Business Club\" \/>\n<meta property=\"og:description\" content=\"Le march\u00e9 du travail transfrontalier a \u00e9t\u00e9 le leitmotiv de la manifestation organis\u00e9e jeudi 27 novembre 2014 par l\u2019Eurodistrict REGIO PAMINA et l\u2019entreprise sociale Neue Arbeit \u00e0 Lauterbourg. Environ 60 acteurs fran\u00e7ais et allemands issus du monde politique, de l\u2019administration et de l\u2019\u00e9conomie se sont retrouv\u00e9s pour \u00e9changer autour de deux tables-rondes sur ce sujet. [&hellip;]\" \/>\n<meta property=\"og:url\" content=\"http:\/\/www.pamina-business.com\/de\/eurodistrict-regio-pamina-une-journee-sous-le-signe-de-lemploi-transfrontalier\/\" \/>\n<meta property=\"og:site_name\" content=\"PAMINA Business Club\" \/>\n<meta property=\"article:published_time\" content=\"2014-12-05T13:42:00+00:00\" \/>\n<meta property=\"article:modified_time\" content=\"2015-02-11T15:02:00+00:00\" \/>\n<meta name=\"author\" content=\"Mathilde Lafaye\" \/>\n<meta name=\"twitter:card\" content=\"summary_large_image\" \/>\n<meta name=\"twitter:label1\" content=\"Verfasst von\" \/>\n\t<meta name=\"twitter:data1\" content=\"Mathilde Lafaye\" \/>\n<script type=\"application\/ld+json\" class=\"yoast-schema-graph\">{\"@context\":\"https:\/\/schema.org\",\"@graph\":[{\"@type\":\"WebPage\",\"@id\":\"http:\/\/www.pamina-business.com\/de\/eurodistrict-regio-pamina-une-journee-sous-le-signe-de-lemploi-transfrontalier\/\",\"url\":\"http:\/\/www.pamina-business.com\/de\/eurodistrict-regio-pamina-une-journee-sous-le-signe-de-lemploi-transfrontalier\/\",\"name\":\"Eurodistrict REGIO PAMINA : une journ\u00e9e sous le signe de l'emploi transfrontalier - PAMINA Business Club\",\"isPartOf\":{\"@id\":\"https:\/\/www.pamina-business.com\/de\/#website\"},\"datePublished\":\"2014-12-05T13:42:00+00:00\",\"dateModified\":\"2015-02-11T15:02:00+00:00\",\"author\":{\"@id\":\"https:\/\/www.pamina-business.com\/de\/#\/schema\/person\/184feea9fbad808d50c1eefebdbcd9be\"},\"breadcrumb\":{\"@id\":\"http:\/\/www.pamina-business.com\/de\/eurodistrict-regio-pamina-une-journee-sous-le-signe-de-lemploi-transfrontalier\/#breadcrumb\"},\"inLanguage\":\"de\",\"potentialAction\":[{\"@type\":\"ReadAction\",\"target\":[\"http:\/\/www.pamina-business.com\/de\/eurodistrict-regio-pamina-une-journee-sous-le-signe-de-lemploi-transfrontalier\/\"]}]},{\"@type\":\"BreadcrumbList\",\"@id\":\"http:\/\/www.pamina-business.com\/de\/eurodistrict-regio-pamina-une-journee-sous-le-signe-de-lemploi-transfrontalier\/#breadcrumb\",\"itemListElement\":[{\"@type\":\"ListItem\",\"position\":1,\"name\":\"Accueil\",\"item\":\"https:\/\/www.pamina-business.com\/de\/\"},{\"@type\":\"ListItem\",\"position\":2,\"name\":\"Eurodistrict REGIO PAMINA : une journ\u00e9e sous le signe de l&#8217;emploi transfrontalier\"}]},{\"@type\":\"WebSite\",\"@id\":\"https:\/\/www.pamina-business.com\/de\/#website\",\"url\":\"https:\/\/www.pamina-business.com\/de\/\",\"name\":\"PAMINA Business Club\",\"description\":\"Un site utilisant WordPress\",\"potentialAction\":[{\"@type\":\"SearchAction\",\"target\":{\"@type\":\"EntryPoint\",\"urlTemplate\":\"https:\/\/www.pamina-business.com\/de\/?s={search_term_string}\"},\"query-input\":{\"@type\":\"PropertyValueSpecification\",\"valueRequired\":true,\"valueName\":\"search_term_string\"}}],\"inLanguage\":\"de\"},{\"@type\":\"Person\",\"@id\":\"https:\/\/www.pamina-business.com\/de\/#\/schema\/person\/184feea9fbad808d50c1eefebdbcd9be\",\"name\":\"Mathilde Lafaye\",\"image\":{\"@type\":\"ImageObject\",\"inLanguage\":\"de\",\"@id\":\"https:\/\/www.pamina-business.com\/de\/#\/schema\/person\/image\/\",\"url\":\"https:\/\/secure.gravatar.com\/avatar\/8c9e676580786e01744d1678a355283bc36b914e4f9ee0d99e4ba2f24b738831?s=96&d=mm&r=g\",\"contentUrl\":\"https:\/\/secure.gravatar.com\/avatar\/8c9e676580786e01744d1678a355283bc36b914e4f9ee0d99e4ba2f24b738831?s=96&d=mm&r=g\",\"caption\":\"Mathilde Lafaye\"},\"url\":\"http:\/\/www.pamina-business.com\/de\/author\/mathilde\/\"}]}<\/script>\n<!-- \/ Yoast SEO plugin. -->","yoast_head_json":{"title":"Eurodistrict REGIO PAMINA : une journ\u00e9e sous le signe de l'emploi transfrontalier - PAMINA Business Club","robots":{"index":"index","follow":"follow","max-snippet":"max-snippet:-1","max-image-preview":"max-image-preview:large","max-video-preview":"max-video-preview:-1"},"canonical":"http:\/\/www.pamina-business.com\/de\/eurodistrict-regio-pamina-une-journee-sous-le-signe-de-lemploi-transfrontalier\/","og_locale":"de_DE","og_type":"article","og_title":"Eurodistrict REGIO PAMINA : une journ\u00e9e sous le signe de l'emploi transfrontalier - PAMINA Business Club","og_description":"Le march\u00e9 du travail transfrontalier a \u00e9t\u00e9 le leitmotiv de la manifestation organis\u00e9e jeudi 27 novembre 2014 par l\u2019Eurodistrict REGIO PAMINA et l\u2019entreprise sociale Neue Arbeit \u00e0 Lauterbourg. Environ 60 acteurs fran\u00e7ais et allemands issus du monde politique, de l\u2019administration et de l\u2019\u00e9conomie se sont retrouv\u00e9s pour \u00e9changer autour de deux tables-rondes sur ce sujet. [&hellip;]","og_url":"http:\/\/www.pamina-business.com\/de\/eurodistrict-regio-pamina-une-journee-sous-le-signe-de-lemploi-transfrontalier\/","og_site_name":"PAMINA Business Club","article_published_time":"2014-12-05T13:42:00+00:00","article_modified_time":"2015-02-11T15:02:00+00:00","author":"Mathilde Lafaye","twitter_card":"summary_large_image","twitter_misc":{"Verfasst von":"Mathilde Lafaye"},"schema":{"@context":"https:\/\/schema.org","@graph":[{"@type":"WebPage","@id":"http:\/\/www.pamina-business.com\/de\/eurodistrict-regio-pamina-une-journee-sous-le-signe-de-lemploi-transfrontalier\/","url":"http:\/\/www.pamina-business.com\/de\/eurodistrict-regio-pamina-une-journee-sous-le-signe-de-lemploi-transfrontalier\/","name":"Eurodistrict REGIO PAMINA : une journ\u00e9e sous le signe de l'emploi transfrontalier - PAMINA Business Club","isPartOf":{"@id":"https:\/\/www.pamina-business.com\/de\/#website"},"datePublished":"2014-12-05T13:42:00+00:00","dateModified":"2015-02-11T15:02:00+00:00","author":{"@id":"https:\/\/www.pamina-business.com\/de\/#\/schema\/person\/184feea9fbad808d50c1eefebdbcd9be"},"breadcrumb":{"@id":"http:\/\/www.pamina-business.com\/de\/eurodistrict-regio-pamina-une-journee-sous-le-signe-de-lemploi-transfrontalier\/#breadcrumb"},"inLanguage":"de","potentialAction":[{"@type":"ReadAction","target":["http:\/\/www.pamina-business.com\/de\/eurodistrict-regio-pamina-une-journee-sous-le-signe-de-lemploi-transfrontalier\/"]}]},{"@type":"BreadcrumbList","@id":"http:\/\/www.pamina-business.com\/de\/eurodistrict-regio-pamina-une-journee-sous-le-signe-de-lemploi-transfrontalier\/#breadcrumb","itemListElement":[{"@type":"ListItem","position":1,"name":"Accueil","item":"https:\/\/www.pamina-business.com\/de\/"},{"@type":"ListItem","position":2,"name":"Eurodistrict REGIO PAMINA : une journ\u00e9e sous le signe de l&#8217;emploi transfrontalier"}]},{"@type":"WebSite","@id":"https:\/\/www.pamina-business.com\/de\/#website","url":"https:\/\/www.pamina-business.com\/de\/","name":"PAMINA Business Club","description":"Un site utilisant WordPress","potentialAction":[{"@type":"SearchAction","target":{"@type":"EntryPoint","urlTemplate":"https:\/\/www.pamina-business.com\/de\/?s={search_term_string}"},"query-input":{"@type":"PropertyValueSpecification","valueRequired":true,"valueName":"search_term_string"}}],"inLanguage":"de"},{"@type":"Person","@id":"https:\/\/www.pamina-business.com\/de\/#\/schema\/person\/184feea9fbad808d50c1eefebdbcd9be","name":"Mathilde Lafaye","image":{"@type":"ImageObject","inLanguage":"de","@id":"https:\/\/www.pamina-business.com\/de\/#\/schema\/person\/image\/","url":"https:\/\/secure.gravatar.com\/avatar\/8c9e676580786e01744d1678a355283bc36b914e4f9ee0d99e4ba2f24b738831?s=96&d=mm&r=g","contentUrl":"https:\/\/secure.gravatar.com\/avatar\/8c9e676580786e01744d1678a355283bc36b914e4f9ee0d99e4ba2f24b738831?s=96&d=mm&r=g","caption":"Mathilde Lafaye"},"url":"http:\/\/www.pamina-business.com\/de\/author\/mathilde\/"}]}},"_links":{"self":[{"href":"http:\/\/www.pamina-business.com\/de\/wp-json\/wp\/v2\/posts\/172","targetHints":{"allow":["GET"]}}],"collection":[{"href":"http:\/\/www.pamina-business.com\/de\/wp-json\/wp\/v2\/posts"}],"about":[{"href":"http:\/\/www.pamina-business.com\/de\/wp-json\/wp\/v2\/types\/post"}],"author":[{"embeddable":true,"href":"http:\/\/www.pamina-business.com\/de\/wp-json\/wp\/v2\/users\/2"}],"replies":[{"embeddable":true,"href":"http:\/\/www.pamina-business.com\/de\/wp-json\/wp\/v2\/comments?post=172"}],"version-history":[{"count":1,"href":"http:\/\/www.pamina-business.com\/de\/wp-json\/wp\/v2\/posts\/172\/revisions"}],"predecessor-version":[{"id":173,"href":"http:\/\/www.pamina-business.com\/de\/wp-json\/wp\/v2\/posts\/172\/revisions\/173"}],"wp:attachment":[{"href":"http:\/\/www.pamina-business.com\/de\/wp-json\/wp\/v2\/media?parent=172"}],"wp:term":[{"taxonomy":"category","embeddable":true,"href":"http:\/\/www.pamina-business.com\/de\/wp-json\/wp\/v2\/categories?post=172"},{"taxonomy":"post_tag","embeddable":true,"href":"http:\/\/www.pamina-business.com\/de\/wp-json\/wp\/v2\/tags?post=172"}],"curies":[{"name":"wp","href":"https:\/\/api.w.org\/{rel}","templated":true}]}}