{"id":1680,"date":"2016-06-30T14:17:36","date_gmt":"2016-06-30T14:17:36","guid":{"rendered":"http:\/\/www.pamina-business.com\/?p=1680"},"modified":"2016-06-28T13:15:32","modified_gmt":"2016-06-28T13:15:32","slug":"sew-usocome-a-brumath-labellisee-usine-du-futur","status":"publish","type":"post","link":"http:\/\/www.pamina-business.com\/de\/sew-usocome-a-brumath-labellisee-usine-du-futur\/","title":{"rendered":"SEW USOCOME A BRUMATH LABELLISEE USINE DU FUTUR"},"content":{"rendered":"<div class=\"line multicolumn\">\n<div class=\"content-main unit size3of4 size1of1-bp40\">\n<div class=\"intro-text\">\n<p>L\u2019Alliance Industrie du Futur, association d\u2019organisations professionnelles ayant pour but de f\u00e9d\u00e9rer, d\u2019acc\u00e9l\u00e9rer et de transformer l\u2019industrie fran\u00e7aise, s\u2019est r\u00e9unie en comit\u00e9 de pilotage le 1er Avril 2016 sous la coupe d\u2019Emmanuel MACRON afin de pr\u00e9senter ses r\u00e9sultats.<\/p>\n<\/div>\n<article class=\"mod mod-content\" data-composer-template=\"content\">\n<div class=\"bd\">\n<figure class=\"imagefloat size1of2 size1of1-bp20\"><img decoding=\"async\" title=\"AGV usine de Brumath\" src=\"https:\/\/www.usocome.com\/media\/sew_usocome\/actualite\/2016\/agv_bis_390x220.jpg\" alt=\"AGV usine de Brumath\" data-bp0=\"https:\/\/www.usocome.com\/media\/sew_usocome\/actualite\/2016\/agv_bis_459x259.jpg, https:\/\/www.usocome.com\/media\/sew_usocome\/actualite\/2016\/agv_bis_459x259_2x.jpg\" data-bp10=\"https:\/\/www.usocome.com\/media\/sew_usocome\/actualite\/2016\/agv_bis_579x326.jpg, https:\/\/www.usocome.com\/media\/sew_usocome\/actualite\/2016\/agv_bis_579x326_2x.jpg\" data-bp20=\"https:\/\/www.usocome.com\/media\/sew_usocome\/actualite\/2016\/agv_bis_354x200.jpg, https:\/\/www.usocome.com\/media\/sew_usocome\/actualite\/2016\/agv_bis_354x200_2x.jpg\" data-bp30=\"https:\/\/www.usocome.com\/media\/sew_usocome\/actualite\/2016\/agv_bis_438x247.jpg, https:\/\/www.usocome.com\/media\/sew_usocome\/actualite\/2016\/agv_bis_438x247_2x.jpg\" data-bp40=\"https:\/\/www.usocome.com\/media\/sew_usocome\/actualite\/2016\/agv_bis_324x183.jpg, https:\/\/www.usocome.com\/media\/sew_usocome\/actualite\/2016\/agv_bis_324x183_2x.jpg\" data-bp50=\"https:\/\/www.usocome.com\/media\/sew_usocome\/actualite\/2016\/agv_bis_390x220.jpg, https:\/\/www.usocome.com\/media\/sew_usocome\/actualite\/2016\/agv_bis_390x220_2x.jpg\" \/><\/figure>\n<p>L\u2019Alliance Industrie du Futur, association d\u2019organisations professionnelles ayant pour but de f\u00e9d\u00e9rer, d\u2019acc\u00e9l\u00e9rer et de transformer l\u2019industrie fran\u00e7aise, s\u2019est r\u00e9unie en comit\u00e9 de pilotage le 1er Avril 2016 sous la coupe d\u2019Emmanuel MACRON afin de pr\u00e9senter ses r\u00e9sultats.<\/p>\n<p>A cette occasion, elle a labellis\u00e9 deux nouvelles vitrines de l\u2019Industrie du futur, dont SEW-USOCOME pour le site de Brumath, dans le cadre des \u00ab vitrines avec un contenu franco-allemand \u00bb.<\/p>\n<p>En effet, gr\u00e2ce aux phases du processus d\u2019assemblage d\u00e9velopp\u00e9 dans l\u2019usine de Brumath nous refl\u00e9tons d\u00e9sormais une excellence industrielle. Cette excellence tient en deux mots : l\u2019optimisation des trajets et des communications pour acc\u00e9l\u00e9rer les flux. De par notre approche enti\u00e8rement in\u00e9dite du montage des motor\u00e9ducteurs qui place l\u2019homme et ses savoir-faire au centre de la d\u00e9marche, gr\u00e2ce aux solutions technologiques que nous avons mises en \u0153uvre, nous pr\u00e9figurons les processus de production de demain.<\/p>\n<p>Nous sommes particuli\u00e8rement fiers de ce nouveau label et tenons \u00e0 remercier tous nos collaborateurs pour ce succ\u00e8s.<\/p>\n<p>Il nous permettra, plus que jamais, de poursuivre notre but qui est d\u2019\u00eatre \u00ab tous moteurs de notre croissance pour grandir ensemble en France \u00bb.<\/p>\n<\/div>\n<\/article>\n<\/div>\n<div class=\"content-main unit size1of4 size1of1-bp40\">\n<article class=\"mod mod-teaser skin-teaser-border\" data-composer-template=\"teaser-contact-wide\" data-connectors=\"interaction\">\n<h1 class=\"hd leading h6\"><em>Source<\/em><strong> : <a href=\"http:\/\/ww.usocome.com\" target=\"_blank\">www.usocome.com<\/a><\/strong><\/h1>\n<div class=\"inner block-object\">\n<div class=\"bd\">\n<h2 class=\"hd h3b\"><strong><em>Contact<\/em>\u00a0 : SEW-USOCOME <a title=\"&#x73;&#x65;&#x77;&#x40;&#x75;&#x73;&#x6f;&#x63;&#x6f;&#x6d;&#x65;&#46;&#99;&#111;&#109;\" href=\"&#109;&#97;&#x69;&#x6c;&#116;&#111;&#x3a;&#x73;&#101;&#119;&#x40;&#x75;&#115;&#111;&#x63;&#x6f;&#109;&#101;&#x2e;&#x63;&#111;&#109;\" target=\"_blank\">sew&#64;&#117;&#115;&#111;&#x63;&#x6f;&#x6d;&#x65;&#x2e;&#x63;&#x6f;m<\/a><\/strong><\/h2>\n<\/div>\n<\/div>\n<\/article>\n<\/div>\n<\/div>\n","protected":false},"excerpt":{"rendered":"<p>L\u2019Alliance Industrie du Futur, association d\u2019organisations professionnelles ayant pour but de f\u00e9d\u00e9rer, d\u2019acc\u00e9l\u00e9rer et de transformer l\u2019industrie fran\u00e7aise, s\u2019est r\u00e9unie en comit\u00e9 de pilotage le 1er Avril 2016 sous la coupe d\u2019Emmanuel MACRON afin de pr\u00e9senter ses r\u00e9sultats. L\u2019Alliance Industrie du Futur, association d\u2019organisations professionnelles ayant pour but de f\u00e9d\u00e9rer, d\u2019acc\u00e9l\u00e9rer et de transformer l\u2019industrie [&hellip;]<\/p>\n","protected":false},"author":3,"featured_media":0,"comment_status":"open","ping_status":"open","sticky":false,"template":"","format":"standard","meta":{"_exactmetrics_skip_tracking":false,"_exactmetrics_sitenote_active":false,"_exactmetrics_sitenote_note":"","_exactmetrics_sitenote_category":0,"footnotes":""},"categories":[7,53],"tags":[],"class_list":["post-1680","post","type-post","status-publish","format-standard","hentry","category-evenements-fr","category-innovation-fr"],"yoast_head":"<!-- This site is optimized with the Yoast SEO plugin v23.5 - https:\/\/yoast.com\/wordpress\/plugins\/seo\/ -->\n<title>SEW USOCOME A BRUMATH LABELLISEE USINE DU FUTUR - PAMINA Business Club<\/title>\n<meta name=\"robots\" content=\"index, follow, max-snippet:-1, max-image-preview:large, max-video-preview:-1\" \/>\n<link rel=\"canonical\" href=\"http:\/\/www.pamina-business.com\/de\/sew-usocome-a-brumath-labellisee-usine-du-futur\/\" \/>\n<meta property=\"og:locale\" content=\"de_DE\" \/>\n<meta property=\"og:type\" content=\"article\" \/>\n<meta property=\"og:title\" content=\"SEW USOCOME A BRUMATH LABELLISEE USINE DU FUTUR - PAMINA Business Club\" \/>\n<meta property=\"og:description\" content=\"L\u2019Alliance Industrie du Futur, association d\u2019organisations professionnelles ayant pour but de f\u00e9d\u00e9rer, d\u2019acc\u00e9l\u00e9rer et de transformer l\u2019industrie fran\u00e7aise, s\u2019est r\u00e9unie en comit\u00e9 de pilotage le 1er Avril 2016 sous la coupe d\u2019Emmanuel MACRON afin de pr\u00e9senter ses r\u00e9sultats. L\u2019Alliance Industrie du Futur, association d\u2019organisations professionnelles ayant pour but de f\u00e9d\u00e9rer, d\u2019acc\u00e9l\u00e9rer et de transformer l\u2019industrie [&hellip;]\" \/>\n<meta property=\"og:url\" content=\"http:\/\/www.pamina-business.com\/de\/sew-usocome-a-brumath-labellisee-usine-du-futur\/\" \/>\n<meta property=\"og:site_name\" content=\"PAMINA Business Club\" \/>\n<meta property=\"article:published_time\" content=\"2016-06-30T14:17:36+00:00\" \/>\n<meta property=\"article:modified_time\" content=\"2016-06-28T13:15:32+00:00\" \/>\n<meta property=\"og:image\" content=\"https:\/\/www.usocome.com\/media\/sew_usocome\/actualite\/2016\/agv_bis_390x220.jpg\" \/>\n<meta name=\"author\" content=\"Monique STUTZMANN\" \/>\n<meta name=\"twitter:card\" content=\"summary_large_image\" \/>\n<meta name=\"twitter:label1\" content=\"Verfasst von\" \/>\n\t<meta name=\"twitter:data1\" content=\"Monique STUTZMANN\" \/>\n\t<meta name=\"twitter:label2\" content=\"Gesch\u00e4tzte Lesezeit\" \/>\n\t<meta name=\"twitter:data2\" content=\"1\u00a0Minute\" \/>\n<script type=\"application\/ld+json\" class=\"yoast-schema-graph\">{\"@context\":\"https:\/\/schema.org\",\"@graph\":[{\"@type\":\"WebPage\",\"@id\":\"http:\/\/www.pamina-business.com\/de\/sew-usocome-a-brumath-labellisee-usine-du-futur\/\",\"url\":\"http:\/\/www.pamina-business.com\/de\/sew-usocome-a-brumath-labellisee-usine-du-futur\/\",\"name\":\"SEW USOCOME A BRUMATH LABELLISEE USINE DU FUTUR - PAMINA Business Club\",\"isPartOf\":{\"@id\":\"http:\/\/www.pamina-business.com\/de\/#website\"},\"primaryImageOfPage\":{\"@id\":\"http:\/\/www.pamina-business.com\/de\/sew-usocome-a-brumath-labellisee-usine-du-futur\/#primaryimage\"},\"image\":{\"@id\":\"http:\/\/www.pamina-business.com\/de\/sew-usocome-a-brumath-labellisee-usine-du-futur\/#primaryimage\"},\"thumbnailUrl\":\"https:\/\/www.usocome.com\/media\/sew_usocome\/actualite\/2016\/agv_bis_390x220.jpg\",\"datePublished\":\"2016-06-30T14:17:36+00:00\",\"dateModified\":\"2016-06-28T13:15:32+00:00\",\"author\":{\"@id\":\"http:\/\/www.pamina-business.com\/de\/#\/schema\/person\/9ab02536dbdbc5e3ef40bbc3452c8c69\"},\"breadcrumb\":{\"@id\":\"http:\/\/www.pamina-business.com\/de\/sew-usocome-a-brumath-labellisee-usine-du-futur\/#breadcrumb\"},\"inLanguage\":\"de\",\"potentialAction\":[{\"@type\":\"ReadAction\",\"target\":[\"http:\/\/www.pamina-business.com\/de\/sew-usocome-a-brumath-labellisee-usine-du-futur\/\"]}]},{\"@type\":\"ImageObject\",\"inLanguage\":\"de\",\"@id\":\"http:\/\/www.pamina-business.com\/de\/sew-usocome-a-brumath-labellisee-usine-du-futur\/#primaryimage\",\"url\":\"https:\/\/www.usocome.com\/media\/sew_usocome\/actualite\/2016\/agv_bis_390x220.jpg\",\"contentUrl\":\"https:\/\/www.usocome.com\/media\/sew_usocome\/actualite\/2016\/agv_bis_390x220.jpg\"},{\"@type\":\"BreadcrumbList\",\"@id\":\"http:\/\/www.pamina-business.com\/de\/sew-usocome-a-brumath-labellisee-usine-du-futur\/#breadcrumb\",\"itemListElement\":[{\"@type\":\"ListItem\",\"position\":1,\"name\":\"Accueil\",\"item\":\"http:\/\/www.pamina-business.com\/de\/\"},{\"@type\":\"ListItem\",\"position\":2,\"name\":\"SEW USOCOME A BRUMATH LABELLISEE USINE DU FUTUR\"}]},{\"@type\":\"WebSite\",\"@id\":\"http:\/\/www.pamina-business.com\/de\/#website\",\"url\":\"http:\/\/www.pamina-business.com\/de\/\",\"name\":\"PAMINA Business Club\",\"description\":\"Un site utilisant WordPress\",\"potentialAction\":[{\"@type\":\"SearchAction\",\"target\":{\"@type\":\"EntryPoint\",\"urlTemplate\":\"http:\/\/www.pamina-business.com\/de\/?s={search_term_string}\"},\"query-input\":{\"@type\":\"PropertyValueSpecification\",\"valueRequired\":true,\"valueName\":\"search_term_string\"}}],\"inLanguage\":\"de\"},{\"@type\":\"Person\",\"@id\":\"http:\/\/www.pamina-business.com\/de\/#\/schema\/person\/9ab02536dbdbc5e3ef40bbc3452c8c69\",\"name\":\"Monique STUTZMANN\",\"image\":{\"@type\":\"ImageObject\",\"inLanguage\":\"de\",\"@id\":\"http:\/\/www.pamina-business.com\/de\/#\/schema\/person\/image\/\",\"url\":\"https:\/\/secure.gravatar.com\/avatar\/cc1c3adf9a9f6e969d3da7b6b34ec66f5f4a6844dfc9145380a75e42cd91882e?s=96&d=mm&r=g\",\"contentUrl\":\"https:\/\/secure.gravatar.com\/avatar\/cc1c3adf9a9f6e969d3da7b6b34ec66f5f4a6844dfc9145380a75e42cd91882e?s=96&d=mm&r=g\",\"caption\":\"Monique STUTZMANN\"},\"url\":\"http:\/\/www.pamina-business.com\/de\/author\/monique\/\"}]}<\/script>\n<!-- \/ Yoast SEO plugin. -->","yoast_head_json":{"title":"SEW USOCOME A BRUMATH LABELLISEE USINE DU FUTUR - PAMINA Business Club","robots":{"index":"index","follow":"follow","max-snippet":"max-snippet:-1","max-image-preview":"max-image-preview:large","max-video-preview":"max-video-preview:-1"},"canonical":"http:\/\/www.pamina-business.com\/de\/sew-usocome-a-brumath-labellisee-usine-du-futur\/","og_locale":"de_DE","og_type":"article","og_title":"SEW USOCOME A BRUMATH LABELLISEE USINE DU FUTUR - PAMINA Business Club","og_description":"L\u2019Alliance Industrie du Futur, association d\u2019organisations professionnelles ayant pour but de f\u00e9d\u00e9rer, d\u2019acc\u00e9l\u00e9rer et de transformer l\u2019industrie fran\u00e7aise, s\u2019est r\u00e9unie en comit\u00e9 de pilotage le 1er Avril 2016 sous la coupe d\u2019Emmanuel MACRON afin de pr\u00e9senter ses r\u00e9sultats. L\u2019Alliance Industrie du Futur, association d\u2019organisations professionnelles ayant pour but de f\u00e9d\u00e9rer, d\u2019acc\u00e9l\u00e9rer et de transformer l\u2019industrie [&hellip;]","og_url":"http:\/\/www.pamina-business.com\/de\/sew-usocome-a-brumath-labellisee-usine-du-futur\/","og_site_name":"PAMINA Business Club","article_published_time":"2016-06-30T14:17:36+00:00","article_modified_time":"2016-06-28T13:15:32+00:00","og_image":[{"url":"https:\/\/www.usocome.com\/media\/sew_usocome\/actualite\/2016\/agv_bis_390x220.jpg"}],"author":"Monique STUTZMANN","twitter_card":"summary_large_image","twitter_misc":{"Verfasst von":"Monique STUTZMANN","Gesch\u00e4tzte Lesezeit":"1\u00a0Minute"},"schema":{"@context":"https:\/\/schema.org","@graph":[{"@type":"WebPage","@id":"http:\/\/www.pamina-business.com\/de\/sew-usocome-a-brumath-labellisee-usine-du-futur\/","url":"http:\/\/www.pamina-business.com\/de\/sew-usocome-a-brumath-labellisee-usine-du-futur\/","name":"SEW USOCOME A BRUMATH LABELLISEE USINE DU FUTUR - PAMINA Business Club","isPartOf":{"@id":"http:\/\/www.pamina-business.com\/de\/#website"},"primaryImageOfPage":{"@id":"http:\/\/www.pamina-business.com\/de\/sew-usocome-a-brumath-labellisee-usine-du-futur\/#primaryimage"},"image":{"@id":"http:\/\/www.pamina-business.com\/de\/sew-usocome-a-brumath-labellisee-usine-du-futur\/#primaryimage"},"thumbnailUrl":"https:\/\/www.usocome.com\/media\/sew_usocome\/actualite\/2016\/agv_bis_390x220.jpg","datePublished":"2016-06-30T14:17:36+00:00","dateModified":"2016-06-28T13:15:32+00:00","author":{"@id":"http:\/\/www.pamina-business.com\/de\/#\/schema\/person\/9ab02536dbdbc5e3ef40bbc3452c8c69"},"breadcrumb":{"@id":"http:\/\/www.pamina-business.com\/de\/sew-usocome-a-brumath-labellisee-usine-du-futur\/#breadcrumb"},"inLanguage":"de","potentialAction":[{"@type":"ReadAction","target":["http:\/\/www.pamina-business.com\/de\/sew-usocome-a-brumath-labellisee-usine-du-futur\/"]}]},{"@type":"ImageObject","inLanguage":"de","@id":"http:\/\/www.pamina-business.com\/de\/sew-usocome-a-brumath-labellisee-usine-du-futur\/#primaryimage","url":"https:\/\/www.usocome.com\/media\/sew_usocome\/actualite\/2016\/agv_bis_390x220.jpg","contentUrl":"https:\/\/www.usocome.com\/media\/sew_usocome\/actualite\/2016\/agv_bis_390x220.jpg"},{"@type":"BreadcrumbList","@id":"http:\/\/www.pamina-business.com\/de\/sew-usocome-a-brumath-labellisee-usine-du-futur\/#breadcrumb","itemListElement":[{"@type":"ListItem","position":1,"name":"Accueil","item":"http:\/\/www.pamina-business.com\/de\/"},{"@type":"ListItem","position":2,"name":"SEW USOCOME A BRUMATH LABELLISEE USINE DU FUTUR"}]},{"@type":"WebSite","@id":"http:\/\/www.pamina-business.com\/de\/#website","url":"http:\/\/www.pamina-business.com\/de\/","name":"PAMINA Business Club","description":"Un site utilisant WordPress","potentialAction":[{"@type":"SearchAction","target":{"@type":"EntryPoint","urlTemplate":"http:\/\/www.pamina-business.com\/de\/?s={search_term_string}"},"query-input":{"@type":"PropertyValueSpecification","valueRequired":true,"valueName":"search_term_string"}}],"inLanguage":"de"},{"@type":"Person","@id":"http:\/\/www.pamina-business.com\/de\/#\/schema\/person\/9ab02536dbdbc5e3ef40bbc3452c8c69","name":"Monique STUTZMANN","image":{"@type":"ImageObject","inLanguage":"de","@id":"http:\/\/www.pamina-business.com\/de\/#\/schema\/person\/image\/","url":"https:\/\/secure.gravatar.com\/avatar\/cc1c3adf9a9f6e969d3da7b6b34ec66f5f4a6844dfc9145380a75e42cd91882e?s=96&d=mm&r=g","contentUrl":"https:\/\/secure.gravatar.com\/avatar\/cc1c3adf9a9f6e969d3da7b6b34ec66f5f4a6844dfc9145380a75e42cd91882e?s=96&d=mm&r=g","caption":"Monique STUTZMANN"},"url":"http:\/\/www.pamina-business.com\/de\/author\/monique\/"}]}},"_links":{"self":[{"href":"http:\/\/www.pamina-business.com\/de\/wp-json\/wp\/v2\/posts\/1680","targetHints":{"allow":["GET"]}}],"collection":[{"href":"http:\/\/www.pamina-business.com\/de\/wp-json\/wp\/v2\/posts"}],"about":[{"href":"http:\/\/www.pamina-business.com\/de\/wp-json\/wp\/v2\/types\/post"}],"author":[{"embeddable":true,"href":"http:\/\/www.pamina-business.com\/de\/wp-json\/wp\/v2\/users\/3"}],"replies":[{"embeddable":true,"href":"http:\/\/www.pamina-business.com\/de\/wp-json\/wp\/v2\/comments?post=1680"}],"version-history":[{"count":1,"href":"http:\/\/www.pamina-business.com\/de\/wp-json\/wp\/v2\/posts\/1680\/revisions"}],"predecessor-version":[{"id":1681,"href":"http:\/\/www.pamina-business.com\/de\/wp-json\/wp\/v2\/posts\/1680\/revisions\/1681"}],"wp:attachment":[{"href":"http:\/\/www.pamina-business.com\/de\/wp-json\/wp\/v2\/media?parent=1680"}],"wp:term":[{"taxonomy":"category","embeddable":true,"href":"http:\/\/www.pamina-business.com\/de\/wp-json\/wp\/v2\/categories?post=1680"},{"taxonomy":"post_tag","embeddable":true,"href":"http:\/\/www.pamina-business.com\/de\/wp-json\/wp\/v2\/tags?post=1680"}],"curies":[{"name":"wp","href":"https:\/\/api.w.org\/{rel}","templated":true}]}}