{"id":1213,"date":"2015-12-21T08:19:42","date_gmt":"2015-12-21T08:19:42","guid":{"rendered":"http:\/\/www.pamina-business.com\/?p=1213"},"modified":"2015-12-15T08:51:58","modified_gmt":"2015-12-15T08:51:58","slug":"leurodistrict-pamina-devient-un-groupement-europeen","status":"publish","type":"post","link":"http:\/\/www.pamina-business.com\/de\/leurodistrict-pamina-devient-un-groupement-europeen\/","title":{"rendered":"L&#8217;EURODISTRICT PAMINA devient un groupement europ\u00e9en."},"content":{"rendered":"<p><strong>L\u2018Eurodistrict PAMINA en passe de devenir un groupement europ\u00e9en (GECT)<\/strong><\/p>\n<p><a href=\"http:\/\/www.pamina-business.com\/wp-content\/uploads\/2015\/12\/groupement-europeen.jpg\"><img loading=\"lazy\" decoding=\"async\" class=\"alignnone size-full wp-image-1227\" src=\"http:\/\/www.pamina-business.com\/wp-content\/uploads\/2015\/12\/groupement-europeen.jpg\" alt=\"groupement europeen\" width=\"133\" height=\"100\" \/><\/a><\/p>\n<p>Sous la pr\u00e9sidence de Fritz Brechtel, Landrat de Germersheim, le Conseil de l\u2019Eurodistrict PAMINA a approuv\u00e9, lors de sa s\u00e9ance du 2 d\u00e9cembre 2015, la convention et les statuts du futur groupement europ\u00e9en de coop\u00e9ration territoriale (GECT).<br \/>\nLes 15 collectivit\u00e9s membres doivent encore formellement approuver leur adh\u00e9sion et les instances du contr\u00f4le de l\u00e9galit\u00e9 en Allemagne et du c\u00f4t\u00e9 fran\u00e7ais devront valider la d\u00e9marche. L\u2019Eurodistrict PAMINA rejoindra ainsi les autres 50 GECT existants au niveau europ\u00e9en lui permettant de consolider ces r\u00e9seaux et ses activit\u00e9s europ\u00e9ennes.<\/p>\n<p>Les repr\u00e9sentants ont \u00e9galement \u00e9chang\u00e9 les informations sur les conditions d\u2019accueil des r\u00e9fugi\u00e9s dans les trois territoires. Les pr\u00e9sentations ont montr\u00e9, sans surprise, que le c\u00f4t\u00e9 allemand est beaucoup plus concern\u00e9 que le c\u00f4t\u00e9 fran\u00e7ais et qu\u2019il s\u2019agit d\u2019un d\u00e9fi consid\u00e9rable pour les prochains mois. L\u2019urgence se situe dans la capacit\u00e9 d\u2019accueil au niveau des offres d\u2019h\u00e9bergement o\u00f9 on atteint de degr\u00e9 de saturation maximum. Selon Fritz Brechtel il s\u2019agit du d\u00e9fi du si\u00e8cle. Les \u00e9lus allemands ont tout particuli\u00e8rement mis en avant le travail b\u00e9n\u00e9vole et l\u2019engagement de la soci\u00e9t\u00e9 civile. Le pr\u00e9sident a appel\u00e9 l\u2019Union europ\u00e9enne \u00e0 mieux se coordonner et se pr\u00e9occuper du sort des r\u00e9fugi\u00e9s.<\/p>\n<p>Au niveau du programme INTERREG Rhin sup\u00e9rieur, le pr\u00e9sident a pr\u00e9sent\u00e9 le projet du march\u00e9 du travail transfrontalier destin\u00e9 \u00e0 la remise \u00e0 l\u2019emploi des ch\u00f4meurs de plus de 45 ans, \u00e0 la sensibilisation aux m\u00e9tiers d\u2019aides \u00e0 la personne ainsi qu\u2019\u00e0 la promotion de l\u2019enseignement scientifique et des d\u00e9bouch\u00e9s qui en d\u00e9coulent. Fritz Brechtel a \u00e9galement propos\u00e9 d\u2019\u00e9largir le projet INTERREG relatif \u00e0 l\u2019installation d\u2019un syst\u00e8me d\u2019information et de guidage pour les bacs rh\u00e9nans, port\u00e9 par le d\u00e9partement du Bas-Rhin, aux deux bacs de Neuburg et Leimersheim.<\/p>\n<p>Tous les repr\u00e9sentants ont vivement remerci\u00e9 Monsieur Schlimmer pour son engagement tout au long des huit ann\u00e9es de pr\u00e9sence \u00e0 l\u2019Eurodistrict en tant que maire de la ville de Landau, son mandat s\u2019arr\u00eatant en fin d\u2019ann\u00e9e et l\u2019int\u00e9ress\u00e9 prenant une retraite politique m\u00e9rit\u00e9e.<\/p>\n<p><em>Source :<\/em> <a href=\"http:\/\/www.eurodistrict-pamina.eu%20\" target=\"_blank\">www.eurodistrict-pamina.eu <\/a><\/p>\n<p><em>Contact<\/em> :<\/p>\n","protected":false},"excerpt":{"rendered":"<p>L\u2018Eurodistrict PAMINA en passe de devenir un groupement europ\u00e9en (GECT) Sous la pr\u00e9sidence de Fritz Brechtel, Landrat de Germersheim, le Conseil de l\u2019Eurodistrict PAMINA a approuv\u00e9, lors de sa s\u00e9ance du 2 d\u00e9cembre 2015, la convention et les statuts du futur groupement europ\u00e9en de coop\u00e9ration territoriale (GECT). Les 15 collectivit\u00e9s membres doivent encore formellement approuver [&hellip;]<\/p>\n","protected":false},"author":3,"featured_media":0,"comment_status":"open","ping_status":"open","sticky":false,"template":"","format":"standard","meta":{"_exactmetrics_skip_tracking":false,"_exactmetrics_sitenote_active":false,"_exactmetrics_sitenote_note":"","_exactmetrics_sitenote_category":0,"footnotes":""},"categories":[7],"tags":[],"class_list":["post-1213","post","type-post","status-publish","format-standard","hentry","category-evenements-fr"],"yoast_head":"<!-- This site is optimized with the Yoast SEO plugin v23.5 - https:\/\/yoast.com\/wordpress\/plugins\/seo\/ -->\n<title>L&#039;EURODISTRICT PAMINA devient un groupement europ\u00e9en. - PAMINA Business Club<\/title>\n<meta name=\"robots\" content=\"index, follow, max-snippet:-1, max-image-preview:large, max-video-preview:-1\" \/>\n<link rel=\"canonical\" href=\"http:\/\/www.pamina-business.com\/leurodistrict-pamina-devient-un-groupement-europeen\/\" \/>\n<meta property=\"og:locale\" content=\"de_DE\" \/>\n<meta property=\"og:type\" content=\"article\" \/>\n<meta property=\"og:title\" content=\"L&#039;EURODISTRICT PAMINA devient un groupement europ\u00e9en. - PAMINA Business Club\" \/>\n<meta property=\"og:description\" content=\"L\u2018Eurodistrict PAMINA en passe de devenir un groupement europ\u00e9en (GECT) Sous la pr\u00e9sidence de Fritz Brechtel, Landrat de Germersheim, le Conseil de l\u2019Eurodistrict PAMINA a approuv\u00e9, lors de sa s\u00e9ance du 2 d\u00e9cembre 2015, la convention et les statuts du futur groupement europ\u00e9en de coop\u00e9ration territoriale (GECT). Les 15 collectivit\u00e9s membres doivent encore formellement approuver [&hellip;]\" \/>\n<meta property=\"og:url\" content=\"http:\/\/www.pamina-business.com\/leurodistrict-pamina-devient-un-groupement-europeen\/\" \/>\n<meta property=\"og:site_name\" content=\"PAMINA Business Club\" \/>\n<meta property=\"article:published_time\" content=\"2015-12-21T08:19:42+00:00\" \/>\n<meta property=\"article:modified_time\" content=\"2015-12-15T08:51:58+00:00\" \/>\n<meta property=\"og:image\" content=\"http:\/\/www.pamina-business.com\/wp-content\/uploads\/2015\/12\/groupement-europeen.jpg\" \/>\n<meta name=\"author\" content=\"Monique STUTZMANN\" \/>\n<meta name=\"twitter:card\" content=\"summary_large_image\" \/>\n<meta name=\"twitter:label1\" content=\"Verfasst von\" \/>\n\t<meta name=\"twitter:data1\" content=\"Monique STUTZMANN\" \/>\n\t<meta name=\"twitter:label2\" content=\"Gesch\u00e4tzte Lesezeit\" \/>\n\t<meta name=\"twitter:data2\" content=\"2\u00a0Minuten\" \/>\n<script type=\"application\/ld+json\" class=\"yoast-schema-graph\">{\"@context\":\"https:\/\/schema.org\",\"@graph\":[{\"@type\":\"WebPage\",\"@id\":\"http:\/\/www.pamina-business.com\/leurodistrict-pamina-devient-un-groupement-europeen\/\",\"url\":\"http:\/\/www.pamina-business.com\/leurodistrict-pamina-devient-un-groupement-europeen\/\",\"name\":\"L'EURODISTRICT PAMINA devient un groupement europ\u00e9en. - PAMINA Business Club\",\"isPartOf\":{\"@id\":\"http:\/\/www.pamina-business.com\/de\/#website\"},\"primaryImageOfPage\":{\"@id\":\"http:\/\/www.pamina-business.com\/leurodistrict-pamina-devient-un-groupement-europeen\/#primaryimage\"},\"image\":{\"@id\":\"http:\/\/www.pamina-business.com\/leurodistrict-pamina-devient-un-groupement-europeen\/#primaryimage\"},\"thumbnailUrl\":\"http:\/\/www.pamina-business.com\/wp-content\/uploads\/2015\/12\/groupement-europeen.jpg\",\"datePublished\":\"2015-12-21T08:19:42+00:00\",\"dateModified\":\"2015-12-15T08:51:58+00:00\",\"author\":{\"@id\":\"http:\/\/www.pamina-business.com\/de\/#\/schema\/person\/9ab02536dbdbc5e3ef40bbc3452c8c69\"},\"breadcrumb\":{\"@id\":\"http:\/\/www.pamina-business.com\/leurodistrict-pamina-devient-un-groupement-europeen\/#breadcrumb\"},\"inLanguage\":\"de\",\"potentialAction\":[{\"@type\":\"ReadAction\",\"target\":[\"http:\/\/www.pamina-business.com\/leurodistrict-pamina-devient-un-groupement-europeen\/\"]}]},{\"@type\":\"ImageObject\",\"inLanguage\":\"de\",\"@id\":\"http:\/\/www.pamina-business.com\/leurodistrict-pamina-devient-un-groupement-europeen\/#primaryimage\",\"url\":\"http:\/\/www.pamina-business.com\/wp-content\/uploads\/2015\/12\/groupement-europeen.jpg\",\"contentUrl\":\"http:\/\/www.pamina-business.com\/wp-content\/uploads\/2015\/12\/groupement-europeen.jpg\"},{\"@type\":\"BreadcrumbList\",\"@id\":\"http:\/\/www.pamina-business.com\/leurodistrict-pamina-devient-un-groupement-europeen\/#breadcrumb\",\"itemListElement\":[{\"@type\":\"ListItem\",\"position\":1,\"name\":\"Accueil\",\"item\":\"http:\/\/www.pamina-business.com\/de\/\"},{\"@type\":\"ListItem\",\"position\":2,\"name\":\"L&rsquo;EURODISTRICT PAMINA devient un groupement europ\u00e9en.\"}]},{\"@type\":\"WebSite\",\"@id\":\"http:\/\/www.pamina-business.com\/de\/#website\",\"url\":\"http:\/\/www.pamina-business.com\/de\/\",\"name\":\"PAMINA Business Club\",\"description\":\"Un site utilisant WordPress\",\"potentialAction\":[{\"@type\":\"SearchAction\",\"target\":{\"@type\":\"EntryPoint\",\"urlTemplate\":\"http:\/\/www.pamina-business.com\/de\/?s={search_term_string}\"},\"query-input\":{\"@type\":\"PropertyValueSpecification\",\"valueRequired\":true,\"valueName\":\"search_term_string\"}}],\"inLanguage\":\"de\"},{\"@type\":\"Person\",\"@id\":\"http:\/\/www.pamina-business.com\/de\/#\/schema\/person\/9ab02536dbdbc5e3ef40bbc3452c8c69\",\"name\":\"Monique STUTZMANN\",\"image\":{\"@type\":\"ImageObject\",\"inLanguage\":\"de\",\"@id\":\"http:\/\/www.pamina-business.com\/de\/#\/schema\/person\/image\/\",\"url\":\"https:\/\/secure.gravatar.com\/avatar\/cc1c3adf9a9f6e969d3da7b6b34ec66f5f4a6844dfc9145380a75e42cd91882e?s=96&d=mm&r=g\",\"contentUrl\":\"https:\/\/secure.gravatar.com\/avatar\/cc1c3adf9a9f6e969d3da7b6b34ec66f5f4a6844dfc9145380a75e42cd91882e?s=96&d=mm&r=g\",\"caption\":\"Monique STUTZMANN\"},\"url\":\"http:\/\/www.pamina-business.com\/de\/author\/monique\/\"}]}<\/script>\n<!-- \/ Yoast SEO plugin. -->","yoast_head_json":{"title":"L'EURODISTRICT PAMINA devient un groupement europ\u00e9en. - PAMINA Business Club","robots":{"index":"index","follow":"follow","max-snippet":"max-snippet:-1","max-image-preview":"max-image-preview:large","max-video-preview":"max-video-preview:-1"},"canonical":"http:\/\/www.pamina-business.com\/leurodistrict-pamina-devient-un-groupement-europeen\/","og_locale":"de_DE","og_type":"article","og_title":"L'EURODISTRICT PAMINA devient un groupement europ\u00e9en. - PAMINA Business Club","og_description":"L\u2018Eurodistrict PAMINA en passe de devenir un groupement europ\u00e9en (GECT) Sous la pr\u00e9sidence de Fritz Brechtel, Landrat de Germersheim, le Conseil de l\u2019Eurodistrict PAMINA a approuv\u00e9, lors de sa s\u00e9ance du 2 d\u00e9cembre 2015, la convention et les statuts du futur groupement europ\u00e9en de coop\u00e9ration territoriale (GECT). Les 15 collectivit\u00e9s membres doivent encore formellement approuver [&hellip;]","og_url":"http:\/\/www.pamina-business.com\/leurodistrict-pamina-devient-un-groupement-europeen\/","og_site_name":"PAMINA Business Club","article_published_time":"2015-12-21T08:19:42+00:00","article_modified_time":"2015-12-15T08:51:58+00:00","og_image":[{"url":"http:\/\/www.pamina-business.com\/wp-content\/uploads\/2015\/12\/groupement-europeen.jpg"}],"author":"Monique STUTZMANN","twitter_card":"summary_large_image","twitter_misc":{"Verfasst von":"Monique STUTZMANN","Gesch\u00e4tzte Lesezeit":"2\u00a0Minuten"},"schema":{"@context":"https:\/\/schema.org","@graph":[{"@type":"WebPage","@id":"http:\/\/www.pamina-business.com\/leurodistrict-pamina-devient-un-groupement-europeen\/","url":"http:\/\/www.pamina-business.com\/leurodistrict-pamina-devient-un-groupement-europeen\/","name":"L'EURODISTRICT PAMINA devient un groupement europ\u00e9en. - PAMINA Business Club","isPartOf":{"@id":"http:\/\/www.pamina-business.com\/de\/#website"},"primaryImageOfPage":{"@id":"http:\/\/www.pamina-business.com\/leurodistrict-pamina-devient-un-groupement-europeen\/#primaryimage"},"image":{"@id":"http:\/\/www.pamina-business.com\/leurodistrict-pamina-devient-un-groupement-europeen\/#primaryimage"},"thumbnailUrl":"http:\/\/www.pamina-business.com\/wp-content\/uploads\/2015\/12\/groupement-europeen.jpg","datePublished":"2015-12-21T08:19:42+00:00","dateModified":"2015-12-15T08:51:58+00:00","author":{"@id":"http:\/\/www.pamina-business.com\/de\/#\/schema\/person\/9ab02536dbdbc5e3ef40bbc3452c8c69"},"breadcrumb":{"@id":"http:\/\/www.pamina-business.com\/leurodistrict-pamina-devient-un-groupement-europeen\/#breadcrumb"},"inLanguage":"de","potentialAction":[{"@type":"ReadAction","target":["http:\/\/www.pamina-business.com\/leurodistrict-pamina-devient-un-groupement-europeen\/"]}]},{"@type":"ImageObject","inLanguage":"de","@id":"http:\/\/www.pamina-business.com\/leurodistrict-pamina-devient-un-groupement-europeen\/#primaryimage","url":"http:\/\/www.pamina-business.com\/wp-content\/uploads\/2015\/12\/groupement-europeen.jpg","contentUrl":"http:\/\/www.pamina-business.com\/wp-content\/uploads\/2015\/12\/groupement-europeen.jpg"},{"@type":"BreadcrumbList","@id":"http:\/\/www.pamina-business.com\/leurodistrict-pamina-devient-un-groupement-europeen\/#breadcrumb","itemListElement":[{"@type":"ListItem","position":1,"name":"Accueil","item":"http:\/\/www.pamina-business.com\/de\/"},{"@type":"ListItem","position":2,"name":"L&rsquo;EURODISTRICT PAMINA devient un groupement europ\u00e9en."}]},{"@type":"WebSite","@id":"http:\/\/www.pamina-business.com\/de\/#website","url":"http:\/\/www.pamina-business.com\/de\/","name":"PAMINA Business Club","description":"Un site utilisant WordPress","potentialAction":[{"@type":"SearchAction","target":{"@type":"EntryPoint","urlTemplate":"http:\/\/www.pamina-business.com\/de\/?s={search_term_string}"},"query-input":{"@type":"PropertyValueSpecification","valueRequired":true,"valueName":"search_term_string"}}],"inLanguage":"de"},{"@type":"Person","@id":"http:\/\/www.pamina-business.com\/de\/#\/schema\/person\/9ab02536dbdbc5e3ef40bbc3452c8c69","name":"Monique STUTZMANN","image":{"@type":"ImageObject","inLanguage":"de","@id":"http:\/\/www.pamina-business.com\/de\/#\/schema\/person\/image\/","url":"https:\/\/secure.gravatar.com\/avatar\/cc1c3adf9a9f6e969d3da7b6b34ec66f5f4a6844dfc9145380a75e42cd91882e?s=96&d=mm&r=g","contentUrl":"https:\/\/secure.gravatar.com\/avatar\/cc1c3adf9a9f6e969d3da7b6b34ec66f5f4a6844dfc9145380a75e42cd91882e?s=96&d=mm&r=g","caption":"Monique STUTZMANN"},"url":"http:\/\/www.pamina-business.com\/de\/author\/monique\/"}]}},"_links":{"self":[{"href":"http:\/\/www.pamina-business.com\/de\/wp-json\/wp\/v2\/posts\/1213","targetHints":{"allow":["GET"]}}],"collection":[{"href":"http:\/\/www.pamina-business.com\/de\/wp-json\/wp\/v2\/posts"}],"about":[{"href":"http:\/\/www.pamina-business.com\/de\/wp-json\/wp\/v2\/types\/post"}],"author":[{"embeddable":true,"href":"http:\/\/www.pamina-business.com\/de\/wp-json\/wp\/v2\/users\/3"}],"replies":[{"embeddable":true,"href":"http:\/\/www.pamina-business.com\/de\/wp-json\/wp\/v2\/comments?post=1213"}],"version-history":[{"count":2,"href":"http:\/\/www.pamina-business.com\/de\/wp-json\/wp\/v2\/posts\/1213\/revisions"}],"predecessor-version":[{"id":1228,"href":"http:\/\/www.pamina-business.com\/de\/wp-json\/wp\/v2\/posts\/1213\/revisions\/1228"}],"wp:attachment":[{"href":"http:\/\/www.pamina-business.com\/de\/wp-json\/wp\/v2\/media?parent=1213"}],"wp:term":[{"taxonomy":"category","embeddable":true,"href":"http:\/\/www.pamina-business.com\/de\/wp-json\/wp\/v2\/categories?post=1213"},{"taxonomy":"post_tag","embeddable":true,"href":"http:\/\/www.pamina-business.com\/de\/wp-json\/wp\/v2\/tags?post=1213"}],"curies":[{"name":"wp","href":"https:\/\/api.w.org\/{rel}","templated":true}]}}